{"id":2559,"date":"2022-09-13T12:46:31","date_gmt":"2022-09-13T10:46:31","guid":{"rendered":"https:\/\/afea.fr\/news\/cfp\/cfp-congres-eaclals-imagining-environmental-justice-in-the-postcolonial-world-sorbonne-nouvelle-6-10-juin-2023\/2559\/"},"modified":"2022-09-13T12:46:31","modified_gmt":"2022-09-13T10:46:31","slug":"cfp-congres-eaclals-imagining-environmental-justice-in-the-postcolonial-world-sorbonne-nouvelle-6-10-juin-2023","status":"publish","type":"post","link":"https:\/\/afea.fr\/news\/cfp\/cfp-congres-eaclals-imagining-environmental-justice-in-the-postcolonial-world-sorbonne-nouvelle-6-10-juin-2023\/2559\/","title":{"rendered":"CFP Congr\u00e8s EACLALS, \u00ab\u00a0Imagining Environmental Justice in the Postcolonial World\u00a0\u00bb, Sorbonne Nouvelle, 6- 10 juin 2023"},"content":{"rendered":"<p>Ch\u00e8res et chers coll\u00e8gues,Vous trouverez ci-dessous l\u2019appel \u00e0 communications du prochain congr\u00e8s EACLALS (European Association for Commonwealth Literature and Language Studies), qui se tiendra du 6 au 10 juin 2023 \u00e0 la Sorbonne Nouvelle sur le th\u00e8me \u00ab Imagining Environmental Justice in the Postcolonial World \u00bb. Vous pouvez retrouver l\u2019information sur la page suivante: <a href=\"http:\/\/www.univ-paris3.fr\/eaclals-2023-imagining-environmental-justice-in-a-postcolonial-world-746756.kjsp?RH=ACCUEIL\">http:\/\/www.univ-paris3.fr\/eaclals-2023-imagining-environmental-justice-in-a-postcolonial-world-746756.kjsp?RH=ACCUEIL<\/a><br \/>\nEn vous souhaitant une bonne rentr\u00e9e, tr\u00e8s cordialement,<br \/>\nChristine Lorre-Johnston<\/p>\n<p><strong>EACLALS Triennial Conference 2023: 6-10 June 2023, Sorbonne Nouvelle University<\/strong><\/p>\n<p><strong>\u201cImagining Environmental Justice in a Postcolonial World\u201d<\/strong><\/p>\n<p><strong>CALL FOR PAPERS<\/strong><\/p>\n<p><strong>For the 2023 conference of EACLALS (European Association for Commonwealth Literature and Language Studies), we invite delegates to:<\/strong><\/p>\n<p>\u00b7 bring postcolonial literatures and arts into conversation with environmentalism;<\/p>\n<p>\u00b7 investigate the power of narratives in all literary genres, as well as images and artistic performances, to evoke environmental injustice; and<\/p>\n<p>\u00b7 explore the breadth of what environmental justice may mean in postcolonial contexts.<\/p>\n<p>We invite contributions for 20-minute papers or 90-minute panels addressing the conference topic. Please send a 300-word abstract for individual papers or 450-word abstract for panels, accompanied by a short biographical note on all speakers (100-150 words) and 5-6 keywords to EACLALS2023 by 15 October 2022.<\/p>\n<p><strong>Confirmed keynote speakers:<\/strong><\/p>\n<p>Amanda Boetzkes (University of Guelph, Canada)<\/p>\n<p>Elizabeth DeLoughrey (University of California, Los Angeles, US)<\/p>\n<p>Graham Huggan (University of Leeds, UK)<\/p>\n<p>Imre Szeman (University of Waterloo, Canada)<\/p>\n<p>The global ecological and climate crisis is strongly linked to modernity and its history of imperialism, colonisation, capitalism, and exploitation of resources. Postcolonial literatures foreground these connections: key texts include Nadine Gordimer\u2019s <em>The Conservationist<\/em> (1974), Judith Wright\u2019s \u201cFor a Pastoral Family\u201d (1985), Patricia Grace\u2019s <em>Potiki<\/em> (1986), Thomas King\u2019s <em>Green Grass, Running Water<\/em> (1999), Amitav Ghosh\u2019s <em>The Hungry Tide<\/em> (2005), Alexis Wright\u2019s <em>Carpentaria <\/em>(2006), Helon Habila\u2019s <em>Oil on Water<\/em> (2011), Kathy Jet\u00f1il-Kijiner\u2019s \u201cTell Them\u201d (2012), Uzma Aslam Khan\u2019s <em>Thinner than Skin<\/em> (2012), and Imbolo Mbue\u2019s <em>How Beautiful We Were<\/em> (2021). These powerful stories reveal the colonial origins of ecological devastation and its dramatic consequences for the Global South. These texts have also prompted new theoretical concepts such as the \u201cslow violence\u201d of delayed destruction (Nixon 2013) and the \u201cplantationocene\u201d (Haraway 2015).<\/p>\n<p>After a turn to ecocriticism developed in the anglophone world in the 1980s, with influential voices coming out of the Americas, a fruitful dialogue in the mid-2000s between the fields of postcolonialism and environmentalism (Huggan 2004, Nixon 2005) gave rise to postcolonial ecocriticism and its distinctive approach to environmental questions.<\/p>\n<p>Postcolonial ecocriticism tends to focus on social ecology and its tensions, and considers nature in the contexts of human uses, built environments and degraded landscapes. Postcolonial ecocriticism sheds light on the links between colonisation and contemporary social, economic, and environmental issues. It pays heed to ways in which human exploitation transforms ecosystems, limits access to natural resources, and generates pollution and other hazards. It is wary of nostalgia for a pure landscape standing outside history, and conscious of the difficulty of representing the nonhuman environment (Cilano and DeLoughrey 2007).<\/p>\n<p>To make these links between colonisation and environmental issues, postcolonial ecocriticism redirects customary postcolonial questionings by triangulating them with the relations between the human and the nonhuman. In doing so, it often favours a materialist approach, attempting to make sense of environmental issues by drawing on climate science, environmental law, geography, and other sciences, which it sometimes challenges. It is also aware of the local specificities of ecological issues linked to colonial history, while acknowledging their global context. As awareness spreads of the need to share the earth\u2019s resources sustainably and fairly, shifting perceptions of the environment are changing people\u2019s sense of responsibility and accountability, individual and collective. In this context, postcolonial ecocriticism reflects on better ways of inhabiting the world and promoting environmental justice.<\/p>\n<p>In one of its best-known early formulations, environmental justice was what grassroots activists in the United States in the 1980s demanded in answer to the environmental injustice and racism that forces disadvantaged, vulnerable, racialised populations to bear the brunt of environmental degradation and pollution (Holifield, Chakraborty and Walker, 2018). Use of the notion of environmental justice then spread beyond the United States, in particular through the action of Indigenous peoples and the development of ideas related to social ecology, such as the \u201cenvironmentalism of the poor\u201d (Mart\u00ednez-Alier 2002), social justice, and climate justice.<\/p>\n<p><strong>Topics and approaches can include, but are not limited to:<\/strong><\/p>\n<p>&#8211; eco-injustice and race \/ ethnicity<\/p>\n<p>&#8211; eco-injustice and indigeneity<\/p>\n<p>&#8211; eco-injustice and poverty \/ marginality<\/p>\n<p>&#8211; environmental justice discourse and literary genre<\/p>\n<p>&#8211; the language of environmental justice discourse<\/p>\n<p>&#8211; the rhetoric of \u201ctoxic discourse\u201d \/ \u201ctoxic politics\u201d<\/p>\n<p>&#8211; environmental justice, monolingualism, and translation issues<\/p>\n<p>&#8211; environmental justice in relation to local and global contexts<\/p>\n<p>&#8211; environmental justice in comparative context<\/p>\n<p>&#8211; environmental justice and:<\/p>\n<p>aesthetics<\/p>\n<p>affect<\/p>\n<p>artistic activism (\u201carctivism\u201d)<\/p>\n<p>capitalism<\/p>\n<p>climate justice<\/p>\n<p>conservation \/ discourses of purity \/ \u201cpostcolonial pastoral\u201d<\/p>\n<p>decoloniality<\/p>\n<p>ecofeminism<\/p>\n<p>human rights<\/p>\n<p>interdisciplinarity<\/p>\n<p>intersectionality<\/p>\n<p>materialist approaches<\/p>\n<p>multispecies justice<\/p>\n<p>nature protection<\/p>\n<p>neocolonialism \/ \u201ctoxic imperialism\u201d<\/p>\n<p>pedagogy<\/p>\n<p>petrocultures<\/p>\n<p>science<\/p>\n<p>the nonhuman<\/p>\n<p>the writer activist<\/p>\n<p>tourism<\/p>\n<p>transnationalism<\/p>\n<p>Organising committee: Aline Berg\u00e9 (Sorbonne Nouvelle), Kathie Birat (U. of Lorraine), Jaine Chemmachery (Sorbonne U.), C\u00e9dric Courtois (U. of Lille), Xavier Garnier (Sorbonne Nouvelle), Fiona McCann (U. of Lille), Marie Mianowski (U. Grenoble Alpes), Claire Omhov\u00e8re (U. Paul Val\u00e9ry \u2013 Montpellier), Alexandra Poulain (Sorbonne Nouvelle), Sandrine Soukai (U. Gustave Eiffel), and Kerry-Jane Wallart (U. of Orl\u00e9ans).<\/p>\n<p>For more information, please contact Christine Lorre-Johnston (Sorbonne Nouvelle, convener) at: EACLALS2023<\/p>\n","protected":false},"excerpt":{"rendered":"<p>Ch\u00e8res et chers coll\u00e8gues,Vous trouverez ci-dessous l\u2019appel \u00e0 communications du prochain congr\u00e8s EACLALS (European Association for Commonwealth Literature and Language [&hellip;]<\/p>\n","protected":false},"author":1,"featured_media":0,"comment_status":"","ping_status":"open","sticky":false,"template":"","format":"standard","meta":{"_uag_custom_page_level_css":"","site-sidebar-layout":"default","site-content-layout":"","ast-site-content-layout":"default","site-content-style":"default","site-sidebar-style":"default","ast-global-header-display":"","ast-banner-title-visibility":"","ast-main-header-display":"","ast-hfb-above-header-display":"","ast-hfb-below-header-display":"","ast-hfb-mobile-header-display":"","site-post-title":"","ast-breadcrumbs-content":"","ast-featured-img":"","footer-sml-layout":"","ast-disable-related-posts":"","theme-transparent-header-meta":"","adv-header-id-meta":"","stick-header-meta":"","header-above-stick-meta":"","header-main-stick-meta":"","header-below-stick-meta":"","astra-migrate-meta-layouts":"default","ast-page-background-enabled":"default","ast-page-background-meta":{"desktop":{"background-color":"var(--ast-global-color-5)","background-image":"","background-repeat":"repeat","background-position":"center center","background-size":"auto","background-attachment":"scroll","background-type":"","background-media":"","overlay-type":"","overlay-color":"","overlay-opacity":"","overlay-gradient":""},"tablet":{"background-color":"","background-image":"","background-repeat":"repeat","background-position":"center center","background-size":"auto","background-attachment":"scroll","background-type":"","background-media":"","overlay-type":"","overlay-color":"","overlay-opacity":"","overlay-gradient":""},"mobile":{"background-color":"","background-image":"","background-repeat":"repeat","background-position":"center center","background-size":"auto","background-attachment":"scroll","background-type":"","background-media":"","overlay-type":"","overlay-color":"","overlay-opacity":"","overlay-gradient":""}},"ast-content-background-meta":{"desktop":{"background-color":"var(--ast-global-color-4)","background-image":"","background-repeat":"repeat","background-position":"center center","background-size":"auto","background-attachment":"scroll","background-type":"","background-media":"","overlay-type":"","overlay-color":"","overlay-opacity":"","overlay-gradient":""},"tablet":{"background-color":"var(--ast-global-color-4)","background-image":"","background-repeat":"repeat","background-position":"center center","background-size":"auto","background-attachment":"scroll","background-type":"","background-media":"","overlay-type":"","overlay-color":"","overlay-opacity":"","overlay-gradient":""},"mobile":{"background-color":"var(--ast-global-color-4)","background-image":"","background-repeat":"repeat","background-position":"center center","background-size":"auto","background-attachment":"scroll","background-type":"","background-media":"","overlay-type":"","overlay-color":"","overlay-opacity":"","overlay-gradient":""}},"_jetpack_memberships_contains_paid_content":false,"footnotes":""},"categories":[99],"tags":[854,853],"class_list":["post-2559","post","type-post","status-publish","format-standard","hentry","category-cfp","tag-environmental-justice","tag-postcolonial-world"],"jetpack_featured_media_url":"","uagb_featured_image_src":{"full":false,"thumbnail":false,"medium":false,"medium_large":false,"large":false,"1536x1536":false,"2048x2048":false},"uagb_author_info":{"display_name":"Admin","author_link":"https:\/\/afea.fr\/news\/author\/yanb\/"},"uagb_comment_info":0,"uagb_excerpt":"Ch\u00e8res et chers coll\u00e8gues,Vous trouverez ci-dessous l\u2019appel \u00e0 communications du prochain congr\u00e8s EACLALS (European Association for Commonwealth Literature and Language [&hellip;]","jetpack_sharing_enabled":true,"_links":{"self":[{"href":"https:\/\/afea.fr\/news\/wp-json\/wp\/v2\/posts\/2559"}],"collection":[{"href":"https:\/\/afea.fr\/news\/wp-json\/wp\/v2\/posts"}],"about":[{"href":"https:\/\/afea.fr\/news\/wp-json\/wp\/v2\/types\/post"}],"author":[{"embeddable":true,"href":"https:\/\/afea.fr\/news\/wp-json\/wp\/v2\/users\/1"}],"replies":[{"embeddable":true,"href":"https:\/\/afea.fr\/news\/wp-json\/wp\/v2\/comments?post=2559"}],"version-history":[{"count":0,"href":"https:\/\/afea.fr\/news\/wp-json\/wp\/v2\/posts\/2559\/revisions"}],"wp:attachment":[{"href":"https:\/\/afea.fr\/news\/wp-json\/wp\/v2\/media?parent=2559"}],"wp:term":[{"taxonomy":"category","embeddable":true,"href":"https:\/\/afea.fr\/news\/wp-json\/wp\/v2\/categories?post=2559"},{"taxonomy":"post_tag","embeddable":true,"href":"https:\/\/afea.fr\/news\/wp-json\/wp\/v2\/tags?post=2559"}],"curies":[{"name":"wp","href":"https:\/\/api.w.org\/{rel}","templated":true}]}}