{"id":2511,"date":"2022-09-05T11:10:44","date_gmt":"2022-09-05T09:10:44","guid":{"rendered":"https:\/\/afea.fr\/news\/caret-color-rgb0\/cfp-the-travellers-body-in-the-literature-civilization-and-arts-of-the-english-speaking-world-ex-tended-deadline\/2511\/"},"modified":"2022-09-05T11:11:23","modified_gmt":"2022-09-05T09:11:23","slug":"cfp-the-travellers-body-in-the-literature-civilization-and-arts-of-the-english-speaking-world-ex-tended-deadline","status":"publish","type":"post","link":"https:\/\/afea.fr\/news\/cfp\/cfp-the-travellers-body-in-the-literature-civilization-and-arts-of-the-english-speaking-world-ex-tended-deadline\/2511\/","title":{"rendered":"CFP \u00a0\u00bb The traveller\u2019s body in the literature, civilization and arts of the english-speaking world \u00ab\u00a0&#8211; ex tended deadline"},"content":{"rendered":"<p>Ch\u00e8res et chers coll\u00e8gues,<br \/>\nUn colloque se tiendra \u00e0 l\u2019Universit\u00e9 de Pau et des Pays de l\u2019Adour les 12 et 13 octobre 2023 sur le th\u00e8me \u00ab\u00a0The Traveller&rsquo;s Body in the Literature, Civilization and Arts of the English-Speaking World\u00a0\u00bb. Nous vous remercions d\u2019avance pour l\u2019attention que vous porterez \u00e0 cet appel que vous pouvez consulter sur le lien suivant: <a href=\"https:\/\/alter.univ-pau.fr\/fr\/activites-scientifiques\/manifestations-scientifiques\/colloques\/colloque-le-corps-du-voyageur-dans-la-litterature-la-civilisation-et-les-arts-du-monde-anglophone.html\">https:\/\/alter.univ-pau.fr\/fr\/activites-scientifiques\/manifestations-scientifiques\/colloques\/colloque-le-corps-du-voyageur-dans-la-litterature-la-civilisation-et-les-arts-du-monde-anglophone.html<\/a>La date limite de soumission des propositions a \u00e9t\u00e9 d\u00e9cal\u00e9e au <strong>20 septembre 2022<\/strong>.<br \/>\nNous vous souhaitons une bonne rentr\u00e9e,<\/p>\n<p>Bien cordialement,<\/p>\n<p>Fabienne Gaspari MCF HDR Etudes anglophones<br \/>\nFran\u00e7oise Buisson MCF Etudes anglophones<br \/>\nLaboratoire ALTER<br \/>\nColl\u00e8ge Sciences Sociales et Humanit\u00e9s<br \/>\nUniversit\u00e9 de Pau et des Pays de l\u2019Adour<\/p>\n","protected":false},"excerpt":{"rendered":"<p>Ch\u00e8res et chers coll\u00e8gues, Un colloque se tiendra \u00e0 l\u2019Universit\u00e9 de Pau et des Pays de l\u2019Adour les 12 et [&hellip;]<\/p>\n","protected":false},"author":1,"featured_media":0,"comment_status":"closed","ping_status":"open","sticky":false,"template":"","format":"standard","meta":{"_uag_custom_page_level_css":"","site-sidebar-layout":"default","site-content-layout":"","ast-site-content-layout":"default","site-content-style":"default","site-sidebar-style":"default","ast-global-header-display":"","ast-banner-title-visibility":"","ast-main-header-display":"","ast-hfb-above-header-display":"","ast-hfb-below-header-display":"","ast-hfb-mobile-header-display":"","site-post-title":"","ast-breadcrumbs-content":"","ast-featured-img":"","footer-sml-layout":"","ast-disable-related-posts":"","theme-transparent-header-meta":"","adv-header-id-meta":"","stick-header-meta":"","header-above-stick-meta":"","header-main-stick-meta":"","header-below-stick-meta":"","astra-migrate-meta-layouts":"default","ast-page-background-enabled":"default","ast-page-background-meta":{"desktop":{"background-color":"var(--ast-global-color-5)","background-image":"","background-repeat":"repeat","background-position":"center center","background-size":"auto","background-attachment":"scroll","background-type":"","background-media":"","overlay-type":"","overlay-color":"","overlay-opacity":"","overlay-gradient":""},"tablet":{"background-color":"","background-image":"","background-repeat":"repeat","background-position":"center center","background-size":"auto","background-attachment":"scroll","background-type":"","background-media":"","overlay-type":"","overlay-color":"","overlay-opacity":"","overlay-gradient":""},"mobile":{"background-color":"","background-image":"","background-repeat":"repeat","background-position":"center center","background-size":"auto","background-attachment":"scroll","background-type":"","background-media":"","overlay-type":"","overlay-color":"","overlay-opacity":"","overlay-gradient":""}},"ast-content-background-meta":{"desktop":{"background-color":"var(--ast-global-color-4)","background-image":"","background-repeat":"repeat","background-position":"center center","background-size":"auto","background-attachment":"scroll","background-type":"","background-media":"","overlay-type":"","overlay-color":"","overlay-opacity":"","overlay-gradient":""},"tablet":{"background-color":"var(--ast-global-color-4)","background-image":"","background-repeat":"repeat","background-position":"center center","background-size":"auto","background-attachment":"scroll","background-type":"","background-media":"","overlay-type":"","overlay-color":"","overlay-opacity":"","overlay-gradient":""},"mobile":{"background-color":"var(--ast-global-color-4)","background-image":"","background-repeat":"repeat","background-position":"center center","background-size":"auto","background-attachment":"scroll","background-type":"","background-media":"","overlay-type":"","overlay-color":"","overlay-opacity":"","overlay-gradient":""}},"_jetpack_memberships_contains_paid_content":false,"footnotes":""},"categories":[99],"tags":[215,824,248,823],"class_list":["post-2511","post","type-post","status-publish","format-standard","hentry","category-cfp","tag-art","tag-civilization","tag-literature","tag-traveling-bodies"],"jetpack_featured_media_url":"","uagb_featured_image_src":{"full":false,"thumbnail":false,"medium":false,"medium_large":false,"large":false,"1536x1536":false,"2048x2048":false},"uagb_author_info":{"display_name":"Admin","author_link":"https:\/\/afea.fr\/news\/author\/yanb\/"},"uagb_comment_info":0,"uagb_excerpt":"Ch\u00e8res et chers coll\u00e8gues, Un colloque se tiendra \u00e0 l\u2019Universit\u00e9 de Pau et des Pays de l\u2019Adour les 12 et [&hellip;]","jetpack_sharing_enabled":true,"_links":{"self":[{"href":"https:\/\/afea.fr\/news\/wp-json\/wp\/v2\/posts\/2511"}],"collection":[{"href":"https:\/\/afea.fr\/news\/wp-json\/wp\/v2\/posts"}],"about":[{"href":"https:\/\/afea.fr\/news\/wp-json\/wp\/v2\/types\/post"}],"author":[{"embeddable":true,"href":"https:\/\/afea.fr\/news\/wp-json\/wp\/v2\/users\/1"}],"replies":[{"embeddable":true,"href":"https:\/\/afea.fr\/news\/wp-json\/wp\/v2\/comments?post=2511"}],"version-history":[{"count":1,"href":"https:\/\/afea.fr\/news\/wp-json\/wp\/v2\/posts\/2511\/revisions"}],"predecessor-version":[{"id":2512,"href":"https:\/\/afea.fr\/news\/wp-json\/wp\/v2\/posts\/2511\/revisions\/2512"}],"wp:attachment":[{"href":"https:\/\/afea.fr\/news\/wp-json\/wp\/v2\/media?parent=2511"}],"wp:term":[{"taxonomy":"category","embeddable":true,"href":"https:\/\/afea.fr\/news\/wp-json\/wp\/v2\/categories?post=2511"},{"taxonomy":"post_tag","embeddable":true,"href":"https:\/\/afea.fr\/news\/wp-json\/wp\/v2\/tags?post=2511"}],"curies":[{"name":"wp","href":"https:\/\/api.w.org\/{rel}","templated":true}]}}