{"id":2468,"date":"2022-07-11T20:53:52","date_gmt":"2022-07-11T18:53:52","guid":{"rendered":"https:\/\/afea.fr\/news\/?p=2468"},"modified":"2022-07-11T20:53:52","modified_gmt":"2022-07-11T18:53:52","slug":"coll-jeunes-chercheurs-etat-des-savoirs-enjeux-et-perspectives-de-la-recherche-sur-la-jeune-amerique-1607-1865","status":"publish","type":"post","link":"https:\/\/afea.fr\/news\/conference-symposium\/coll-jeunes-chercheurs-etat-des-savoirs-enjeux-et-perspectives-de-la-recherche-sur-la-jeune-amerique-1607-1865\/2468\/","title":{"rendered":"COLL Jeunes chercheurs \u00ab\u00a0Etat des savoirs, enjeux, et perspectives de la recherche sur la Jeune Am\u00e9rique,  1607-1865\u00a0\u00bb"},"content":{"rendered":"<p>Ch\u00e8res et chers coll\u00e8gues,<\/p>\n<p>Nous avons le plaisir de vous envoyer en PJ le programme du colloque Jeunes Chercheurs \u00ab\u00a0\u00c9tat des savoirs, enjeux, et perspectives de la recherche sur la Jeune Am\u00e9rique 1607-1865\u00a0\u00bb. Il peut \u00eatre consult\u00e9 \u00e9galement en cliquant sur le lien du site Internet du R\u00e9DEHJA ci-dessous:<\/p>\n<p><a href=\"https:\/\/redehja.hypotheses.org\/1605\">https:\/\/redehja.hypotheses.org\/1605<\/a><\/p>\n<p>Ce colloque aura lieu dans le Grand Salon de la Fondation des \u00c9tats-Unis (Cit\u00e9 internationale universitaire de Paris) les 29 et 30 septembre 2022.<\/p>\n<p>Il est co-organis\u00e9 par :<\/p>\n<p>Claire Bourhis-Mariotti (TRANSCRIT\u2013 Universit\u00e9 Paris 8),<\/p>\n<p>Linda Garbaye (ERIBIA \u2013 Universit\u00e9 de Caen Normandie),<\/p>\n<p>Elodie Peyrol-Kleiber (MIMMOC \u2013 Universit\u00e9 de Poitiers),<\/p>\n<p>avec le soutien du R\u00e9seau pour le D\u00e9veloppement Europ\u00e9en de l\u2019Histoire de la Jeune Am\u00e9rique (R\u00e9DEHJA).<\/p>\n<p>Au plaisir de vous y retrouver nombreux.<\/p>\n<p>Bien cordialement,<br \/>\nClaire Bourhis-Mariotti, Linda Garbaye, et Elodie Peyrol-Kleiber<\/p>\n<p><a href=\"https:\/\/afea.fr\/news\/wp-content\/uploads\/sites\/2\/2022\/07\/COLL-jeunes-chercheurs_programme.pdf\">COLL jeunes chercheurs_programme.pdf<\/a><\/p>\n","protected":false},"excerpt":{"rendered":"<p>Ch\u00e8res et chers coll\u00e8gues, Nous avons le plaisir de vous envoyer en PJ le programme du colloque Jeunes Chercheurs \u00ab\u00a0\u00c9tat [&hellip;]<\/p>\n","protected":false},"author":1,"featured_media":0,"comment_status":"closed","ping_status":"open","sticky":false,"template":"","format":"standard","meta":{"_uag_custom_page_level_css":"","site-sidebar-layout":"default","site-content-layout":"","ast-site-content-layout":"default","site-content-style":"default","site-sidebar-style":"default","ast-global-header-display":"","ast-banner-title-visibility":"","ast-main-header-display":"","ast-hfb-above-header-display":"","ast-hfb-below-header-display":"","ast-hfb-mobile-header-display":"","site-post-title":"","ast-breadcrumbs-content":"","ast-featured-img":"","footer-sml-layout":"","ast-disable-related-posts":"","theme-transparent-header-meta":"","adv-header-id-meta":"","stick-header-meta":"","header-above-stick-meta":"","header-main-stick-meta":"","header-below-stick-meta":"","astra-migrate-meta-layouts":"default","ast-page-background-enabled":"default","ast-page-background-meta":{"desktop":{"background-color":"var(--ast-global-color-5)","background-image":"","background-repeat":"repeat","background-position":"center center","background-size":"auto","background-attachment":"scroll","background-type":"","background-media":"","overlay-type":"","overlay-color":"","overlay-opacity":"","overlay-gradient":""},"tablet":{"background-color":"","background-image":"","background-repeat":"repeat","background-position":"center center","background-size":"auto","background-attachment":"scroll","background-type":"","background-media":"","overlay-type":"","overlay-color":"","overlay-opacity":"","overlay-gradient":""},"mobile":{"background-color":"","background-image":"","background-repeat":"repeat","background-position":"center center","background-size":"auto","background-attachment":"scroll","background-type":"","background-media":"","overlay-type":"","overlay-color":"","overlay-opacity":"","overlay-gradient":""}},"ast-content-background-meta":{"desktop":{"background-color":"var(--ast-global-color-4)","background-image":"","background-repeat":"repeat","background-position":"center center","background-size":"auto","background-attachment":"scroll","background-type":"","background-media":"","overlay-type":"","overlay-color":"","overlay-opacity":"","overlay-gradient":""},"tablet":{"background-color":"var(--ast-global-color-4)","background-image":"","background-repeat":"repeat","background-position":"center center","background-size":"auto","background-attachment":"scroll","background-type":"","background-media":"","overlay-type":"","overlay-color":"","overlay-opacity":"","overlay-gradient":""},"mobile":{"background-color":"var(--ast-global-color-4)","background-image":"","background-repeat":"repeat","background-position":"center center","background-size":"auto","background-attachment":"scroll","background-type":"","background-media":"","overlay-type":"","overlay-color":"","overlay-opacity":"","overlay-gradient":""}},"_jetpack_memberships_contains_paid_content":false,"footnotes":""},"categories":[568],"tags":[795,794],"class_list":["post-2468","post","type-post","status-publish","format-standard","hentry","category-conference-symposium","tag-jeune-amerique","tag-jeunes-chercheurs"],"jetpack_featured_media_url":"","uagb_featured_image_src":{"full":false,"thumbnail":false,"medium":false,"medium_large":false,"large":false,"1536x1536":false,"2048x2048":false},"uagb_author_info":{"display_name":"Admin","author_link":"https:\/\/afea.fr\/news\/author\/yanb\/"},"uagb_comment_info":0,"uagb_excerpt":"Ch\u00e8res et chers coll\u00e8gues, Nous avons le plaisir de vous envoyer en PJ le programme du colloque Jeunes Chercheurs \u00ab\u00a0\u00c9tat [&hellip;]","jetpack_sharing_enabled":true,"_links":{"self":[{"href":"https:\/\/afea.fr\/news\/wp-json\/wp\/v2\/posts\/2468"}],"collection":[{"href":"https:\/\/afea.fr\/news\/wp-json\/wp\/v2\/posts"}],"about":[{"href":"https:\/\/afea.fr\/news\/wp-json\/wp\/v2\/types\/post"}],"author":[{"embeddable":true,"href":"https:\/\/afea.fr\/news\/wp-json\/wp\/v2\/users\/1"}],"replies":[{"embeddable":true,"href":"https:\/\/afea.fr\/news\/wp-json\/wp\/v2\/comments?post=2468"}],"version-history":[{"count":1,"href":"https:\/\/afea.fr\/news\/wp-json\/wp\/v2\/posts\/2468\/revisions"}],"predecessor-version":[{"id":2470,"href":"https:\/\/afea.fr\/news\/wp-json\/wp\/v2\/posts\/2468\/revisions\/2470"}],"wp:attachment":[{"href":"https:\/\/afea.fr\/news\/wp-json\/wp\/v2\/media?parent=2468"}],"wp:term":[{"taxonomy":"category","embeddable":true,"href":"https:\/\/afea.fr\/news\/wp-json\/wp\/v2\/categories?post=2468"},{"taxonomy":"post_tag","embeddable":true,"href":"https:\/\/afea.fr\/news\/wp-json\/wp\/v2\/tags?post=2468"}],"curies":[{"name":"wp","href":"https:\/\/api.w.org\/{rel}","templated":true}]}}