{"id":2437,"date":"2022-07-06T21:38:48","date_gmt":"2022-07-06T19:38:48","guid":{"rendered":"https:\/\/afea.fr\/news\/cfp\/cfp-pratiques-photographiques-institutionnelles-dans-la-production-la-gestion-et-les-usages-des-espaces-publics-universite-paris-cite-9-dec-2022\/2437\/"},"modified":"2022-07-07T10:28:45","modified_gmt":"2022-07-07T08:28:45","slug":"cfp-pratiques-photographiques-institutionnelles-dans-la-production-la-gestion-et-les-usages-des-espaces-publics-universite-paris-cite-9-dec-2022","status":"publish","type":"post","link":"https:\/\/afea.fr\/news\/cfp\/cfp-pratiques-photographiques-institutionnelles-dans-la-production-la-gestion-et-les-usages-des-espaces-publics-universite-paris-cite-9-dec-2022\/2437\/","title":{"rendered":"CFP &#8211; Pratiques photographiques institutionnelles dans la production, la gestion et les usages des espaces publics &#8211; &#8211; Universit\u00e9 Paris Cit\u00e9, 9 dec 2022"},"content":{"rendered":"<p>Ch\u00e8res et chers coll\u00e8gues,<\/p>\n<p>J&rsquo;ai le plaisir de vous faire parvenir l&rsquo;appel \u00e0 communications d&rsquo;une journ\u00e9e d&rsquo;\u00e9tude sur les <strong>\u00ab\u00a0Pratiques photographiques institutionnelles dans la production, la gestion et les usages des espaces publics (19\u00e8me &#8211; 21\u00e8me si\u00e8cle)\u00a0\u00bb<\/strong>, qui se tiendra \u00e0 l&rsquo;Universit\u00e9 Paris Cit\u00e9 le <strong>9 d\u00e9cembre 2022<\/strong>. Le texte du CFP est accessible <a href=\"https:\/\/larca.u-paris.fr\/actualites\/cfp-pratiques-photographiques-institutionnelles-dans-la-production-la-gestion-et-les-usages-des-espaces-publics-xix-xxieme-siecle-journee-detude-a-luniversite-paris-cite-9-de\/\">en cliquant sur ce lien<\/a>.<\/p>\n<p>Les propositions de communication (en anglais ou en fran\u00e7ais), de 400 \u00e0 500 mots, peuvent \u00eatre envoy\u00e9es <strong>jusqu&rsquo;au 20 septembre 2022<\/strong> \u00e0 eliane.de-larminat@u-paris.fr et selma.ahmed-chaouch@etu.u-paris.fr.<\/p>\n<p>Bien cordialement,<br \/>\nEliane de Larminat<\/p>\n","protected":false},"excerpt":{"rendered":"<p>Ch\u00e8res et chers coll\u00e8gues, J&rsquo;ai le plaisir de vous faire parvenir l&rsquo;appel \u00e0 communications d&rsquo;une journ\u00e9e d&rsquo;\u00e9tude sur les \u00ab\u00a0Pratiques [&hellip;]<\/p>\n","protected":false},"author":1,"featured_media":0,"comment_status":"closed","ping_status":"open","sticky":false,"template":"","format":"standard","meta":{"_uag_custom_page_level_css":"","site-sidebar-layout":"default","site-content-layout":"","ast-site-content-layout":"default","site-content-style":"default","site-sidebar-style":"default","ast-global-header-display":"","ast-banner-title-visibility":"","ast-main-header-display":"","ast-hfb-above-header-display":"","ast-hfb-below-header-display":"","ast-hfb-mobile-header-display":"","site-post-title":"","ast-breadcrumbs-content":"","ast-featured-img":"","footer-sml-layout":"","ast-disable-related-posts":"","theme-transparent-header-meta":"","adv-header-id-meta":"","stick-header-meta":"","header-above-stick-meta":"","header-main-stick-meta":"","header-below-stick-meta":"","astra-migrate-meta-layouts":"default","ast-page-background-enabled":"default","ast-page-background-meta":{"desktop":{"background-color":"var(--ast-global-color-5)","background-image":"","background-repeat":"repeat","background-position":"center center","background-size":"auto","background-attachment":"scroll","background-type":"","background-media":"","overlay-type":"","overlay-color":"","overlay-opacity":"","overlay-gradient":""},"tablet":{"background-color":"","background-image":"","background-repeat":"repeat","background-position":"center center","background-size":"auto","background-attachment":"scroll","background-type":"","background-media":"","overlay-type":"","overlay-color":"","overlay-opacity":"","overlay-gradient":""},"mobile":{"background-color":"","background-image":"","background-repeat":"repeat","background-position":"center center","background-size":"auto","background-attachment":"scroll","background-type":"","background-media":"","overlay-type":"","overlay-color":"","overlay-opacity":"","overlay-gradient":""}},"ast-content-background-meta":{"desktop":{"background-color":"var(--ast-global-color-4)","background-image":"","background-repeat":"repeat","background-position":"center center","background-size":"auto","background-attachment":"scroll","background-type":"","background-media":"","overlay-type":"","overlay-color":"","overlay-opacity":"","overlay-gradient":""},"tablet":{"background-color":"var(--ast-global-color-4)","background-image":"","background-repeat":"repeat","background-position":"center center","background-size":"auto","background-attachment":"scroll","background-type":"","background-media":"","overlay-type":"","overlay-color":"","overlay-opacity":"","overlay-gradient":""},"mobile":{"background-color":"var(--ast-global-color-4)","background-image":"","background-repeat":"repeat","background-position":"center center","background-size":"auto","background-attachment":"scroll","background-type":"","background-media":"","overlay-type":"","overlay-color":"","overlay-opacity":"","overlay-gradient":""}},"_jetpack_memberships_contains_paid_content":false,"footnotes":""},"categories":[99],"tags":[417,777,776],"class_list":["post-2437","post","type-post","status-publish","format-standard","hentry","category-cfp","tag-photography","tag-public-spaces","tag-urban-spaces"],"jetpack_featured_media_url":"","uagb_featured_image_src":{"full":false,"thumbnail":false,"medium":false,"medium_large":false,"large":false,"1536x1536":false,"2048x2048":false},"uagb_author_info":{"display_name":"Admin","author_link":"https:\/\/afea.fr\/news\/author\/yanb\/"},"uagb_comment_info":0,"uagb_excerpt":"Ch\u00e8res et chers coll\u00e8gues, J&rsquo;ai le plaisir de vous faire parvenir l&rsquo;appel \u00e0 communications d&rsquo;une journ\u00e9e d&rsquo;\u00e9tude sur les \u00ab\u00a0Pratiques [&hellip;]","jetpack_sharing_enabled":true,"_links":{"self":[{"href":"https:\/\/afea.fr\/news\/wp-json\/wp\/v2\/posts\/2437"}],"collection":[{"href":"https:\/\/afea.fr\/news\/wp-json\/wp\/v2\/posts"}],"about":[{"href":"https:\/\/afea.fr\/news\/wp-json\/wp\/v2\/types\/post"}],"author":[{"embeddable":true,"href":"https:\/\/afea.fr\/news\/wp-json\/wp\/v2\/users\/1"}],"replies":[{"embeddable":true,"href":"https:\/\/afea.fr\/news\/wp-json\/wp\/v2\/comments?post=2437"}],"version-history":[{"count":1,"href":"https:\/\/afea.fr\/news\/wp-json\/wp\/v2\/posts\/2437\/revisions"}],"predecessor-version":[{"id":2452,"href":"https:\/\/afea.fr\/news\/wp-json\/wp\/v2\/posts\/2437\/revisions\/2452"}],"wp:attachment":[{"href":"https:\/\/afea.fr\/news\/wp-json\/wp\/v2\/media?parent=2437"}],"wp:term":[{"taxonomy":"category","embeddable":true,"href":"https:\/\/afea.fr\/news\/wp-json\/wp\/v2\/categories?post=2437"},{"taxonomy":"post_tag","embeddable":true,"href":"https:\/\/afea.fr\/news\/wp-json\/wp\/v2\/tags?post=2437"}],"curies":[{"name":"wp","href":"https:\/\/api.w.org\/{rel}","templated":true}]}}