{"id":2433,"date":"2022-07-06T21:32:06","date_gmt":"2022-07-06T19:32:06","guid":{"rendered":"https:\/\/afea.fr\/news\/cfp\/cfp-penser-les-series-de-la-pandemie\/2433\/"},"modified":"2022-07-07T10:40:21","modified_gmt":"2022-07-07T08:40:21","slug":"cfp-penser-les-series-de-la-pandemie","status":"publish","type":"post","link":"https:\/\/afea.fr\/news\/cfp\/cfp-penser-les-series-de-la-pandemie\/2433\/","title":{"rendered":"CFP. &lsquo;Penser les s\u00e9ries de la pand\u00e9mie&rsquo;"},"content":{"rendered":"<p style=\"font-weight: 400\">SCROLL DOWN FOR ENGLISH VERSION<\/p>\n<p><strong>PENSER LES S<\/strong><strong>\u00c9<\/strong><strong>RIES\u00a0<\/strong><strong>DE LA PAND<\/strong><strong>\u00c9<\/strong><strong>MIE<\/strong><\/p>\n<p>Organisation\u00a0: Ariane Hudelet\u00a0UMR LARCA (Universit\u00e9 Paris Cit\u00e9 \/ CNRS) Projet Emergence IDEX PSP.<\/p>\n<p>Comit\u00e9 scientifique\u00a0: Ariane Hudelet, Benjamin Campion, Anne Cr\u00e9mieux,\u00a0Emmanuelle Delano\u00eb-Brun, Pierre-Olivier Toulza, Dennis Tredy<\/p>\n<p><strong>NB\u00a0:<\/strong> Si le projet vous int\u00e9resse, vous pouvez participer sous <strong>diff\u00e9rentes modalit\u00e9s<\/strong> (participation <strong>l\u00e9g\u00e8re<\/strong> \u00e0 la <strong>base de donn\u00e9es<\/strong> \/ contribution \u00e0 la <strong>r\u00e9flexion collective<\/strong> \/ contribution \u00e0 la <strong>publication<\/strong>)<\/p>\n<p><strong>ARGUMENTAIRE<\/strong><\/p>\n<p>Ce projet entreprendra <strong>d\u2019observer et d\u2019analyser les effets de la crise sanitaire sur la forme s\u00e9rielle<\/strong>, au niveau de la <strong>production<\/strong>, des <strong>repr\u00e9sentations<\/strong>, et de la <strong>r\u00e9ception<\/strong>.<\/p>\n<p>Comme l\u2019ensemble des productions culturelles, les s\u00e9ries ont \u00e9t\u00e9 affect\u00e9es par la crise sanitaire\u00a0: \u00e0 partir de mars 2020, certains <strong>tournages<\/strong> ont \u00e9t\u00e9 arr\u00eat\u00e9s ou retard\u00e9s (comme celui de <em>The Witcher <\/em>ou de <em>Lord of the Rings<\/em>), certains <strong>sc\u00e9narios<\/strong> ont d\u00fb \u00eatre modifi\u00e9s pour enlever des sc\u00e8nes d\u2019intimit\u00e9 ou de combat rapproch\u00e9, et une nouvelle fonction de \u00ab\u00a0r\u00e9f\u00e9rent Covid\u00a0\u00bb a m\u00eame \u00e9t\u00e9 cr\u00e9\u00e9e (Goldberg et Rose). Tandis que les s\u00e9ries \u00e9taient pl\u00e9biscit\u00e9es par des publics confin\u00e9s qui trouvaient en elles une source de r\u00e9confort (Boursier et al.), les sc\u00e9naristes ont \u00e9t\u00e9 contraints de travailler en visioconf\u00e9rence, perdant ainsi l\u2019interaction directe de la <em>writers\u2019 room <\/em>(Abramovitch et Goldberg). En dehors des p\u00e9riodes de confinement, les \u00e9quipes de tournage ont \u00e9galement d\u00fb adapter le travail pour <strong>int\u00e9grer les contraintes des masques et des distances de s\u00e9curit\u00e9<\/strong> (Welk). Les <strong>calendriers<\/strong> de diffusion des cha\u00eenes hertziennes ou c\u00e2bl\u00e9es ainsi que des sites de <em>streaming<\/em> ont \u00e9t\u00e9 boulevers\u00e9s, ces derniers b\u00e9n\u00e9ficiant d\u2019une recrudescence d\u2019audience.<\/p>\n<p>Il s\u2019agira, au fil d\u2019une <strong><u>rencontre Zoom<\/u> <\/strong>et d\u2019une<strong> <u>journ\u00e9e d\u2019\u00e9tude \u00e0 Paris<\/u><\/strong>, de construire une <strong><u>publication collective<\/u><\/strong> sur le sujet (<u>num\u00e9ro de revue<\/u>) pour <strong>inventorier<\/strong> et <strong>analyser<\/strong> <strong>l\u2019impact des mutations du contexte de production sur le contenu et la forme des s\u00e9ries<\/strong>\u00a0: non seulement en mati\u00e8re de <strong>sc\u00e9nario<\/strong>, mais aussi du point de vue du nombre de personnages \u00e0 l\u2019\u00e9cran, de la <strong>mise en sc\u00e8ne<\/strong>, des <strong>mouvements<\/strong>, de <strong>l\u2019espace entre les corps<\/strong>, ainsi que de la pr\u00e9sence des <strong>technologies num\u00e9riques de communication<\/strong> au sein du cadre et de l\u2019intrigue par exemple.<\/p>\n<p>Certaines \u0153uvres ont tr\u00e8s vite int\u00e9gr\u00e9 la crise \u00e0 leur sc\u00e9nario, comme les s\u00e9ries m\u00e9dicales <em>Grey\u2019s Anatomy, The Good Doctor <\/em>ou <em>Hippocrate<\/em>. On y reconna\u00eet des ph\u00e9nom\u00e8nes qui ont affect\u00e9 les soignants au-del\u00e0 des limites nationales (stress, manque de moyens, p\u00e9nurie de masques et de tests, glorification ou stigmatisation des soignants). Certaines sitcoms, elles aussi tr\u00e8s r\u00e9actives, ont rapidement repr\u00e9sent\u00e9 les cons\u00e9quences sociales, professionnelles ou familiales des confinements, comme l\u2019agressivit\u00e9 des clients anti-masques dans <em>Superstore<\/em> par exemple. En France, la pand\u00e9mie devient une toile de fond pour <em>Un Si Grand Soleil<\/em>, tandis que <em>Plus Belle la Vie<\/em> choisit de ne pas l\u2019int\u00e9grer \u00e0 son sc\u00e9nario. La pand\u00e9mie occupe parfois une place centrale dans les saisons r\u00e9alis\u00e9es apr\u00e8s la reprise des tournages (<em>The Good Fight <\/em>S5<em>, The Morning Show <\/em>S2<em>, En Th\u00e9rapie <\/em>S2<em>, This Is Us <\/em>S5).<\/p>\n<p>Nous nous int\u00e9resserons \u00e0 la mani\u00e8re dont les fictions s\u00e9rielles parviennent \u00e0 <strong>mettre en r\u00e9cit<\/strong> et \u00e0 <strong>visualiser<\/strong> <strong>une crise<\/strong> qui, en grande partie, est rest\u00e9e associ\u00e9e \u00e0 des images fragmentaires ou partielles\u00a0: mod\u00e9lisations du virus toujours identiques, courbes abstraites \u2013 on note l\u2019<strong>absence d\u2019images \u00ab\u00a0iconiques\u00a0<\/strong>\u00bb, et une raret\u00e9 de la repr\u00e9sentation notamment dans les m\u00e9dias audiovisuels, des services de r\u00e9animation, des malades ou des morts (Lewis, Ostherr). On s\u2019int\u00e9ressera aussi \u00e0 l\u2019\u00e9volution de la repr\u00e9sentation de la pand\u00e9mie par rapport \u00e0 des \u0153uvres pr\u00e9-2020 qui traitaient de th\u00e9matiques similaires quand celles-ci relevaient encore d\u2019un imaginaire post-apocalyptique ou de science-fiction (<em>24<\/em>, <em>La Valla<\/em>, <em>Epid\u00e9mie, Cordon, Utopia<\/em>).<\/p>\n<p>Il sera enfin important d\u2019interroger <strong>ce que la forme \u00ab\u00a0s\u00e9rie\u00a0\u00bb permet de repr\u00e9senter<\/strong> <strong>par rapport aux films de cin\u00e9ma, aux m\u00e9dias sociaux, aux jeux vid\u00e9o ou \u00e0 la litt\u00e9rature<\/strong>. On interrogera notamment la dimension <strong>d\u2019incertitude<\/strong> qui fonde l\u2019exp\u00e9rience des s\u00e9ries\u00a0: les publics s\u00e9riels sont en effet confront\u00e9s \u00e0 des r\u00e9cits complexes, des intrigues entrecrois\u00e9es dont l\u2019attrait tient autant \u00e0 la dimension famili\u00e8re qu\u2019\u00e0 leur dimension inattendue et d\u00e9stabilisante. Les s\u00e9ries sont des objets par nature <strong>instables<\/strong>, dont la production est susceptible d\u2019\u00eatre interrompue avant la fin \u00e0 cause des al\u00e9as du march\u00e9, ou au contraire de ressurgir des ann\u00e9es apr\u00e8s s\u2019\u00eatre arr\u00eat\u00e9es (comme <em>In Treatment<\/em>, relanc\u00e9e sp\u00e9cifiquement par HBO par souci de continuer \u00e0 tourner en p\u00e9riode de pand\u00e9mie). Les s\u00e9ries nous entra\u00eenent ainsi \u00e0 l\u2019exp\u00e9rience de l\u2019incertitude (Ellis), une incertitude qui est au c\u0153ur de notre exp\u00e9rience de la pand\u00e9mie, et de ses effets.<\/p>\n<p>Les contributions portant sur les <strong>s\u00e9ries du monde entier<\/strong>, au-del\u00e0 des aires europ\u00e9ennes et nord-am\u00e9ricaines, seront bienvenues.<\/p>\n<p><strong>ETAPES DU PROJET<\/strong><\/p>\n<p><strong><u>7 Octobre 2022<\/u><\/strong> : <strong>R\u00e9union pr\u00e9paratoire sur zoom<\/strong> (pr\u00e9paration de la JE \/ \u00e9tablissement du site collaboratif \/ r\u00e9flexion autour de la structuration de la publication). Cet \u00e9change sera l\u2019occasion de nous rencontrer et de <strong>baliser<\/strong> le travail ensemble \u2013 il s\u2019agira notamment de r\u00e9fl\u00e9chir \u00e0 un <strong>outil collaboratif<\/strong> permettant de constituer une <strong>base de donn\u00e9es<\/strong> sur les modalit\u00e9s de repr\u00e9sentation de la crise sanitaire dans les s\u00e9ries, et d\u2019\u00e9laborer la <strong>structuration de la publication finale<\/strong> (num\u00e9ro de revue).<\/p>\n<p><strong><u>6 Janvier 2023<\/u><\/strong>\u00a0: <strong>Journ\u00e9e d\u2019\u00e9tude<\/strong> (Paris \/ hybride). Cette journ\u00e9e permettra d\u2019inviter des coll\u00e8gues internationaux travaillant sur ces questions, ainsi que des sc\u00e9naristes ou r\u00e9alisateurs. Elle sera aussi l\u2019occasion de pr\u00e9senter une premi\u00e8re esquisse des articles et contributions, et de finaliser la structure de la publication.<\/p>\n<p><strong><u>Octobre 2023<\/u><\/strong>\u00a0: remise des articles \/ finalisation du num\u00e9ro, <strong>soumission \u00e0 une revue internationale en ligne.<\/strong> Les contributions sous forme d\u2019essais vid\u00e9o sont bienvenues.<\/p>\n<p><strong>MODALITES DE PARTICIPATION<\/strong><\/p>\n<p>&#8211;\u00a0\u00a0\u00a0\u00a0\u00a0\u00a0 <strong>PARTICIPATION LEGERE<\/strong>\u00a0: Le projet vous int\u00e9resse, vous souhaitez participer \u00e0 la r\u00e9union zoom et \u00e0 l\u2019\u00e9laboration de la base de donn\u00e9es, \u00e0 la journ\u00e9e d\u2019\u00e9tude \u00e9ventuellement, mais vous ne souhaitez <strong>pas, a priori,<\/strong> proposer de communication pour la journ\u00e9e d\u2019\u00e9tude \u2013 <strong>envoyez simplement une notice biographique et signalez votre int\u00e9r\u00eat<\/strong><\/p>\n<p>&#8211;\u00a0\u00a0\u00a0\u00a0\u00a0\u00a0 <strong>PARTICIPATION ACTIVE<\/strong>\u00a0: Vous souhaitez d\u2019ores et d\u00e9j\u00e0 proposer une <strong>contribution pour un article ou un essai vid\u00e9o<\/strong> \u2013 merci d\u2019inclure votre abstract (3000 signes max) ainsi qu\u2019une courte <strong>notice biographique<\/strong>.<\/p>\n<p>Merci d\u2019envoyer vos <strong>propositions<\/strong> par mail<\/p>\n<p>\u00e0 <a href=\"mailto:ariane.hudelet@u-paris.fr\"><strong>ariane.hudelet@u-paris.fr<\/strong><\/a> <strong>avant le 15 septembre<\/strong> 2022.<strong>\u00a0<\/strong><\/p>\n<p><strong>BIBLIOGRAPHIE<\/strong><\/p>\n<p><strong>\u00a0<\/strong><\/p>\n<p>Abrahamovitch, Seth, et Lesley Goldberg. \u201cHow TV\u2019s Writers Rooms Keep Working Amid a Virus Crisis\u201d, <em>The<\/em> <em>Hollywood Reporter, <\/em>19 mars 2020. <a href=\"https:\/\/www.hollywoodreporter.com\/live-feed\/how-tvs-writers-rooms-keep-working-a-virus-crisis-1285259\">https:\/\/www.hollywoodreporter.com\/live-feed\/how-tvs-writers-rooms-keep-working-a-virus-crisis-1285259<\/a><\/p>\n<p>Boursier, Valentina, Alessandro Musetti, Francesca Gioia, Maeva Flayelle, Jo\u00ebl Billieux and Adriano Schimmenti. \u201cIs Watching TV Series an Adaptive Coping Strategy During the Covid-19 Pandemic? Insights From an Italian Community Sample\u201d, <em>Frontiers in Psychiatry<\/em> vol. 21, 21 avril 2021.<\/p>\n<p>Ellis, John<em>. Seeing Things: Television in the Age of Uncertainty<\/em>. London: I.B. Tauris, 2000.<\/p>\n<p>Goldberg, Jeffrey, et Lacey Rose. \u201cTV Writers Wrestle With How (and When) to Work Covid-19 Into Series\u201d, <em>Hollywood Reporter <\/em>5 mai 2020.<\/p>\n<p>Johnson, Derek, ed. <em>From Networks to Netflix<\/em>. <em>A Guide to Changing Channels<\/em>. New York: Routledge, 2018.<\/p>\n<p>Lewis, Helen. \u201cWhere Are the Iconic Covid-19 Images? The Scarcity of Memorable Pandemic Photographs Reveals Something About this Crisis\u201d, <em>The Atlantic <\/em>24 f\u00e9vrier 2021. <a href=\"https:\/\/www.theatlantic.com\/international\/archive\/2021\/02\/where-are-iconic-images-covid-19-pandemic\/618036\/\">https:\/\/www.theatlantic.com\/international\/archive\/2021\/02\/where-are-iconic-images-covid-19-pandemic\/618036\/<\/a><\/p>\n<p>Marya, Radhika. \u201cThe Coronavirus Pandemic is Changing Broadcast and Streaming TV as We Know It\u201d, <em>Fortune <\/em>30 mars 2020.<\/p>\n<p><a href=\"https:\/\/fortune.com\/2020\/03\/30\/coronavirus-pandemic-television-industry-impact-broadcast-streaming\/\">https:\/\/fortune.com\/2020\/03\/30\/coronavirus-pandemic-television-industry-impact-broadcast-streaming\/<\/a><\/p>\n<p>Ostherr, Kirsten. \u201cHow Do We See Covid 19? Visual Iconographies of Racial Contagion\u201d, <em>American Literature <\/em>92.4, D\u00e9cembre 2020.<\/p>\n<p>Soloski, Alexis. \u201cHow the Pandemic is Coming to Prime Time (or Not)\u201d, <em>The New York Times<\/em> 4 f\u00e9vrier 2021. <a href=\"https:\/\/www.nytimes.com\/2021\/02\/04\/arts\/television\/tv-coronavirus-pandemic.html\">https:\/\/www.nytimes.com\/2021\/02\/04\/arts\/television\/tv-coronavirus-pandemic.html<\/a><\/p>\n<p>Welk, Brian. \u201cHollywood Unions Release COVID-19 Safety Guidelines for Film, TV Production\u201d, <em><a href=\"http:\/\/thewrap.com\/\">thewrap.com<\/a><\/em> 12 juin 2020. <a href=\"https:\/\/www.thewrap.com\/hollywood-unions-release-covid-19-safety-guidelines-for-film-and-tv-production\">https:\/\/www.thewrap.com\/hollywood-unions-release-covid-19-safety-guidelines-for-film-and-tv-production<\/a><\/p>\n<p>Yao, Richard. \u201cThe End of TV Monoculture as We Know It\u201d, <em>Medium <\/em>23 mai 2019. <a href=\"https:\/\/medium.com\/ipg-media-lab\/the-end-of-tv-monoculture-as-we-know-it-de9da18949dc\">https:\/\/medium.com\/ipg-media-lab\/the-end-of-tv-monoculture-as-we-know-it-de9da18949dc<\/a><\/p>\n<p><strong>S\u00e9ries cit\u00e9es<\/strong><\/p>\n<p><em>24<\/em>, Fox, 2001-2010 \/ 2014.<\/p>\n<p><em>Cordon, <\/em>VTM, 2014-2016.<\/p>\n<p><em>En Th\u00e9rapie,<\/em> Arte, 2021-.<\/p>\n<p><em>Epid\u00e9mie, <\/em>TVA, 2020.<\/p>\n<p><em>Good Doctor, <\/em>KBS2, 2013.<\/p>\n<p><em>Good Doctor (The), <\/em>ABC, 2017-.<\/p>\n<p><em>Good Fight (The)<\/em>, CBS All Access, 2017-<\/p>\n<p><em>Good Place (The), <\/em>NBC, 2016-2020.<\/p>\n<p><em>Grey\u2019s Anatomy<\/em>, ABC, 2005-.<\/p>\n<p><em>Hippocrate, <\/em>Canal +, 2018-.<\/p>\n<p><em>In Treatment, <\/em>HBO 2008-2010 \/ 2021-.<\/p>\n<p><em>La Valla<\/em>, Antena 3, 2020-.<\/p>\n<p><em>Lord of the Rings<\/em>. Amazon Prime, 2021-.<\/p>\n<p><em>Morning Show (The)<\/em>, Apple TV +, 2019-<\/p>\n<p><em>Mucize Doktor<\/em>, 2019.<\/p>\n<p><em>Plus Belle la vie, <\/em>France 3, 2004-.<\/p>\n<p><em>Social Distance<\/em>, Netflix, 2020.<\/p>\n<p><em>Superstore<\/em>, NBC, 2015-2021.<\/p>\n<p><em>This is Us<\/em>, NBC, 2016-2022.<\/p>\n<p><em>Un Si Grand Soleil, <\/em>France 2, 2018-.<\/p>\n<p><em>Utopia, <\/em>Channel 4, 2013-2014.<\/p>\n<p><em>Witcher (The), <\/em>Netflix, 2019-.<\/p>\n<p><strong>TV SERIES\u00a0<\/strong><strong>IN THE\u00a0<\/strong><strong>PANDEMIC ERA<\/strong><\/p>\n<p>Coordination\u00a0: Ariane Hudelet &#8211;\u00a0UMR LARCA (Universit\u00e9 Paris Cit\u00e9 \/ CNRS) Emergence IDEX Project.<\/p>\n<p>Scientific committee: Ariane Hudelet, Emmanuelle Delano\u00eb-Brun,\u00a0Dennis Tredy, Pierre-Olivier Toulza, Anne Cr\u00e9mieux<\/p>\n<p><strong>NB:<\/strong> If you are interested in the project, you can <strong>participate in different ways<\/strong> (<strong>light<\/strong> contribution to the <strong>database<\/strong> \/ contribution to the <strong>collective reflection<\/strong> \/ <strong>article or video essay<\/strong> for final publication)<\/p>\n<p><strong>PRESENTATION<\/strong><\/p>\n<p>In this project we will observe and analyze the <strong>effects of the Covid pandemic on the serial form<\/strong>, in terms of production, representation, and reception.<\/p>\n<p>Like all cultural products, series have been affected by the health crisis: as of March 2020, some shootings have been <strong>stopped or delayed<\/strong> (such as <em>The Witcher<\/em> or <em>Lord of the Rings<\/em>), and some scripts have had to be modified to remove scenes of intimacy or close combat (Goldberg and Rose). While the lockdown periods favored the consumption of TV series that was sometimes considered as a <strong>coping mechanism<\/strong> for isolated audiences, writers were forced to work via <strong>video conference<\/strong>, losing the direct interaction of the writers\u2019 room (Abramovitch and Goldberg). Outside of the lockdown periods, film crews also had to adapt to incorporate the <strong>constraints of masks and social distancing<\/strong> (Welk). The <strong>broadcast schedules<\/strong> of terrestrial and cable channels, as well as streaming sites, have been disrupted.<\/p>\n<p>Through a <strong><u>zoom meeting<\/u> and a <u>symposium<\/u> in <u>Paris<\/u><\/strong>, we will elaborate a<u> <strong>collective publication<\/strong><\/u> on the subject (<u>journal issue<\/u>) <strong>to map out and analyze the impact of Covid 19 on the content and form of TV series: <\/strong>not only in terms of screenplay, but also as relates to <strong>blocking and mise-en-sc\u00e8ne<\/strong>, or to the <strong>presence of digital communication technologies<\/strong> within the framework and the plot.<\/p>\n<p>Some works have very quickly <strong>integrated the crisis into their scenario<\/strong>, like the medical series <em>Grey&rsquo;s Anatomy<\/em> or <em>The Good Doctor <\/em>or<em> Hippocrate<\/em>. Audiences recognize phenomena that have affected caregivers beyond national boundaries (stress, lack of resources, shortage of masks and tests, glorification or stigmatization of caregivers). Sitcoms were also quick to depict the social, professional or family consequences of lockdowns, such as the aggressiveness of anti-mask customers in <em>Superstore<\/em>. In France, the pandemic becomes a backdrop in <em>Un Si Grand Soleil<\/em>, while <em>Plus Belle la Vie<\/em> chooses not to integrate it into its scripts. The pandemic sometimes appears as a major element of the plot in the seasons that were shot once production resumed (<em>The Good Fight <\/em>S5<em>, The Morning Show <\/em>S2<em>, En Th\u00e9rapie <\/em>S2<em>, This is Us <\/em>S5)<em>.<\/em><\/p>\n<p>We will focus on the ways serial narratives manage to <strong>fictionalize and visualize a crisis<\/strong> which, for the most part, has remained associated with <strong>fragmentary or partial images<\/strong>: representations of the virus are often reduced to abstract curves for instance, and we notice a certain <strong>lack of \u00ab\u00a0iconic\u00a0\u00bb images<\/strong>, particularly in audiovisual media, of ICU, of the sick or the dead (Lewis, Ostherr). We will also be interested in the evolution of the representation of the pandemic in relation to pre-2020 works that dealt with similar themes when they were still part of a post-apocalyptic or science fiction imaginary (<em>24, La Valla, Epidemic, Cordon, Utopia<\/em>).<\/p>\n<p>Finally, it will be important to question the type of representation allowed by <strong>the specific form of the TV series<\/strong>, that sets it apart from cinema, social media, video games or literature. In particular, we will question the dimension of <strong>uncertainty<\/strong> that underlies the experience of series: serial audiences are indeed confronted with complex narratives, interwoven plots whose appeal lies as much in their familiarity as in their unexpected and destabilizing dimension. Series are by nature unstable objects, whose production is likely to be interrupted before the end because of financial constraints, or on the contrary to reappear years after having stopped (like <em>In Treatment<\/em>, which HBO rebooted notably as an attempt to resume production in a pandemic context). The series is thus fundamentally linked to the experience of uncertainty (Ellis), a concept that is also at the heart of our experience of the pandemic.<\/p>\n<p>Contributions on series from <strong>around the world<\/strong>, beyond the European and North American areas, are welcome.<\/p>\n<p><strong>MAIN DATES<\/strong><\/p>\n<p><strong><u>7 October 2022<\/u><\/strong>: the <strong>first meeting (on zoom)<\/strong> will be the occasion to meet and to mark out the work together \u2013 we will notably discuss the collaborative database that will give us an idea of the types of representation of the Covid 19 on screen. \u00a0We will also discuss the structure of the final publication.<\/p>\n<p><strong><u>6 January 2023:<\/u><\/strong> the <strong>(hybrid)<\/strong> <strong>symposium in Paris <\/strong>will allow us to invite international colleagues working on these issues, as well as TV professionals. A roundtable will also allow contributors to briefly present the argument of their article or video essay.<\/p>\n<p><strong><u>Fall 2023<\/u><\/strong><strong>: submission of<\/strong> <strong>articles\/video essays<\/strong>.<\/p>\n<p><strong>TERMS OF PARTICIPATION<\/strong><\/p>\n<p>&#8211; You are interested in the project and you wish to participate in the zoom meeting and in the elaboration of the database <strong>but<\/strong> you <strong>do not wish to propose a written article or video essay<\/strong>: \u00a0just send a <strong>biographical note<\/strong> and <strong>declare your interest.<\/strong><\/p>\n<p>&#8211; You wish to participate in the whole process and propose a <strong>contribution<\/strong> in the form of <strong>an<\/strong> <strong>article or a video essay<\/strong> &#8211; please include an <strong>abstract<\/strong> (3000 characters max) and a <strong>biographical note<\/strong>.<\/p>\n<p>Please send your <strong>proposals<\/strong> by email<\/p>\n<p>to <a href=\"mailto:ariane.hudelet@u-paris.fr\"><strong>ariane.hudelet@u-paris.fr<\/strong><\/a><strong> before September 15, 2022<\/strong>.<\/p>\n<p><strong>\u00a0<\/strong><\/p>\n<p><strong>Works Cited<\/strong><\/p>\n<p>Abrahamovitch, Seth, and Lesley Goldberg. \u201cHow TV\u2019s Writers Rooms Keep Working Amid a Virus Crisis\u201d, <em>Hollywood Reporter, <\/em>March 19, 2020. <a href=\"https:\/\/www.hollywoodreporter.com\/live-feed\/how-tvs-writers-rooms-keep-working-a-virus-crisis-1285259\">https:\/\/www.hollywoodreporter.com\/live-feed\/how-tvs-writers-rooms-keep-working-a-virus-crisis-1285259<\/a><\/p>\n<p>Boursier, Valentina, Alessandro Musetti, Francesca Gioia, Maeva Flayelle, Jo\u00ebl Billieux and Adriano Schimmenti. \u201cIs Watching TV Series an Adaptive Coping Strategy During the Covid-19 Pandemic? Insights From an Italian Community Sample\u201d, <em>Frontiers in Psychiatry<\/em> vol. 21, April 21, 2021.<\/p>\n<p>Ellis, John<em>. Seeing Things: Television in the Age of Uncertainty<\/em>. London: I.B. Tauris, 2000.<\/p>\n<p>Goldberg, Jeffrey, and Lacey Rose. \u201cTV Writers Wrestle With How (and When) to Work Covid-19 Into Series\u201d, <em>Hollywood Reporter <\/em>May 5, 2020.<\/p>\n<p>Johnson, Derek, ed. <em>From Networks to Netflix<\/em>. <em>A Guide to Changing Channels<\/em>. New York: Routledge, 2018.<\/p>\n<p>Lewis, Helen. \u201cWhere Are the Iconic Covid-19 Images? The Scarcity of Memorable Pandemic Photographs Reveals Something About this Crisis\u201d, <em>The Atlantic <\/em>February 24, 2021. <a href=\"https:\/\/www.theatlantic.com\/international\/archive\/2021\/02\/where-are-iconic-images-covid-19-pandemic\/618036\/\">https:\/\/www.theatlantic.com\/international\/archive\/2021\/02\/where-are-iconic-images-covid-19-pandemic\/618036\/<\/a><\/p>\n<p>Marya, Radhika. \u201cThe Coronavirus Pandemic is Changing Broadcast and Streaming TV as We Kow It\u201d, <em>Fortune <\/em>30 March 2020.<\/p>\n<p><a href=\"https:\/\/fortune.com\/2020\/03\/30\/coronavirus-pandemic-television-industry-impact-broadcast-streaming\/\">https:\/\/fortune.com\/2020\/03\/30\/coronavirus-pandemic-television-industry-impact-broadcast-streaming\/<\/a><\/p>\n<p>Ostherr, Kirsten. \u201cHow Do We See Covid 19? Visual Iconographies of Racial Contagion\u201d, <em>American Literature <\/em>92.4, D\u00e9cembre 2020.<\/p>\n<p>Soloski, Alexis. \u201cHow the Pandemic is Coming to Prime Time (or Not)\u201d, <em>New York Times<\/em> February 4, 2021. <a href=\"https:\/\/www.nytimes.com\/2021\/02\/04\/arts\/television\/tv-coronavirus-pandemic.html\">https:\/\/www.nytimes.com\/2021\/02\/04\/arts\/television\/tv-coronavirus-pandemic.html<\/a><\/p>\n<p>Welk, Brian. \u201cHollywood Unions Release COVID-19 Safety Guidelines for Film, TV Production\u201d, <em><a href=\"http:\/\/thewrap.com\/\">thewrap.com<\/a><\/em> June 12, 2020. <a href=\"https:\/\/www.hollywoodreporter.com\/live-feed\/how-tvs-writers-rooms-keep-working-a-virus-crisis-1285259\">https:\/\/www.hollywoodreporter.com\/live-feed\/how-tvs-writers-rooms-keep-working-a-virus-crisis-1285259<\/a><\/p>\n<p>Yao, Richard. \u201cThe End of TV Monoculture as We Know It\u201d, <em>Medium <\/em>May 23, 2019. <a href=\"https:\/\/medium.com\/ipg-media-lab\/the-end-of-tv-monoculture-as-we-know-it-de9da18949dc\">https:\/\/medium.com\/ipg-media-lab\/the-end-of-tv-monoculture-as-we-know-it-de9da18949dc<\/a><\/p>\n<p><em>24<\/em>, Fox, 2001-2010 \/ 2014.<\/p>\n<p><em>Cordon, <\/em>VTM, 2014-2016.<\/p>\n<p><em>En Th\u00e9rapie,<\/em> Arte, 2021-.<\/p>\n<p><em>Epid\u00e9mie, <\/em>TVA, 2020.<\/p>\n<p><em>Good Doctor, <\/em>KBS2, 2013.<\/p>\n<p><em>Good Doctor (The), <\/em>ABC, 2017-.<\/p>\n<p><em>Good Fight (The)<\/em>, CBS All Access, 2017-<\/p>\n<p><em>Good Place (The), <\/em>NBC, 2016-2020.<\/p>\n<p><em>Grey\u2019s Anatomy<\/em>, ABC, 2005-.<\/p>\n<p><em>Hippocrate, <\/em>Canal +, 2018-.<\/p>\n<p><em>In Treatment, <\/em>HBO 2008-2010 \/ 2021-.<\/p>\n<p><em>La Valla<\/em>, Antena 3, 2020-.<\/p>\n<p><em>Lord of the Rings<\/em>. Amazon Prime, 2021-.<\/p>\n<p><em>Morning Show (The)<\/em>, Apple TV +, 2019-<\/p>\n<p><em>Mucize Doktor<\/em>, 2019.<\/p>\n<p><em>Plus Belle la vie, <\/em>France 3, 2004-.<\/p>\n<p><em>Social Distance<\/em>, Netflix, 2020.<\/p>\n<p><em>Superstore<\/em>, NBC, 2015-2021.<\/p>\n<p><em>This is Us<\/em>, NBC, 2016-2022.<\/p>\n<p><em>Un Si Grand Soleil, <\/em>France 2, 2018-.<\/p>\n<p><em>Utopia, <\/em>Channel 4, 2013-2014.<\/p>\n<p><em>Witcher (The), <\/em>Netflix, 2019-.<\/p>\n","protected":false},"excerpt":{"rendered":"<p>SCROLL DOWN FOR ENGLISH VERSION PENSER LES S\u00c9RIES\u00a0DE LA PAND\u00c9MIE Organisation\u00a0: Ariane Hudelet\u00a0UMR LARCA (Universit\u00e9 Paris Cit\u00e9 \/ CNRS) Projet [&hellip;]<\/p>\n","protected":false},"author":1,"featured_media":0,"comment_status":"closed","ping_status":"open","sticky":false,"template":"","format":"standard","meta":{"_uag_custom_page_level_css":"","site-sidebar-layout":"default","site-content-layout":"","ast-site-content-layout":"default","site-content-style":"default","site-sidebar-style":"default","ast-global-header-display":"","ast-banner-title-visibility":"","ast-main-header-display":"","ast-hfb-above-header-display":"","ast-hfb-below-header-display":"","ast-hfb-mobile-header-display":"","site-post-title":"","ast-breadcrumbs-content":"","ast-featured-img":"","footer-sml-layout":"","ast-disable-related-posts":"","theme-transparent-header-meta":"","adv-header-id-meta":"","stick-header-meta":"","header-above-stick-meta":"","header-main-stick-meta":"","header-below-stick-meta":"","astra-migrate-meta-layouts":"default","ast-page-background-enabled":"default","ast-page-background-meta":{"desktop":{"background-color":"var(--ast-global-color-5)","background-image":"","background-repeat":"repeat","background-position":"center center","background-size":"auto","background-attachment":"scroll","background-type":"","background-media":"","overlay-type":"","overlay-color":"","overlay-opacity":"","overlay-gradient":""},"tablet":{"background-color":"","background-image":"","background-repeat":"repeat","background-position":"center center","background-size":"auto","background-attachment":"scroll","background-type":"","background-media":"","overlay-type":"","overlay-color":"","overlay-opacity":"","overlay-gradient":""},"mobile":{"background-color":"","background-image":"","background-repeat":"repeat","background-position":"center center","background-size":"auto","background-attachment":"scroll","background-type":"","background-media":"","overlay-type":"","overlay-color":"","overlay-opacity":"","overlay-gradient":""}},"ast-content-background-meta":{"desktop":{"background-color":"var(--ast-global-color-4)","background-image":"","background-repeat":"repeat","background-position":"center center","background-size":"auto","background-attachment":"scroll","background-type":"","background-media":"","overlay-type":"","overlay-color":"","overlay-opacity":"","overlay-gradient":""},"tablet":{"background-color":"var(--ast-global-color-4)","background-image":"","background-repeat":"repeat","background-position":"center center","background-size":"auto","background-attachment":"scroll","background-type":"","background-media":"","overlay-type":"","overlay-color":"","overlay-opacity":"","overlay-gradient":""},"mobile":{"background-color":"var(--ast-global-color-4)","background-image":"","background-repeat":"repeat","background-position":"center center","background-size":"auto","background-attachment":"scroll","background-type":"","background-media":"","overlay-type":"","overlay-color":"","overlay-opacity":"","overlay-gradient":""}},"_jetpack_memberships_contains_paid_content":false,"footnotes":""},"categories":[99],"tags":[773,760,122],"class_list":["post-2433","post","type-post","status-publish","format-standard","hentry","category-cfp","tag-pandemie","tag-representations","tag-tv-series"],"jetpack_featured_media_url":"","uagb_featured_image_src":{"full":false,"thumbnail":false,"medium":false,"medium_large":false,"large":false,"1536x1536":false,"2048x2048":false},"uagb_author_info":{"display_name":"Admin","author_link":"https:\/\/afea.fr\/news\/author\/yanb\/"},"uagb_comment_info":0,"uagb_excerpt":"SCROLL DOWN FOR ENGLISH VERSION PENSER LES S\u00c9RIES\u00a0DE LA PAND\u00c9MIE Organisation\u00a0: Ariane Hudelet\u00a0UMR LARCA (Universit\u00e9 Paris Cit\u00e9 \/ CNRS) Projet [&hellip;]","jetpack_sharing_enabled":true,"_links":{"self":[{"href":"https:\/\/afea.fr\/news\/wp-json\/wp\/v2\/posts\/2433"}],"collection":[{"href":"https:\/\/afea.fr\/news\/wp-json\/wp\/v2\/posts"}],"about":[{"href":"https:\/\/afea.fr\/news\/wp-json\/wp\/v2\/types\/post"}],"author":[{"embeddable":true,"href":"https:\/\/afea.fr\/news\/wp-json\/wp\/v2\/users\/1"}],"replies":[{"embeddable":true,"href":"https:\/\/afea.fr\/news\/wp-json\/wp\/v2\/comments?post=2433"}],"version-history":[{"count":2,"href":"https:\/\/afea.fr\/news\/wp-json\/wp\/v2\/posts\/2433\/revisions"}],"predecessor-version":[{"id":2455,"href":"https:\/\/afea.fr\/news\/wp-json\/wp\/v2\/posts\/2433\/revisions\/2455"}],"wp:attachment":[{"href":"https:\/\/afea.fr\/news\/wp-json\/wp\/v2\/media?parent=2433"}],"wp:term":[{"taxonomy":"category","embeddable":true,"href":"https:\/\/afea.fr\/news\/wp-json\/wp\/v2\/categories?post=2433"},{"taxonomy":"post_tag","embeddable":true,"href":"https:\/\/afea.fr\/news\/wp-json\/wp\/v2\/tags?post=2433"}],"curies":[{"name":"wp","href":"https:\/\/api.w.org\/{rel}","templated":true}]}}