{"id":2405,"date":"2022-06-30T09:36:31","date_gmt":"2022-06-30T07:36:31","guid":{"rendered":"https:\/\/afea.fr\/news\/conference-symposium\/col-series-tele-par-dela-les-frontieres-cerisy-la-salle-24-30-juillet\/2405\/"},"modified":"2022-06-30T09:36:31","modified_gmt":"2022-06-30T07:36:31","slug":"col-series-tele-par-dela-les-frontieres-cerisy-la-salle-24-30-juillet","status":"publish","type":"post","link":"https:\/\/afea.fr\/news\/conference-symposium\/col-series-tele-par-dela-les-frontieres-cerisy-la-salle-24-30-juillet\/2405\/","title":{"rendered":"COL. \u00ab\u00a0S\u00e9ries t\u00e9l\u00e9 par-del\u00e0 les fronti\u00e8res\u00a0\u00bb, Cerisy-la-Salle, 24-30 juillet"},"content":{"rendered":"<p>Cher.e.s coll\u00e8gues,<\/p>\n<p>Je vous transmets les liens vers le programme et la vid\u00e9o de pr\u00e9sentation du colloque que nous organisons avec Dennis Tredy et Sarah Sepulchre, \u00e0 Cerisy-la-Sallle du 24 au 30 juillet prochain, sur \u00ab S\u00e9ries t\u00e9l\u00e9 par-del\u00e0 les fronti\u00e8res. Approches transnationales et transculturelles \u00bb. La derni\u00e8re demi-journ\u00e9e sera consacr\u00e9e \u00e0 une table ronde avec les sc\u00e9naristes Vincent Poymiro (En Th\u00e9rapie), Vania Leturcq (Pandora) et Sylvie Coquart-Morel (Des Soucis et des hommes, directrice de la fiction RTBF).<\/p>\n<p>Il reste quelques places dans le public!<\/p>\n<p>Notre bande-annonce: <a href=\"https:\/\/www.youtube.com\/watch?v=OSv9nCOis3Y&amp;t=33s\">https:\/\/www.youtube.com\/watch?v=OSv9nCOis3Y&amp;t=33s<\/a><\/p>\n<p>Pr\u00e9sentation: <a href=\"https:\/\/cerisy-colloques.fr\/seriestele2022\/\">https:\/\/cerisy-colloques.fr\/seriestele2022\/<\/a><br \/>\nLe programme : <a href=\"https:\/\/cerisy-colloques.fr\/wp-content\/uploads\/2022\/03\/FlyerSeriesTele-Cerisy2022.pdf\">https:\/\/cerisy-colloques.fr\/wp-content\/uploads\/2022\/03\/FlyerSeriesTele-Cerisy2022.pdf<\/a><\/p>\n<p>Bien cordialement,<\/p>\n<p><strong>Ariane Hudelet, Professeure<\/strong><br \/>\nCultures visuelles, cin\u00e9ma, t\u00e9l\u00e9vision<br \/>\nUFR Etudes anglophones<br \/>\n8 Place Paul Ricoeur 75013 Paris &#8211; France<br \/>\n0157275883<br \/>\n@ArianeHudelet<\/p>\n","protected":false},"excerpt":{"rendered":"<p>Cher.e.s coll\u00e8gues, Je vous transmets les liens vers le programme et la vid\u00e9o de pr\u00e9sentation du colloque que nous organisons [&hellip;]<\/p>\n","protected":false},"author":1,"featured_media":0,"comment_status":"","ping_status":"open","sticky":false,"template":"","format":"standard","meta":{"_uag_custom_page_level_css":"","site-sidebar-layout":"default","site-content-layout":"","ast-site-content-layout":"default","site-content-style":"default","site-sidebar-style":"default","ast-global-header-display":"","ast-banner-title-visibility":"","ast-main-header-display":"","ast-hfb-above-header-display":"","ast-hfb-below-header-display":"","ast-hfb-mobile-header-display":"","site-post-title":"","ast-breadcrumbs-content":"","ast-featured-img":"","footer-sml-layout":"","ast-disable-related-posts":"","theme-transparent-header-meta":"","adv-header-id-meta":"","stick-header-meta":"","header-above-stick-meta":"","header-main-stick-meta":"","header-below-stick-meta":"","astra-migrate-meta-layouts":"default","ast-page-background-enabled":"default","ast-page-background-meta":{"desktop":{"background-color":"var(--ast-global-color-5)","background-image":"","background-repeat":"repeat","background-position":"center center","background-size":"auto","background-attachment":"scroll","background-type":"","background-media":"","overlay-type":"","overlay-color":"","overlay-opacity":"","overlay-gradient":""},"tablet":{"background-color":"","background-image":"","background-repeat":"repeat","background-position":"center center","background-size":"auto","background-attachment":"scroll","background-type":"","background-media":"","overlay-type":"","overlay-color":"","overlay-opacity":"","overlay-gradient":""},"mobile":{"background-color":"","background-image":"","background-repeat":"repeat","background-position":"center center","background-size":"auto","background-attachment":"scroll","background-type":"","background-media":"","overlay-type":"","overlay-color":"","overlay-opacity":"","overlay-gradient":""}},"ast-content-background-meta":{"desktop":{"background-color":"var(--ast-global-color-4)","background-image":"","background-repeat":"repeat","background-position":"center center","background-size":"auto","background-attachment":"scroll","background-type":"","background-media":"","overlay-type":"","overlay-color":"","overlay-opacity":"","overlay-gradient":""},"tablet":{"background-color":"var(--ast-global-color-4)","background-image":"","background-repeat":"repeat","background-position":"center center","background-size":"auto","background-attachment":"scroll","background-type":"","background-media":"","overlay-type":"","overlay-color":"","overlay-opacity":"","overlay-gradient":""},"mobile":{"background-color":"var(--ast-global-color-4)","background-image":"","background-repeat":"repeat","background-position":"center center","background-size":"auto","background-attachment":"scroll","background-type":"","background-media":"","overlay-type":"","overlay-color":"","overlay-opacity":"","overlay-gradient":""}},"_jetpack_memberships_contains_paid_content":false,"footnotes":""},"categories":[568],"tags":[714,376,715],"class_list":["post-2405","post","type-post","status-publish","format-standard","hentry","category-conference-symposium","tag-cerisy","tag-series","tag-transnationalisme"],"jetpack_featured_media_url":"","uagb_featured_image_src":{"full":false,"thumbnail":false,"medium":false,"medium_large":false,"large":false,"1536x1536":false,"2048x2048":false},"uagb_author_info":{"display_name":"Admin","author_link":"https:\/\/afea.fr\/news\/author\/yanb\/"},"uagb_comment_info":0,"uagb_excerpt":"Cher.e.s coll\u00e8gues, Je vous transmets les liens vers le programme et la vid\u00e9o de pr\u00e9sentation du colloque que nous organisons [&hellip;]","jetpack_sharing_enabled":true,"_links":{"self":[{"href":"https:\/\/afea.fr\/news\/wp-json\/wp\/v2\/posts\/2405"}],"collection":[{"href":"https:\/\/afea.fr\/news\/wp-json\/wp\/v2\/posts"}],"about":[{"href":"https:\/\/afea.fr\/news\/wp-json\/wp\/v2\/types\/post"}],"author":[{"embeddable":true,"href":"https:\/\/afea.fr\/news\/wp-json\/wp\/v2\/users\/1"}],"replies":[{"embeddable":true,"href":"https:\/\/afea.fr\/news\/wp-json\/wp\/v2\/comments?post=2405"}],"version-history":[{"count":0,"href":"https:\/\/afea.fr\/news\/wp-json\/wp\/v2\/posts\/2405\/revisions"}],"wp:attachment":[{"href":"https:\/\/afea.fr\/news\/wp-json\/wp\/v2\/media?parent=2405"}],"wp:term":[{"taxonomy":"category","embeddable":true,"href":"https:\/\/afea.fr\/news\/wp-json\/wp\/v2\/categories?post=2405"},{"taxonomy":"post_tag","embeddable":true,"href":"https:\/\/afea.fr\/news\/wp-json\/wp\/v2\/tags?post=2405"}],"curies":[{"name":"wp","href":"https:\/\/api.w.org\/{rel}","templated":true}]}}