{"id":2390,"date":"2022-06-30T09:29:02","date_gmt":"2022-06-30T07:29:02","guid":{"rendered":"https:\/\/afea.fr\/news\/others-news\/job-poste-de-lecteur-universite-de-versailles-saint-quentin-en-yvelines\/2390\/"},"modified":"2022-07-06T21:41:11","modified_gmt":"2022-07-06T19:41:11","slug":"job-poste-de-lecteur-universite-de-versailles-saint-quentin-en-yvelines","status":"publish","type":"post","link":"https:\/\/afea.fr\/news\/other-news\/job-poste-de-lecteur-universite-de-versailles-saint-quentin-en-yvelines\/2390\/","title":{"rendered":"JOB : Poste de lecteur Universit\u00e9 de Versailles-Saint-Quentin-en-Yvelines"},"content":{"rendered":"<p>Le D\u00e9partement des Langues de l\u2019Institut d\u2019Etudes Culturelles et Internationales de l\u2019Universit\u00e9 de Versailles-Saint-Quentin-en-Yvelines (site de Guyancourt) recherche, suit \u00e0 un d\u00e9sistement, <strong>un lecteur d\u2019anglais<\/strong> pour l\u2019ann\u00e9e universitaire 2022-2023.<\/p>\n<p>Lieu d\u2019exercice : Campus de Saint-Quentin-en-Yvelines \u00e0 Guyancourt (acc\u00e8s par RER C ou Ligne N et U de Paris-Montparnasse)<\/p>\n<p>Enseignement : cours d\u2019anglais oral pour les \u00e9tudiants des quatre parcours de la Licence LLCER (parcours Etudes Europ\u00e9ennes et Internationales, Anglais, Espagnol, Anglais-Droit).<\/p>\n<p>Service annuel : 200 HETD \/an<\/p>\n<p>Les conditions pour candidater sont r\u00e9gies par le cadre national : <a href=\"https:\/\/www.enseignementsup-recherche.gouv.fr\/fr\/les-lecteurs-et-maitres-de-langue-etrangere-82996\">https:\/\/www.enseignementsup-recherche.gouv.fr\/fr\/les-lecteurs-et-maitres-de-langue-etrangere-82996<\/a> : \u201cLes candidats aux fonctions de lecteur de langue \u00e9trang\u00e8re doivent justifier d\u2019un titre ou dipl\u00f4me \u00e9tranger d\u2019un niveau \u00e9quivalent \u00e0 celui de la ma\u00eetrise ou d\u2019une ma\u00eetrise.\u201d<\/p>\n<p>Pour postuler, merci d\u2019adresser votre CV et lettre de motivation \u00e0 sandrine.ferre-rode et \u00e0 cecile.coquet-mokoko<\/p>\n<p>Sandrine Ferr\u00e9-Rode<\/p>\n<p>Directrice du D\u00e9partement des Langues<\/p>\n<p>MCF (civilisation Canada \/ Etats-Unis)<\/p>\n","protected":false},"excerpt":{"rendered":"<p>Le D\u00e9partement des Langues de l\u2019Institut d\u2019Etudes Culturelles et Internationales de l\u2019Universit\u00e9 de Versailles-Saint-Quentin-en-Yvelines (site de Guyancourt) recherche, suit \u00e0 [&hellip;]<\/p>\n","protected":false},"author":1,"featured_media":0,"comment_status":"closed","ping_status":"open","sticky":false,"template":"","format":"standard","meta":{"_uag_custom_page_level_css":"","site-sidebar-layout":"default","site-content-layout":"","ast-site-content-layout":"default","site-content-style":"default","site-sidebar-style":"default","ast-global-header-display":"","ast-banner-title-visibility":"","ast-main-header-display":"","ast-hfb-above-header-display":"","ast-hfb-below-header-display":"","ast-hfb-mobile-header-display":"","site-post-title":"","ast-breadcrumbs-content":"","ast-featured-img":"","footer-sml-layout":"","ast-disable-related-posts":"","theme-transparent-header-meta":"","adv-header-id-meta":"","stick-header-meta":"","header-above-stick-meta":"","header-main-stick-meta":"","header-below-stick-meta":"","astra-migrate-meta-layouts":"default","ast-page-background-enabled":"default","ast-page-background-meta":{"desktop":{"background-color":"var(--ast-global-color-5)","background-image":"","background-repeat":"repeat","background-position":"center center","background-size":"auto","background-attachment":"scroll","background-type":"","background-media":"","overlay-type":"","overlay-color":"","overlay-opacity":"","overlay-gradient":""},"tablet":{"background-color":"","background-image":"","background-repeat":"repeat","background-position":"center center","background-size":"auto","background-attachment":"scroll","background-type":"","background-media":"","overlay-type":"","overlay-color":"","overlay-opacity":"","overlay-gradient":""},"mobile":{"background-color":"","background-image":"","background-repeat":"repeat","background-position":"center center","background-size":"auto","background-attachment":"scroll","background-type":"","background-media":"","overlay-type":"","overlay-color":"","overlay-opacity":"","overlay-gradient":""}},"ast-content-background-meta":{"desktop":{"background-color":"var(--ast-global-color-4)","background-image":"","background-repeat":"repeat","background-position":"center center","background-size":"auto","background-attachment":"scroll","background-type":"","background-media":"","overlay-type":"","overlay-color":"","overlay-opacity":"","overlay-gradient":""},"tablet":{"background-color":"var(--ast-global-color-4)","background-image":"","background-repeat":"repeat","background-position":"center center","background-size":"auto","background-attachment":"scroll","background-type":"","background-media":"","overlay-type":"","overlay-color":"","overlay-opacity":"","overlay-gradient":""},"mobile":{"background-color":"var(--ast-global-color-4)","background-image":"","background-repeat":"repeat","background-position":"center center","background-size":"auto","background-attachment":"scroll","background-type":"","background-media":"","overlay-type":"","overlay-color":"","overlay-opacity":"","overlay-gradient":""}},"_jetpack_memberships_contains_paid_content":false,"footnotes":""},"categories":[119],"tags":[178,681],"class_list":["post-2390","post","type-post","status-publish","format-standard","hentry","category-other-news","tag-lecteur","tag-uvsq"],"jetpack_featured_media_url":"","uagb_featured_image_src":{"full":false,"thumbnail":false,"medium":false,"medium_large":false,"large":false,"1536x1536":false,"2048x2048":false},"uagb_author_info":{"display_name":"Admin","author_link":"https:\/\/afea.fr\/news\/author\/yanb\/"},"uagb_comment_info":0,"uagb_excerpt":"Le D\u00e9partement des Langues de l\u2019Institut d\u2019Etudes Culturelles et Internationales de l\u2019Universit\u00e9 de Versailles-Saint-Quentin-en-Yvelines (site de Guyancourt) recherche, suit \u00e0 [&hellip;]","jetpack_sharing_enabled":true,"_links":{"self":[{"href":"https:\/\/afea.fr\/news\/wp-json\/wp\/v2\/posts\/2390"}],"collection":[{"href":"https:\/\/afea.fr\/news\/wp-json\/wp\/v2\/posts"}],"about":[{"href":"https:\/\/afea.fr\/news\/wp-json\/wp\/v2\/types\/post"}],"author":[{"embeddable":true,"href":"https:\/\/afea.fr\/news\/wp-json\/wp\/v2\/users\/1"}],"replies":[{"embeddable":true,"href":"https:\/\/afea.fr\/news\/wp-json\/wp\/v2\/comments?post=2390"}],"version-history":[{"count":1,"href":"https:\/\/afea.fr\/news\/wp-json\/wp\/v2\/posts\/2390\/revisions"}],"predecessor-version":[{"id":2438,"href":"https:\/\/afea.fr\/news\/wp-json\/wp\/v2\/posts\/2390\/revisions\/2438"}],"wp:attachment":[{"href":"https:\/\/afea.fr\/news\/wp-json\/wp\/v2\/media?parent=2390"}],"wp:term":[{"taxonomy":"category","embeddable":true,"href":"https:\/\/afea.fr\/news\/wp-json\/wp\/v2\/categories?post=2390"},{"taxonomy":"post_tag","embeddable":true,"href":"https:\/\/afea.fr\/news\/wp-json\/wp\/v2\/tags?post=2390"}],"curies":[{"name":"wp","href":"https:\/\/api.w.org\/{rel}","templated":true}]}}