{"id":2289,"date":"2022-04-01T18:02:51","date_gmt":"2022-04-01T16:02:51","guid":{"rendered":"https:\/\/afea.fr\/news\/?p=2289"},"modified":"2022-04-01T18:02:51","modified_gmt":"2022-04-01T16:02:51","slug":"nouveaux-mondes-anciens-mondes-mondes-perdus-representer-et-mediatiser-la-prehistoire-dans-lart-et-la-culture-visuelle-americains-7-8-avril-2022-inha","status":"publish","type":"post","link":"https:\/\/afea.fr\/news\/conference-symposium\/nouveaux-mondes-anciens-mondes-mondes-perdus-representer-et-mediatiser-la-prehistoire-dans-lart-et-la-culture-visuelle-americains-7-8-avril-2022-inha\/2289\/","title":{"rendered":"Nouveaux mondes, anciens mondes, mondes perdus : repr\u00e9senter et m\u00e9diatiser la Pr\u00e9histoire dans l\u2019art et la culture visuelle am\u00e9ricains 7-8 avril 2022, INHA"},"content":{"rendered":"<p>SITE WEB: <a href=\"https:\/\/fondationupn.fr\/events\/7-8-avril-2022\/\">https:\/\/fondationupn.fr\/events\/7-8-avril-2022\/<\/a><\/p>\n<p>De l\u2019Atlantide, aux \u00ab Mound Builders \u00bb pr\u00e9colombiens, en passant par le combat acharn\u00e9 entre un T. Rex et des hommes des cavernes, les visions des mondes anciens et \u00ab perdus \u00bb, flottant entre les faits et la fantaisie, ont longtemps exerc\u00e9 une fascination sur les artistes et les acteurs de la culture visuelle en Am\u00e9rique. Comment ceux-ci ont-ils d\u00e9peint la Pr\u00e9histoire et \u00e0 quelles fins ? Comment l\u2019imaginaire de la Pr\u00e9histoire, du XVIIIe si\u00e8cle aux ann\u00e9es 1980, a-t-il contribu\u00e9 \u00e0 de nouvelles conceptualisations de la culture, du temps, et de l\u2019espace ?<\/p>\n<p>D\u00e8s les premiers contact entre les Am\u00e9rindiens et les peuples du \u00ab Vieux Monde \u00bb, les Am\u00e9riques ont pos\u00e9 un probl\u00e8me aux r\u00e9cits \u00e9tablis du \u00ab deep time \u00bb. Il s\u2019agissait d\u2019un \u00ab Nouveau Monde \u00bb, apparemment sans histoire \u00e9crite, qui s\u2019inscrivait difficilement dans les r\u00e9cits bibliques. Cette incertitude, coupl\u00e9e aux r\u00e9volutions culturelles du temps et de l\u2019espace qui marqu\u00e8rent les si\u00e8cles suivant l\u2019expansion commerciale et imp\u00e9riale europ\u00e9enne, eut pour effet de produire une riche imagerie sp\u00e9culative du temps profond. Comme l\u2019a montr\u00e9 l&rsquo;\u00e9cole \u00ab mythe et symbole \u00bb des \u00e9tudes am\u00e9ricaine dans les ann\u00e9es 1950 et 1960, le temps mythique a jou\u00e9 un r\u00f4le important dans la culture am\u00e9ricaine ; on en retrouve la trace dans les visions d&rsquo;un Eden m\u00e9canique qui combinerait la technologie avec le pastoral, \u00e9chappant \u00e0 l&rsquo;histoire et aux conflits sociaux de l&rsquo;Europe. Au cours des XIXe et XXe si\u00e8cles, l\u2019\u00e9volution des sciences et de la culture populaire a acc\u00e9l\u00e9r\u00e9 un processus d\u2019invention de mondes \u00ab anciens \u00bb et \u00ab perdus \u00bb , un imaginaire qui visait \u00e0 donner un sens \u00e0 l\u2019id\u00e9e de nouveau monde. Qu\u2019ils soient plong\u00e9s au fond des oc\u00e9ans, cach\u00e9s sous la terre ou perdus dans la jungle, ces mondes pouvaient \u00eatre ramen\u00e9s \u00e0 la surface au travers des images.<\/p>\n<p>Ce colloque abordera les images de la pr\u00e9histoire et leur fonctionnement dans diff\u00e9rents m\u00e9dias et dans des contextes artistiques et non artistiques. En se concentrant sur la fa\u00e7on dont ces images particip\u00e8rent \u00e0 la cr\u00e9ation d\u2019un monde imaginaire sp\u00e9cifique, support pour l\u2019invention d\u2019origines lointaines et de temps profonds. Nous nous interrogerons sur ces questions en mettant en jeu les relations entre la production, la circulation et la r\u00e9ception de ces images, ainsi qu\u2019en analysant les liens qui unissent ces m\u00eames images aux m\u00e9dias, en prenant en consid\u00e9ration les questionnements \u00e0 la fois formels et temporels qui en r\u00e9sultent.<\/p>\n<p>PROGRAMME:<\/p>\n<p>7 avril :<\/p>\n<p>9h00-9h30 \u2014 Inscription, caf\u00e9 et patisseries<\/p>\n<p>9h30-10h \u2014 Introduction<br \/>\n*Francesca Rose, Terra Foundation for American Art.<br \/>\n*Judith Delfiner, HAR, Universit\u00e9 Paris-Nanterr.<br \/>\n*Catherine Marcangeli, LARCA, Universit\u00e9 Paris Cit\u00e9.<br \/>\n*Jonathan Dentler, Terra Foundation for American Art, Universit\u00e9 Paris-Nanterre, Universit\u00e9 Paris Cit\u00e9.<\/p>\n<p>10h-13h \u2014 Panel 1. D\u00e9placer les mod\u00e8les europ\u00e9ens : connexions transatlantiques et indig\u00e8nes d\u2019Am\u00e9rique<br \/>\n*Anna Boroffka, CSMC, Universit\u00e4t Hamburg. \u00ab Quitter la grotte, entrer dans l&rsquo;histoire du salut : Les r\u00e9cits visuels de la lin\u00e9arit\u00e9 temporelle dans les manuscrits du Mexique colonial \u00bb.<br \/>\n*Thomas Balfe, Warburg Institute, University College London, Courtauld Institute of Art. \u00ab Une race antique ? Le chasseur \u00e0 bois dans Le bref r\u00e9cit sur ce qui est arriv\u00e9 aux Fran\u00e7ais en Floride (1591) de Theodor de Bry \u00bb.<\/p>\n<p>*Pause Courte*<\/p>\n<p>*Maria Gindhart, Georgia State University. \u00ab L&rsquo;\u00e2ge de pierre en Am\u00e9rique de John J. Boyle \u00bb.<br \/>\n*Julia Sienkiewicz, Terra Foundation, American Academy in Rome, Roanoke College. \u00ab Tracer la pr\u00e9histoire dans le corps indig\u00e8ne ? History, Empire, and Ferdinand Pettrich&rsquo;s &lsquo;Indian Gallery\u2019 \u00bb.<\/p>\n<p>13h-14h30 \u2014 D\u00e9jeuner<\/p>\n<p>14h30 \u2013 16h30 \u2014 Panel 2. \u00c9chelles et mod\u00e8les de la (pr\u00e9)histoire<br \/>\n*Christopher Heuer, University of Rochester. \u00ab Le film Primordial de Smithson et Holt \u00bb.<br \/>\n*Sigrid Ruby, Institut d&rsquo;histoire de l&rsquo;art, Universit\u00e9 de Gie\u00dfen. \u00ab Temps profond et histoire moderne : L&rsquo;excavation du mastodonte am\u00e9ricain par Charles Willson Peale \u00bb.<br \/>\n*Donna Roberts, Universit\u00e9 d&rsquo;Helsinki. \u00ab Po\u00e9tique au-del\u00e0 de l&rsquo;humain : Les m\u00e9ditations min\u00e9rales de Roger Caillois sur le temps dans les Am\u00e9riques \u00bb.<\/p>\n<p>16h30-17h \u2014 Pause caf\u00e9<\/p>\n<p>17h-18h \u2014 Keynote<br \/>\n*R\u00e9mi Labrusse, Universit\u00e9 Paris-Nanterre. Politiques de la pr\u00e9histoire.<\/p>\n<p>8 avril :<\/p>\n<p>9h15-9h45 \u2014 Caf\u00e9 et p\u00e2tisseries<\/p>\n<p>9h45-11h45 \u2014 Panel 3. La pr\u00e9histoire \u00e0 travers les m\u00e9dias<br \/>\n*Lucie Grandjean, Universit\u00e9 Paris-Nanterre. \u00ab D\u00e9rouler la pr\u00e9histoire : Le Moving Panorama d&rsquo;Egan et la m\u00e9diation du savoir arch\u00e9ologique dans l&rsquo;Am\u00e9rique du XIXe si\u00e8cle \u00bb.<br \/>\n*Jutta Teutenberg, LMU Munich. \u00ab Le temps profond en mouvement \u00bb.<br \/>\n*Margherita Fontana, Universit\u00e9 IULM, Milan. \u00ab Les grottes (virtuelles) dans la pratique artistique am\u00e9ricaine : Un retour vers le pass\u00e9 pour comprendre le futur \u00bb.<\/p>\n<p>12h00-13h30 \u2014 D\u00e9jeuner<\/p>\n<p>13h30-15h30 \u2014 Panel 4. Panam\u00e9ricanisme et pr\u00e9histoire<br \/>\n*Myl\u00e8ne Palluel, Paris 1 Panth\u00e9on-Sorbonne, Freie Universit\u00e4t Berlin. \u00ab Les rapprochements panam\u00e9ricains de \u2018longue dur\u00e9e\u2019 dans l&rsquo;essai de Robert Morris, \u2018Sur les traces de Nazca\u2019 (1975) \u00bb.<br \/>\n*Breanne Robertson, National Archives and Records Administration, Washington DC. \u00ab Ambivalence anim\u00e9e : La repr\u00e9sentation du panam\u00e9ricanisme et du pass\u00e9 pr\u00e9colombien dans le film The Grain that Built a Hemisphere des studios Walt Disney \u00bb.<br \/>\n*\u00c9lodie Vaudry, Centre Allemand d&rsquo;histoire de l&rsquo;art (DFK). \u00ab Le \u2018pr\u00e9colombien-pr\u00e9histoire\u2019 comme outil de propagande mexicaine aux \u00c9tats-Unis, 1920 \u2013 1930 \u00bb.<\/p>\n<p>15h30-16h00 \u2014 Pause caf\u00e9<\/p>\n<p>16h00-17h00 \u2014 Panel 5. Ic\u00f4nes de la pr\u00e9histoire am\u00e9ricaine<br \/>\n*Ryan Linkof, Lucas Museum of Narrative Art, Los Angeles. \u00ab La survie du plus fort : Fantaisies Pulp du Super Barbare \u00bb.<br \/>\n*Andr\u00e9 Gunthert, EHESS. \u00ab Le dernier des dinosaures, ou la science contre les images \u00bb.<\/p>\n<p>17h00-17h45 \u2014 Keynote<br \/>\n*Vanessa Schwartz, USC. \u00ab Nous ne pouvons jamais revenir en arri\u00e8re : Questions concernant l&rsquo;ordre, la s\u00e9quence et le &quot;pr\u00e9&quot; dans l&rsquo;histoire \u00bb.<\/p>\n<p>Source: Jonathan Dentler<\/p>\n<p><a href=\"https:\/\/afea.fr\/news\/wp-content\/uploads\/sites\/2\/2022\/04\/Invitation_JD-7-8april.pdf\">Invitation_JD-7-8april.pdf<\/a><\/p>\n","protected":false},"excerpt":{"rendered":"<p>SITE WEB: https:\/\/fondationupn.fr\/events\/7-8-avril-2022\/ De l\u2019Atlantide, aux \u00ab Mound Builders \u00bb pr\u00e9colombiens, en passant par le combat acharn\u00e9 entre un T. [&hellip;]<\/p>\n","protected":false},"author":1,"featured_media":0,"comment_status":"closed","ping_status":"open","sticky":false,"template":"","format":"standard","meta":{"_uag_custom_page_level_css":"","site-sidebar-layout":"default","site-content-layout":"","ast-site-content-layout":"default","site-content-style":"default","site-sidebar-style":"default","ast-global-header-display":"","ast-banner-title-visibility":"","ast-main-header-display":"","ast-hfb-above-header-display":"","ast-hfb-below-header-display":"","ast-hfb-mobile-header-display":"","site-post-title":"","ast-breadcrumbs-content":"","ast-featured-img":"","footer-sml-layout":"","ast-disable-related-posts":"","theme-transparent-header-meta":"","adv-header-id-meta":"","stick-header-meta":"","header-above-stick-meta":"","header-main-stick-meta":"","header-below-stick-meta":"","astra-migrate-meta-layouts":"default","ast-page-background-enabled":"default","ast-page-background-meta":{"desktop":{"background-color":"var(--ast-global-color-5)","background-image":"","background-repeat":"repeat","background-position":"center center","background-size":"auto","background-attachment":"scroll","background-type":"","background-media":"","overlay-type":"","overlay-color":"","overlay-opacity":"","overlay-gradient":""},"tablet":{"background-color":"","background-image":"","background-repeat":"repeat","background-position":"center center","background-size":"auto","background-attachment":"scroll","background-type":"","background-media":"","overlay-type":"","overlay-color":"","overlay-opacity":"","overlay-gradient":""},"mobile":{"background-color":"","background-image":"","background-repeat":"repeat","background-position":"center center","background-size":"auto","background-attachment":"scroll","background-type":"","background-media":"","overlay-type":"","overlay-color":"","overlay-opacity":"","overlay-gradient":""}},"ast-content-background-meta":{"desktop":{"background-color":"var(--ast-global-color-4)","background-image":"","background-repeat":"repeat","background-position":"center center","background-size":"auto","background-attachment":"scroll","background-type":"","background-media":"","overlay-type":"","overlay-color":"","overlay-opacity":"","overlay-gradient":""},"tablet":{"background-color":"var(--ast-global-color-4)","background-image":"","background-repeat":"repeat","background-position":"center center","background-size":"auto","background-attachment":"scroll","background-type":"","background-media":"","overlay-type":"","overlay-color":"","overlay-opacity":"","overlay-gradient":""},"mobile":{"background-color":"var(--ast-global-color-4)","background-image":"","background-repeat":"repeat","background-position":"center center","background-size":"auto","background-attachment":"scroll","background-type":"","background-media":"","overlay-type":"","overlay-color":"","overlay-opacity":"","overlay-gradient":""}},"_jetpack_memberships_contains_paid_content":false,"footnotes":""},"categories":[568],"tags":[628,215,629,627,216],"class_list":["post-2289","post","type-post","status-publish","format-standard","hentry","category-conference-symposium","tag-archaeology","tag-art","tag-native-american-and-indigenous-studies","tag-prehistory","tag-visual-culture"],"jetpack_featured_media_url":"","uagb_featured_image_src":{"full":false,"thumbnail":false,"medium":false,"medium_large":false,"large":false,"1536x1536":false,"2048x2048":false},"uagb_author_info":{"display_name":"Admin","author_link":"https:\/\/afea.fr\/news\/author\/yanb\/"},"uagb_comment_info":0,"uagb_excerpt":"SITE WEB: https:\/\/fondationupn.fr\/events\/7-8-avril-2022\/ De l\u2019Atlantide, aux \u00ab Mound Builders \u00bb pr\u00e9colombiens, en passant par le combat acharn\u00e9 entre un T. [&hellip;]","jetpack_sharing_enabled":true,"_links":{"self":[{"href":"https:\/\/afea.fr\/news\/wp-json\/wp\/v2\/posts\/2289"}],"collection":[{"href":"https:\/\/afea.fr\/news\/wp-json\/wp\/v2\/posts"}],"about":[{"href":"https:\/\/afea.fr\/news\/wp-json\/wp\/v2\/types\/post"}],"author":[{"embeddable":true,"href":"https:\/\/afea.fr\/news\/wp-json\/wp\/v2\/users\/1"}],"replies":[{"embeddable":true,"href":"https:\/\/afea.fr\/news\/wp-json\/wp\/v2\/comments?post=2289"}],"version-history":[{"count":1,"href":"https:\/\/afea.fr\/news\/wp-json\/wp\/v2\/posts\/2289\/revisions"}],"predecessor-version":[{"id":2291,"href":"https:\/\/afea.fr\/news\/wp-json\/wp\/v2\/posts\/2289\/revisions\/2291"}],"wp:attachment":[{"href":"https:\/\/afea.fr\/news\/wp-json\/wp\/v2\/media?parent=2289"}],"wp:term":[{"taxonomy":"category","embeddable":true,"href":"https:\/\/afea.fr\/news\/wp-json\/wp\/v2\/categories?post=2289"},{"taxonomy":"post_tag","embeddable":true,"href":"https:\/\/afea.fr\/news\/wp-json\/wp\/v2\/tags?post=2289"}],"curies":[{"name":"wp","href":"https:\/\/api.w.org\/{rel}","templated":true}]}}