{"id":2174,"date":"2021-09-26T00:57:16","date_gmt":"2021-09-25T22:57:16","guid":{"rendered":"https:\/\/afea.fr\/news\/cfp\/a-la-decouverte-du-sens-histoire-orale-pouvoi-r-et-emotions-report-de-la-date-butoir-pau\/2174\/"},"modified":"2021-09-26T00:57:16","modified_gmt":"2021-09-25T22:57:16","slug":"a-la-decouverte-du-sens-histoire-orale-pouvoi-r-et-emotions-report-de-la-date-butoir-pau","status":"publish","type":"post","link":"https:\/\/afea.fr\/news\/cfp\/a-la-decouverte-du-sens-histoire-orale-pouvoi-r-et-emotions-report-de-la-date-butoir-pau\/2174\/","title":{"rendered":"\u00ab\u00a0A la decouverte du sens: histoire orale, pouvoi r et \u00e9motions\u00a0\u00bb &#8211; Report de la date butoir (Pau)"},"content":{"rendered":"<p><strong>Ch\u00e8res et chers coll\u00e8gues,<br \/>\n<\/strong><\/p>\n<p><strong>La date butoir pour la soumission des propositions de communication pour le colloque &quot;A la decouverte du sens: histoire orale, pouvoir et \u00e9motions&quot; est report\u00e9e au 15 octobre 2021. Vous pouvez envoyer vos propositions \u00e0 joana.etchart et simona.tobia. Le colloque se tiendra \u00e0 l\u2019Universit\u00e9 de Pau, et pourra adopter un format hybride en fonction de l\u2019\u00e9volution de la situation sanitaire.<\/strong><\/p>\n<p><strong>Les conf\u00e9renciers invit\u00e9s seront Anna Bryson (Queen\u2019s University Belfast, UK), Lindsey Dodd (University of Huddersfield, UK) et Alistair Thomson (Monash University, Melbourne, AUS).<br \/>\n<\/strong><br \/>\n<strong><br \/>\nVous trouverez le texte de cadrage en ligne ici : <a href=\"https:\/\/alter.univ-pau.fr\/fr\/activites-scientifiques\/manifestations-scientifiques\/colloques\/a-la-decouverte-du-sens-histoire-orale-pouvoir-et-emotions.html\">https:\/\/alter.univ-pau.fr\/fr\/activites-scientifiques\/manifestations-scientifiques\/colloques\/a-la-decouverte-du-sens-histoire-orale-pouvoir-et-emotions.html<\/a><\/strong><\/p>\n<p><strong><br \/>\nLes propositions sont attendues pour le 15 octobre 2021 au plus tard.<\/strong><\/p>\n<p><strong>En esp\u00e9rant que cet appel saura retenir votre attention.<\/strong><\/p>\n<p><strong>Bien \u00e0 vous,<br \/>\n<\/strong><br \/>\n<strong>Simona Tobia et Joana Etchart<\/strong><\/p>\n<p>Simona Tobia<br \/>\nMa\u00eetre de conf\u00e9rences en Civilisation am\u00e9ricaine<br \/>\nLaboratoire ALTER<br \/>\nR\u00e9f\u00e9rente UNITA Coll\u00e8ge SSH<\/p>\n<p><a href=\"http:\/\/www.univ-pau.fr\"><img data-recalc-dims=\"1\" loading=\"lazy\" decoding=\"async\" width=\"218\" height=\"55\" src=\"https:\/\/i0.wp.com\/www.univ-pau.fr\/_resources\/LogosSignaturesMail\/ssh.jpg?resize=218%2C55&#038;ssl=1\" alt=\"UPPA SSH\" \/><\/a><br \/>\nSciences Sociales et Humanit\u00e9s<\/p>\n<p><img data-recalc-dims=\"1\" loading=\"lazy\" decoding=\"async\" src=\"https:\/\/i0.wp.com\/www.univ-pau.fr\/_resources\/LogosSignaturesMail\/icones\/black-envelope.png?resize=15%2C15&#038;ssl=1\" width=\"15\" height=\"15\" alt=\"\" \/>s.tobia<a href=\"https:\/\/www.univ-pau.fr\"><img data-recalc-dims=\"1\" loading=\"lazy\" decoding=\"async\" src=\"https:\/\/i0.wp.com\/www.univ-pau.fr\/_resources\/LogosSignaturesMail\/icones\/earth-globe.png?resize=15%2C15&#038;ssl=1\" width=\"15\" height=\"15\" alt=\"\" \/>Universit\u00e9 de Pau et des Pays de l&rsquo;Adour (UPPA)<\/a><a href=\"http:\/\/e2s-uppa.eu\"><img data-recalc-dims=\"1\" loading=\"lazy\" decoding=\"async\" src=\"https:\/\/i0.wp.com\/www.univ-pau.fr\/_resources\/LogosSignaturesMail\/icones\/earth-globe.png?resize=15%2C15&#038;ssl=1\" width=\"15\" height=\"15\" alt=\"\" \/>E2S-UPPA<\/a><\/p>\n<p><a href=\"http:\/\/twitter.com\/universite_uppa\"><img data-recalc-dims=\"1\" loading=\"lazy\" decoding=\"async\" src=\"https:\/\/i0.wp.com\/www.univ-pau.fr\/_resources\/LogosSignaturesMail\/icones\/twitter.png?resize=24%2C24&#038;ssl=1\" width=\"24\" height=\"24\" alt=\"Twitter\" \/><\/a><a href=\"https:\/\/fr-fr.facebook.com\/Universit%C3%A9-de-Pau-et-des-Pays-de-lAdour-UPPA-154751851238234\"><img data-recalc-dims=\"1\" loading=\"lazy\" decoding=\"async\" src=\"https:\/\/i0.wp.com\/www.univ-pau.fr\/_resources\/LogosSignaturesMail\/icones\/facebook.png?resize=24%2C24&#038;ssl=1\" width=\"24\" height=\"24\" alt=\"Facebook\" \/><\/a><\/p>\n","protected":false},"excerpt":{"rendered":"<p>Ch\u00e8res et chers coll\u00e8gues, La date butoir pour la soumission des propositions de communication pour le colloque &quot;A la decouverte [&hellip;]<\/p>\n","protected":false},"author":1,"featured_media":0,"comment_status":"","ping_status":"open","sticky":false,"template":"","format":"standard","meta":{"_uag_custom_page_level_css":"","site-sidebar-layout":"default","site-content-layout":"","ast-site-content-layout":"default","site-content-style":"default","site-sidebar-style":"default","ast-global-header-display":"","ast-banner-title-visibility":"","ast-main-header-display":"","ast-hfb-above-header-display":"","ast-hfb-below-header-display":"","ast-hfb-mobile-header-display":"","site-post-title":"","ast-breadcrumbs-content":"","ast-featured-img":"","footer-sml-layout":"","ast-disable-related-posts":"","theme-transparent-header-meta":"","adv-header-id-meta":"","stick-header-meta":"","header-above-stick-meta":"","header-main-stick-meta":"","header-below-stick-meta":"","astra-migrate-meta-layouts":"default","ast-page-background-enabled":"default","ast-page-background-meta":{"desktop":{"background-color":"var(--ast-global-color-5)","background-image":"","background-repeat":"repeat","background-position":"center center","background-size":"auto","background-attachment":"scroll","background-type":"","background-media":"","overlay-type":"","overlay-color":"","overlay-opacity":"","overlay-gradient":""},"tablet":{"background-color":"","background-image":"","background-repeat":"repeat","background-position":"center center","background-size":"auto","background-attachment":"scroll","background-type":"","background-media":"","overlay-type":"","overlay-color":"","overlay-opacity":"","overlay-gradient":""},"mobile":{"background-color":"","background-image":"","background-repeat":"repeat","background-position":"center center","background-size":"auto","background-attachment":"scroll","background-type":"","background-media":"","overlay-type":"","overlay-color":"","overlay-opacity":"","overlay-gradient":""}},"ast-content-background-meta":{"desktop":{"background-color":"var(--ast-global-color-4)","background-image":"","background-repeat":"repeat","background-position":"center center","background-size":"auto","background-attachment":"scroll","background-type":"","background-media":"","overlay-type":"","overlay-color":"","overlay-opacity":"","overlay-gradient":""},"tablet":{"background-color":"var(--ast-global-color-4)","background-image":"","background-repeat":"repeat","background-position":"center center","background-size":"auto","background-attachment":"scroll","background-type":"","background-media":"","overlay-type":"","overlay-color":"","overlay-opacity":"","overlay-gradient":""},"mobile":{"background-color":"var(--ast-global-color-4)","background-image":"","background-repeat":"repeat","background-position":"center center","background-size":"auto","background-attachment":"scroll","background-type":"","background-media":"","overlay-type":"","overlay-color":"","overlay-opacity":"","overlay-gradient":""}},"_jetpack_memberships_contains_paid_content":false,"footnotes":""},"categories":[99],"tags":[585,319,587,586],"class_list":["post-2174","post","type-post","status-publish","format-standard","hentry","category-cfp","tag-affect","tag-emotions","tag-humanity","tag-social-sciences"],"jetpack_featured_media_url":"","uagb_featured_image_src":{"full":false,"thumbnail":false,"medium":false,"medium_large":false,"large":false,"1536x1536":false,"2048x2048":false},"uagb_author_info":{"display_name":"Admin","author_link":"https:\/\/afea.fr\/news\/author\/yanb\/"},"uagb_comment_info":0,"uagb_excerpt":"Ch\u00e8res et chers coll\u00e8gues, La date butoir pour la soumission des propositions de communication pour le colloque &quot;A la decouverte [&hellip;]","jetpack_sharing_enabled":true,"_links":{"self":[{"href":"https:\/\/afea.fr\/news\/wp-json\/wp\/v2\/posts\/2174"}],"collection":[{"href":"https:\/\/afea.fr\/news\/wp-json\/wp\/v2\/posts"}],"about":[{"href":"https:\/\/afea.fr\/news\/wp-json\/wp\/v2\/types\/post"}],"author":[{"embeddable":true,"href":"https:\/\/afea.fr\/news\/wp-json\/wp\/v2\/users\/1"}],"replies":[{"embeddable":true,"href":"https:\/\/afea.fr\/news\/wp-json\/wp\/v2\/comments?post=2174"}],"version-history":[{"count":0,"href":"https:\/\/afea.fr\/news\/wp-json\/wp\/v2\/posts\/2174\/revisions"}],"wp:attachment":[{"href":"https:\/\/afea.fr\/news\/wp-json\/wp\/v2\/media?parent=2174"}],"wp:term":[{"taxonomy":"category","embeddable":true,"href":"https:\/\/afea.fr\/news\/wp-json\/wp\/v2\/categories?post=2174"},{"taxonomy":"post_tag","embeddable":true,"href":"https:\/\/afea.fr\/news\/wp-json\/wp\/v2\/tags?post=2174"}],"curies":[{"name":"wp","href":"https:\/\/api.w.org\/{rel}","templated":true}]}}