{"id":2164,"date":"2021-09-11T00:26:45","date_gmt":"2021-09-10T22:26:45","guid":{"rendered":"https:\/\/afea.fr\/news\/seminar\/annonce-prochain-seminaire-liberalisme-le-lun-di-27-septembre-2021-de-17h30-a-19h00\/2164\/"},"modified":"2021-09-11T00:26:45","modified_gmt":"2021-09-10T22:26:45","slug":"annonce-prochain-seminaire-liberalisme-le-lun-di-27-septembre-2021-de-17h30-a-19h00","status":"publish","type":"post","link":"https:\/\/afea.fr\/news\/seminar\/annonce-prochain-seminaire-liberalisme-le-lun-di-27-septembre-2021-de-17h30-a-19h00\/2164\/","title":{"rendered":"Annonce prochain s\u00e9minaire lib\u00e9ralisme le lun di 27 septembre 2021 de 17h30 \u00e0 19h00"},"content":{"rendered":"<blockquote><p>Ch\u00e8res et chers coll\u00e8gues,<\/p>\n<p>Le s\u00e9minaire transversal mensuel sur <strong>Le lib\u00e9ralisme dans tous ses E\/\u00e9tats<\/strong>, propos\u00e9 par les laboratoires <strong>ICD <\/strong>(Interactions culturelles et discursives &#8211; EA 6297) et <strong>IRJI <\/strong>(Institut de Recherche Juridique Interdisciplinaire &#8211; EA 7496) de l\u2019<strong>Universit\u00e9 de Tours<\/strong> reprend ses s\u00e9ances d\u00e8s la rentr\u00e9e, en \u201cmode hybride\u201d.<\/p>\n<p>Lundi 27 septembre 2021, de 17h30 \u00e0 19h00<\/p>\n<p><strong>Sous la pr\u00e9sidence de s\u00e9ance de Nathalie L\u00e9vy, Ma\u00eetresse de conf\u00e9rences d\u2019\u00c9conomie \u00e0 l&rsquo;Universit\u00e9 de Tours, membre de l&rsquo;IRJI<\/strong><\/p>\n<p>En direct et en public salle 3030 (B\u00e2timent E &#8211; 3\u00e8me \u00e9tage) du site Jean Luthier de l&rsquo;IUT, 29 rue du Pont Volant \u00e0 Tours<\/p>\n<p>Et en visioconf\u00e9rence sur Teams par le lien suivant :<\/p>\n<p><a href=\"https:\/\/teams.microsoft.com\/l\/meetup-join\/19%3Ameeting_OThjODFmMDItZmI2NC00NGJjLTkyY2ItY2U1ZDg4ODFlNjY0%40thread.v2\/0?context=%7B%22Tid%22%3A%2216150599-ebb0-4fcf-94a5-6010823c7bd5%22%2C%22Oid%22%3A%22b8ccc233-f2f0-4b69-95ce-acc24c805d80%22%7D\">https:\/\/teams.microsoft.com\/l\/meetup-join\/19%3ameeting_OThjODFmMDItZmI2NC00NGJjLTkyY2ItY2U1ZDg4ODFlNjY0%40thread.v2\/0?context=%7b%22Tid%22%3a%2216150599-ebb0-4fcf-94a5-6010823c7bd5%22%2c%22Oid%22%3a%22b8ccc233-f2f0-4b69-95ce-acc24c805d80%22%7d<\/a><\/p>\n<p>Nous aurons le plaisir de recevoir :<\/p>\n<p><strong>Rosella Car\u00e8, Ma\u00eetresse de conf\u00e9rences d\u2019\u00c9conomie \u00e0 University of Cagliari (Italy)<\/strong><\/p>\n<p><strong>Sur \u201cFrom Neoliberalism and New Public Management to Social Impact Bonds: a new role of for the State in the post-Covid scenario\u201d<\/strong><\/p>\n<p><strong>Pr\u00e9sentation de l&rsquo;intervention :<\/strong><\/p>\n<p>In the post-Covid-19 scenario, many Governments are again considering what measures to take to cut public spending to reduce the deficit and public debt. A radically different consensus on the State&rsquo;s appropriate role in the economy and the optimum way to manage economic activity took hold from the seventies (Alonso <em>et al.<\/em>, 2015). <strong>Starting in the UK (Vickers and Yarrow, 1988), and then spreading to the rest of Europe over the next two decades, a profound reform of the public sector was set in place<\/strong> (Clifton <em>et al.<\/em>, 2003, 2006). This included sweeping privatization, liberalization, and deregulation programs (Alonso <em>et al.<\/em>, 2015). Neoliberalism and austerity increasingly informed policies and practices designed to encourage <strong>the introduction of private sector management criteria into public administration<\/strong>, believing that a fully competitive market is most effective because private companies are more efficient than the government (Harvey, 2006; Robison, 2006). Such ideas came to be labeled <strong>New Public Mangament (NPM)<\/strong>. More in detail, NPM emerged as the response to the growing perception that the public sector was too inefficient, and its growth was getting out of control (Alonso <em>et al.<\/em>, 2015). <strong>Social Impact Bonds (SIBs) are a procurement model \u2013 based on a mix of contracting out, private finance capital, and payment-by-results (PBR) \u2013 used for publicly funded social service delivery in several policies and welfare areas<\/strong>, including health, education, housing, social exclusion, and criminal justice (Hajer, 2020). SIBs involve cooperation between private sector financial actors (banks, investment funds, or charities), the public sector (central government or local authorities), and social services providers (NGOs, social businesses, or regular private firms) (Le Pendeven, 2019).<\/p>\n<p>This presentation will be organized around two main blocks. The first will <strong>clarify the connections between the concepts and constructs of neoliberalism and of NPM<\/strong>, while the second will <strong>explore the role of SIBs as a policy strategy for addressing the economic and social effects of the COVID-19 pandemic<\/strong>.<\/p>\n<p><strong>References<\/strong><\/p>\n<p>Alonso, J. M., J. Clifton &amp; D. D\u00edaz-Fuentes (2015). \u201cDid new public management matter? An empirical analysis of the outsourcing and decentralization effects on public sector size\u201d, <em>Public Management Review<\/em>, 17, 643\u2013660.<\/p>\n<p>Clifton, J., F. Comin &amp; D. Diaz-Fuentes (2003), <em>Privatization in the European Union: Public Enterprise and Integration<\/em>, Dordrecht: Kluwer Academic Publishers.<\/p>\n<p>Clifton, J., F. Comin &amp; D. Diaz-Fuentes (2006), \u201cPrivatization in the European Union: Pragmatic, Ideological, Inevitable?\u201d,<em>Journal of European Public Policy<\/em>.<\/p>\n<p>Hajer, J. (2020), \u201cThe national governance and policy context of social impact bond emergence: A comparative analysis of leaders and skeptics\u201d, <em>Journal of Comparative Policy Analysis: Research and Practice<\/em>, <em>22<\/em>(2), 116-133.<\/p>\n<p>Harvey, D. (2006), \u201cNeo-liberalism as creative destruction\u201d, <em>Geografiska Annaler<\/em>, 88(2), 145\u2013158.<\/p>\n<p>Le Pendeven, B. (2019), \u201cSocial impact bonds: A new public management perspective\u201d, <em>Finance Contr\u00f4le Strat\u00e9gie<\/em>, (NS-5).<\/p>\n<p>Robison, R. (2006), <em>Neo-liberalism and the market state: What is the ideal shell?<\/em>, London: Palgrave Macmillan.<\/p>\n<p>Vickers, J. &amp; G. Yarrow (1988), <em>Privatization: An Economic Analysis<\/em>, MIT press, Cambridge, Mass.<\/p>\n<p><strong>Pr\u00e9sentation de l&rsquo;intervenante :<\/strong><\/p>\n<p>Rosella Car\u00e8 is Senior Assistant Professor of Banking and Finance at the University of Cagliari (Italy) and Marie Curie Research Fellow at the School of Environment, Enterprise and Development (SEED) of the University of Waterloo (Canada). She holds a Ph.D. in <em>Sciences de Gestion<\/em> at the Conservatoire National des Arts et M\u00e9tiers (CNAM) of Paris (France) and a Ph.D. in Healthcare Management and Economics at the University Magna Graecia of Catanzaro (Italy). She is the Principal investigator of the research project \u201cCOPERNICUS &#8211; Social Finance for Social Enterprises: Theory and Practice to build a more inclusive society\u201d funded by the European Commission under the Marie Sk\u0142odowska-Curie Global Fellowship. She is the author of many publications published in international journals and books in Italian and English. Her works have been published by outstanding international academic editors and publishers such as Routledge, Springer, Taylor and Francis, Palgrave MacMillan, Elsevier, and MDPI. Her major research areas \u2013 where she is author and editor of several works \u2013 include social and sustainable finance, alternative finance, impact investing, sustainable banking, climate risks and financial stability.<\/p>\n<p>Au plaisir de vous retrouver nombreux.<\/p>\n<p><strong>Les organisateurs : Anthony Castet, Nathalie A. Champroux, Alexis Chommeloux, Selma Josso, Nathalie Levy et St\u00e9phane Porion<\/strong><\/p>\n<\/blockquote>\n","protected":false},"excerpt":{"rendered":"<p>Ch\u00e8res et chers coll\u00e8gues, Le s\u00e9minaire transversal mensuel sur Le lib\u00e9ralisme dans tous ses E\/\u00e9tats, propos\u00e9 par les laboratoires ICD [&hellip;]<\/p>\n","protected":false},"author":1,"featured_media":0,"comment_status":"","ping_status":"open","sticky":false,"template":"","format":"standard","meta":{"_uag_custom_page_level_css":"","site-sidebar-layout":"default","site-content-layout":"","ast-site-content-layout":"default","site-content-style":"default","site-sidebar-style":"default","ast-global-header-display":"","ast-banner-title-visibility":"","ast-main-header-display":"","ast-hfb-above-header-display":"","ast-hfb-below-header-display":"","ast-hfb-mobile-header-display":"","site-post-title":"","ast-breadcrumbs-content":"","ast-featured-img":"","footer-sml-layout":"","ast-disable-related-posts":"","theme-transparent-header-meta":"","adv-header-id-meta":"","stick-header-meta":"","header-above-stick-meta":"","header-main-stick-meta":"","header-below-stick-meta":"","astra-migrate-meta-layouts":"default","ast-page-background-enabled":"default","ast-page-background-meta":{"desktop":{"background-color":"var(--ast-global-color-5)","background-image":"","background-repeat":"repeat","background-position":"center center","background-size":"auto","background-attachment":"scroll","background-type":"","background-media":"","overlay-type":"","overlay-color":"","overlay-opacity":"","overlay-gradient":""},"tablet":{"background-color":"","background-image":"","background-repeat":"repeat","background-position":"center center","background-size":"auto","background-attachment":"scroll","background-type":"","background-media":"","overlay-type":"","overlay-color":"","overlay-opacity":"","overlay-gradient":""},"mobile":{"background-color":"","background-image":"","background-repeat":"repeat","background-position":"center center","background-size":"auto","background-attachment":"scroll","background-type":"","background-media":"","overlay-type":"","overlay-color":"","overlay-opacity":"","overlay-gradient":""}},"ast-content-background-meta":{"desktop":{"background-color":"var(--ast-global-color-4)","background-image":"","background-repeat":"repeat","background-position":"center center","background-size":"auto","background-attachment":"scroll","background-type":"","background-media":"","overlay-type":"","overlay-color":"","overlay-opacity":"","overlay-gradient":""},"tablet":{"background-color":"var(--ast-global-color-4)","background-image":"","background-repeat":"repeat","background-position":"center center","background-size":"auto","background-attachment":"scroll","background-type":"","background-media":"","overlay-type":"","overlay-color":"","overlay-opacity":"","overlay-gradient":""},"mobile":{"background-color":"var(--ast-global-color-4)","background-image":"","background-repeat":"repeat","background-position":"center center","background-size":"auto","background-attachment":"scroll","background-type":"","background-media":"","overlay-type":"","overlay-color":"","overlay-opacity":"","overlay-gradient":""}},"_jetpack_memberships_contains_paid_content":false,"footnotes":""},"categories":[100],"tags":[581,580,234,179,582],"class_list":["post-2164","post","type-post","status-publish","format-standard","hentry","category-seminar","tag-covid","tag-deficit","tag-economy","tag-liberalism","tag-management"],"jetpack_featured_media_url":"","uagb_featured_image_src":{"full":false,"thumbnail":false,"medium":false,"medium_large":false,"large":false,"1536x1536":false,"2048x2048":false},"uagb_author_info":{"display_name":"Admin","author_link":"https:\/\/afea.fr\/news\/author\/yanb\/"},"uagb_comment_info":0,"uagb_excerpt":"Ch\u00e8res et chers coll\u00e8gues, Le s\u00e9minaire transversal mensuel sur Le lib\u00e9ralisme dans tous ses E\/\u00e9tats, propos\u00e9 par les laboratoires ICD [&hellip;]","jetpack_sharing_enabled":true,"_links":{"self":[{"href":"https:\/\/afea.fr\/news\/wp-json\/wp\/v2\/posts\/2164"}],"collection":[{"href":"https:\/\/afea.fr\/news\/wp-json\/wp\/v2\/posts"}],"about":[{"href":"https:\/\/afea.fr\/news\/wp-json\/wp\/v2\/types\/post"}],"author":[{"embeddable":true,"href":"https:\/\/afea.fr\/news\/wp-json\/wp\/v2\/users\/1"}],"replies":[{"embeddable":true,"href":"https:\/\/afea.fr\/news\/wp-json\/wp\/v2\/comments?post=2164"}],"version-history":[{"count":0,"href":"https:\/\/afea.fr\/news\/wp-json\/wp\/v2\/posts\/2164\/revisions"}],"wp:attachment":[{"href":"https:\/\/afea.fr\/news\/wp-json\/wp\/v2\/media?parent=2164"}],"wp:term":[{"taxonomy":"category","embeddable":true,"href":"https:\/\/afea.fr\/news\/wp-json\/wp\/v2\/categories?post=2164"},{"taxonomy":"post_tag","embeddable":true,"href":"https:\/\/afea.fr\/news\/wp-json\/wp\/v2\/tags?post=2164"}],"curies":[{"name":"wp","href":"https:\/\/api.w.org\/{rel}","templated":true}]}}