{"id":2156,"date":"2021-09-05T01:57:25","date_gmt":"2021-09-04T23:57:25","guid":{"rendered":"https:\/\/afea.fr\/news\/conference-symposium\/presentation-de-malgre-la-ligne-droite-lecritu-re-americaine-de-josef-albers-22-sept-19h-librairie-mi-c-hele-ignazi\/2156\/"},"modified":"2021-09-05T01:57:25","modified_gmt":"2021-09-04T23:57:25","slug":"presentation-de-malgre-la-ligne-droite-lecritu-re-americaine-de-josef-albers-22-sept-19h-librairie-mi-c-hele-ignazi","status":"publish","type":"post","link":"https:\/\/afea.fr\/news\/conference-symposium\/presentation-de-malgre-la-ligne-droite-lecritu-re-americaine-de-josef-albers-22-sept-19h-librairie-mi-c-hele-ignazi\/2156\/","title":{"rendered":"Pr\u00e9sentation de *Malgr\u00e9 la ligne droite, l&rsquo;\u00e9critu re am\u00e9ricaine de Josef Albers* (22 sept, 19h, Librairie Mi c h\u00e8le Ignazi)"},"content":{"rendered":"<p>Ch\u00e8res et ch\u00e8res coll\u00e8gues,<br \/>\nveuillez trouver ci-dessous l&rsquo;annonce de la pr\u00e9sentation de <em>Malgr\u00e9 la ligne droite, l&rsquo;\u00e9criture am\u00e9ricaine de Josef Albers<\/em>, ma monographie sur l&rsquo;artiste Josef Albersqui para\u00eetra dans quelques jours aux Presses du r\u00e9el.<br \/>\nBien cordialement,<br \/>\nVincent Broqua<\/p>\n<p>A l&rsquo;occasion de la parution de<\/p>\n<p><strong>Malgr\u00e9 la ligne droite<\/strong><br \/>\nL&rsquo;\u00e9criture am\u00e9ricaine de Josef Albers<br \/>\n(Les Presses du R\u00e9el)<\/p>\n<p>La librairie Mich\u00e8le Ignazi<br \/>\na le plaisir de vous inviter \u00e0 une rencontre avec<\/p>\n<p><strong>VINCENT BROQUA<\/strong><\/p>\n<p>le mercredi 22 septembre 2021<br \/>\n\u00e0 19 heures<\/p>\n<p>Librairie Mich\u00e8le Ignazi<br \/>\n17, rue de Jouy<br \/>\n75004 Paris<br \/>\n01 42 71 17 00<br \/>\nm\u00e9tro : Saint-Paul ou Pont-Marie<\/p>\n<p>Vincent Broqua<br \/>\nProfesseur des Universit\u00e9s<br \/>\n(Litt\u00e9rature et arts nord-am\u00e9ricains, traduction, recherche-cr\u00e9ation)<br \/>\nDirecteur de l&rsquo;UR Transferts Critiques Anglophones<\/p>\n<p>Universit\u00e9 de Paris 8 Vincennes Saint-Denis<br \/>\nD\u00e9partement d&rsquo;Etudes des Pays Anglophones<br \/>\nUR Transferts critiques anglophones<br \/>\n2 rue de la Libert\u00e9<br \/>\n93526 Saint-Denis Cedex<\/p>\n","protected":false},"excerpt":{"rendered":"<p>Ch\u00e8res et ch\u00e8res coll\u00e8gues, veuillez trouver ci-dessous l&rsquo;annonce de la pr\u00e9sentation de Malgr\u00e9 la ligne droite, l&rsquo;\u00e9criture am\u00e9ricaine de Josef [&hellip;]<\/p>\n","protected":false},"author":1,"featured_media":0,"comment_status":"","ping_status":"open","sticky":false,"template":"","format":"standard","meta":{"_uag_custom_page_level_css":"","site-sidebar-layout":"default","site-content-layout":"","ast-site-content-layout":"default","site-content-style":"default","site-sidebar-style":"default","ast-global-header-display":"","ast-banner-title-visibility":"","ast-main-header-display":"","ast-hfb-above-header-display":"","ast-hfb-below-header-display":"","ast-hfb-mobile-header-display":"","site-post-title":"","ast-breadcrumbs-content":"","ast-featured-img":"","footer-sml-layout":"","ast-disable-related-posts":"","theme-transparent-header-meta":"","adv-header-id-meta":"","stick-header-meta":"","header-above-stick-meta":"","header-main-stick-meta":"","header-below-stick-meta":"","astra-migrate-meta-layouts":"default","ast-page-background-enabled":"default","ast-page-background-meta":{"desktop":{"background-color":"var(--ast-global-color-5)","background-image":"","background-repeat":"repeat","background-position":"center center","background-size":"auto","background-attachment":"scroll","background-type":"","background-media":"","overlay-type":"","overlay-color":"","overlay-opacity":"","overlay-gradient":""},"tablet":{"background-color":"","background-image":"","background-repeat":"repeat","background-position":"center center","background-size":"auto","background-attachment":"scroll","background-type":"","background-media":"","overlay-type":"","overlay-color":"","overlay-opacity":"","overlay-gradient":""},"mobile":{"background-color":"","background-image":"","background-repeat":"repeat","background-position":"center center","background-size":"auto","background-attachment":"scroll","background-type":"","background-media":"","overlay-type":"","overlay-color":"","overlay-opacity":"","overlay-gradient":""}},"ast-content-background-meta":{"desktop":{"background-color":"var(--ast-global-color-4)","background-image":"","background-repeat":"repeat","background-position":"center center","background-size":"auto","background-attachment":"scroll","background-type":"","background-media":"","overlay-type":"","overlay-color":"","overlay-opacity":"","overlay-gradient":""},"tablet":{"background-color":"var(--ast-global-color-4)","background-image":"","background-repeat":"repeat","background-position":"center center","background-size":"auto","background-attachment":"scroll","background-type":"","background-media":"","overlay-type":"","overlay-color":"","overlay-opacity":"","overlay-gradient":""},"mobile":{"background-color":"var(--ast-global-color-4)","background-image":"","background-repeat":"repeat","background-position":"center center","background-size":"auto","background-attachment":"scroll","background-type":"","background-media":"","overlay-type":"","overlay-color":"","overlay-opacity":"","overlay-gradient":""}},"_jetpack_memberships_contains_paid_content":false,"footnotes":""},"categories":[568],"tags":[576,577,427],"class_list":["post-2156","post","type-post","status-publish","format-standard","hentry","category-conference-symposium","tag-albers","tag-monograph","tag-writing"],"jetpack_featured_media_url":"","uagb_featured_image_src":{"full":false,"thumbnail":false,"medium":false,"medium_large":false,"large":false,"1536x1536":false,"2048x2048":false},"uagb_author_info":{"display_name":"Admin","author_link":"https:\/\/afea.fr\/news\/author\/yanb\/"},"uagb_comment_info":0,"uagb_excerpt":"Ch\u00e8res et ch\u00e8res coll\u00e8gues, veuillez trouver ci-dessous l&rsquo;annonce de la pr\u00e9sentation de Malgr\u00e9 la ligne droite, l&rsquo;\u00e9criture am\u00e9ricaine de Josef [&hellip;]","jetpack_sharing_enabled":true,"_links":{"self":[{"href":"https:\/\/afea.fr\/news\/wp-json\/wp\/v2\/posts\/2156"}],"collection":[{"href":"https:\/\/afea.fr\/news\/wp-json\/wp\/v2\/posts"}],"about":[{"href":"https:\/\/afea.fr\/news\/wp-json\/wp\/v2\/types\/post"}],"author":[{"embeddable":true,"href":"https:\/\/afea.fr\/news\/wp-json\/wp\/v2\/users\/1"}],"replies":[{"embeddable":true,"href":"https:\/\/afea.fr\/news\/wp-json\/wp\/v2\/comments?post=2156"}],"version-history":[{"count":0,"href":"https:\/\/afea.fr\/news\/wp-json\/wp\/v2\/posts\/2156\/revisions"}],"wp:attachment":[{"href":"https:\/\/afea.fr\/news\/wp-json\/wp\/v2\/media?parent=2156"}],"wp:term":[{"taxonomy":"category","embeddable":true,"href":"https:\/\/afea.fr\/news\/wp-json\/wp\/v2\/categories?post=2156"},{"taxonomy":"post_tag","embeddable":true,"href":"https:\/\/afea.fr\/news\/wp-json\/wp\/v2\/tags?post=2156"}],"curies":[{"name":"wp","href":"https:\/\/api.w.org\/{rel}","templated":true}]}}