{"id":2153,"date":"2021-09-05T00:43:33","date_gmt":"2021-09-04T22:43:33","guid":{"rendered":"https:\/\/afea.fr\/news\/conference-symposium\/rappel-aac-colloque-crises-urbaines-en-amerique-du-nord-6e-rencontre-euna-etudes-urbaines-nord-americaine-s-vendredi-11-decembre-2021\/2153\/"},"modified":"2021-09-05T00:43:33","modified_gmt":"2021-09-04T22:43:33","slug":"rappel-aac-colloque-crises-urbaines-en-amerique-du-nord-6e-rencontre-euna-etudes-urbaines-nord-americaine-s-vendredi-11-decembre-2021","status":"publish","type":"post","link":"https:\/\/afea.fr\/news\/conference-symposium\/rappel-aac-colloque-crises-urbaines-en-amerique-du-nord-6e-rencontre-euna-etudes-urbaines-nord-americaine-s-vendredi-11-decembre-2021\/2153\/","title":{"rendered":"Rappel AAC Colloque \u00ab\u00a0Crises urbaines en Am\u00e9rique du Nord\u00a0\u00bb &#8211; 6e rencontre EUNA (Etudes Urbaines Nord-Am\u00e9ricaine  s) &#8211; Vendredi 11 d\u00e9cembre 2021"},"content":{"rendered":"<p>Cher.es coll\u00e8gues,<\/p>\n<p>Nous esp\u00e9rons que vous avez pass\u00e9 d&rsquo;agr\u00e9ables vacances.<br \/>\nUn rappel de rentr\u00e9e concernant le <strong>colloque interdisciplinaire &quot;Crises urbaines en Am\u00e9rique du Nord&quot;<\/strong>, dans le cadre des <strong>6es rencontres du r\u00e9seau EUNA <\/strong>(\u00c9tudes Urbaines Nord-Am\u00e9ricaines).<\/p>\n<p>Les conditions sanitaires nous laissent esp\u00e9rer une tenue en pr\u00e9sentiel le vendredi 11 d\u00e9cembre 2021 \u00e0 l&rsquo;Universit\u00e9 Paris-Ouest Nanterre.<\/p>\n<p><strong>L&rsquo;appel \u00e0 communication est disponible en pdf depuis cette page<\/strong> :<br \/>\n<a href=\"https:\/\/www.lvmt.fr\/aac-colloque-crises-urbaines-en-amerique-du-nord-vendredi-11-decembre-2021\/\">https:\/\/www.lvmt.fr\/aac-colloque-crises-urbaines-en-amerique-du-nord-vendredi-11-decembre-2021\/<\/a><br \/>\nou <strong>depuis le nouveau site internet du r\u00e9seau EUNA<\/strong> : <a href=\"https:\/\/reseaueuna.wordpress.com\/actualites\/\">https:\/\/reseaueuna.wordpress.com\/actualites\/<\/a><\/p>\n<p><strong>Les propositions de communication doivent \u00eatre d\u00e9pos\u00e9es via le formulaire en ligne accessible depuis l&rsquo;appel.<br \/>\n<\/strong>Chaque proposition doit se composer d\u2019un r\u00e9sum\u00e9 de 3000 signes (maximum) et \u00eatre accompagn\u00e9e d\u2019un titre, de cinq mots-cl\u00e9s et d\u2019une mini-biographie du ou des auteurs.autrices. Le r\u00e9sum\u00e9 devra pr\u00e9ciser l\u2019objet d\u2019\u00e9tude, l\u2019approche, les hypoth\u00e8ses de recherche ainsi que la m\u00e9thodologie.<br \/>\n<strong>La date limite de d\u00e9p\u00f4t est fix\u00e9e au lundi 13 septembre 2021 au soir. <\/strong><\/p>\n<p>Nous restons \u00e0 votre disposition pour toute question compl\u00e9mentaire \u00e0 l&rsquo;adresse reseaueuna.<\/p>\n<p>N&rsquo;h\u00e9sitez pas \u00e0 diffuser cet appel dans vos r\u00e9seaux respectifs. La r\u00e9ussite de ces journ\u00e9es repose aussi sur la pluridisciplinarit\u00e9 et la vari\u00e9t\u00e9 des participants.<\/p>\n<p>Bon courage pour cette rentr\u00e9e !<\/p>\n<p><strong>Pour le comit\u00e9 scientifique : <\/strong><br \/>\nSonia LEHMAN-FRISCH, Laboratoire Mosa\u00efques\/LAVUE (UMR 7218), Universit\u00e9 Paris Nanterre<br \/>\nPascale N\u00c9D\u00c9LEC, Education Nationale (Acad\u00e9mie de Paris)<br \/>\nCharlotte RECOQUILLON, Institut Fran\u00e7ais de G\u00e9opolitique, Universit\u00e9 Paris 8<br \/>\nMatthieu SCHORUNG, Laboratoire Ville Mobilit\u00e9 Transport (UMR-T 9403), Universit\u00e9 Gustave Eiffel<br \/>\nYohann LE MOIGNE, Laboratoire Langues, Litt\u00e9ratures, Linguistique (3Lam), Universit\u00e9 d\u2019Angers<br \/>\nLauric HENNETON, Laboratoire Dynamiques patrimoniales et culturelles (DYPAC), Universit\u00e9 de Versailles Saint-Quentin-en-Yvelines<br \/>\nHilary SANDERS , Laboratoire Cultures Anglo-Saxonnes (CAS), Universit\u00e9 Toulouse 2 Jean Jaur\u00e8s<br \/>\nMame-Fatou NIANG, Department of Modern Languages, Carnegie Mellon University (Pittsburgh)<\/p>\n<table>\n<tbody>\n<tr>\n<td><\/td>\n<td valign=\"top\"><strong>Yohann LE MOIGNE<\/strong><br \/>\nMa\u00eetre de conf\u00e9rences en \u00e9tudes \u00e9tatsuniennes &#8211; Associate professor of American Studies<br \/>\nResponsable du Master 1<br \/>\n<strong>Facult\u00e9 des lettres, langues et sciences humaines<\/strong><br \/>\n<strong>LEA (Langue \u00e9trang\u00e8re appliqu\u00e9e)<\/strong><br \/>\n<strong>Enseignants et Chercheurs<\/strong><br \/>\n11 bd Lavoisier<br \/>\n49045 Angers cedex 01<br \/>\n<strong>T.<\/strong> 0241226467<\/td>\n<td><\/td>\n<\/tr>\n<\/tbody>\n<\/table>\n","protected":false},"excerpt":{"rendered":"<p>Cher.es coll\u00e8gues, Nous esp\u00e9rons que vous avez pass\u00e9 d&rsquo;agr\u00e9ables vacances. Un rappel de rentr\u00e9e concernant le colloque interdisciplinaire &quot;Crises urbaines [&hellip;]<\/p>\n","protected":false},"author":1,"featured_media":0,"comment_status":"","ping_status":"open","sticky":false,"template":"","format":"standard","meta":{"_uag_custom_page_level_css":"","site-sidebar-layout":"default","site-content-layout":"","ast-site-content-layout":"default","site-content-style":"default","site-sidebar-style":"default","ast-global-header-display":"","ast-banner-title-visibility":"","ast-main-header-display":"","ast-hfb-above-header-display":"","ast-hfb-below-header-display":"","ast-hfb-mobile-header-display":"","site-post-title":"","ast-breadcrumbs-content":"","ast-featured-img":"","footer-sml-layout":"","ast-disable-related-posts":"","theme-transparent-header-meta":"","adv-header-id-meta":"","stick-header-meta":"","header-above-stick-meta":"","header-main-stick-meta":"","header-below-stick-meta":"","astra-migrate-meta-layouts":"default","ast-page-background-enabled":"default","ast-page-background-meta":{"desktop":{"background-color":"var(--ast-global-color-5)","background-image":"","background-repeat":"repeat","background-position":"center center","background-size":"auto","background-attachment":"scroll","background-type":"","background-media":"","overlay-type":"","overlay-color":"","overlay-opacity":"","overlay-gradient":""},"tablet":{"background-color":"","background-image":"","background-repeat":"repeat","background-position":"center center","background-size":"auto","background-attachment":"scroll","background-type":"","background-media":"","overlay-type":"","overlay-color":"","overlay-opacity":"","overlay-gradient":""},"mobile":{"background-color":"","background-image":"","background-repeat":"repeat","background-position":"center center","background-size":"auto","background-attachment":"scroll","background-type":"","background-media":"","overlay-type":"","overlay-color":"","overlay-opacity":"","overlay-gradient":""}},"ast-content-background-meta":{"desktop":{"background-color":"var(--ast-global-color-4)","background-image":"","background-repeat":"repeat","background-position":"center center","background-size":"auto","background-attachment":"scroll","background-type":"","background-media":"","overlay-type":"","overlay-color":"","overlay-opacity":"","overlay-gradient":""},"tablet":{"background-color":"var(--ast-global-color-4)","background-image":"","background-repeat":"repeat","background-position":"center center","background-size":"auto","background-attachment":"scroll","background-type":"","background-media":"","overlay-type":"","overlay-color":"","overlay-opacity":"","overlay-gradient":""},"mobile":{"background-color":"var(--ast-global-color-4)","background-image":"","background-repeat":"repeat","background-position":"center center","background-size":"auto","background-attachment":"scroll","background-type":"","background-media":"","overlay-type":"","overlay-color":"","overlay-opacity":"","overlay-gradient":""}},"_jetpack_memberships_contains_paid_content":false,"footnotes":""},"categories":[568],"tags":[369,571,400],"class_list":["post-2153","post","type-post","status-publish","format-standard","hentry","category-conference-symposium","tag-crisis","tag-urban","tag-usa"],"jetpack_featured_media_url":"","uagb_featured_image_src":{"full":false,"thumbnail":false,"medium":false,"medium_large":false,"large":false,"1536x1536":false,"2048x2048":false},"uagb_author_info":{"display_name":"Admin","author_link":"https:\/\/afea.fr\/news\/author\/yanb\/"},"uagb_comment_info":0,"uagb_excerpt":"Cher.es coll\u00e8gues, Nous esp\u00e9rons que vous avez pass\u00e9 d&rsquo;agr\u00e9ables vacances. Un rappel de rentr\u00e9e concernant le colloque interdisciplinaire &quot;Crises urbaines [&hellip;]","jetpack_sharing_enabled":true,"_links":{"self":[{"href":"https:\/\/afea.fr\/news\/wp-json\/wp\/v2\/posts\/2153"}],"collection":[{"href":"https:\/\/afea.fr\/news\/wp-json\/wp\/v2\/posts"}],"about":[{"href":"https:\/\/afea.fr\/news\/wp-json\/wp\/v2\/types\/post"}],"author":[{"embeddable":true,"href":"https:\/\/afea.fr\/news\/wp-json\/wp\/v2\/users\/1"}],"replies":[{"embeddable":true,"href":"https:\/\/afea.fr\/news\/wp-json\/wp\/v2\/comments?post=2153"}],"version-history":[{"count":0,"href":"https:\/\/afea.fr\/news\/wp-json\/wp\/v2\/posts\/2153\/revisions"}],"wp:attachment":[{"href":"https:\/\/afea.fr\/news\/wp-json\/wp\/v2\/media?parent=2153"}],"wp:term":[{"taxonomy":"category","embeddable":true,"href":"https:\/\/afea.fr\/news\/wp-json\/wp\/v2\/categories?post=2153"},{"taxonomy":"post_tag","embeddable":true,"href":"https:\/\/afea.fr\/news\/wp-json\/wp\/v2\/tags?post=2153"}],"curies":[{"name":"wp","href":"https:\/\/api.w.org\/{rel}","templated":true}]}}