{"id":2114,"date":"2021-07-09T00:34:46","date_gmt":"2021-07-08T22:34:46","guid":{"rendered":"https:\/\/afea.fr\/news\/?p=2114"},"modified":"2021-07-09T00:34:47","modified_gmt":"2021-07-08T22:34:47","slug":"genevieve-girard-gillet","status":"publish","type":"post","link":"https:\/\/afea.fr\/news\/in-memoriam\/genevieve-girard-gillet\/2114\/","title":{"rendered":"Genevi\u00e8ve Girard-Gillet"},"content":{"rendered":"\n<p>Ch\u00e8res et ch\u00e8res coll\u00e8gues,<\/p>\n\n\n\n<p>C\u2019est avec une tristesse profonde que j\u2019apprends le d\u00e9c\u00e8s de Genevi\u00e8ve Girard-Gillet, qui a \u00e9t\u00e9 pour moi non seulement une vice-pr\u00e9sidence de CAPES remarquable (c\u2019est \u00e0 ce moment que je l\u2019ai connue, en 2000), une membre de mon jury de th\u00e8se si bienveillante, une garante d\u2019HDR que je souhaite \u00e0 tout coll\u00e8gue, et une amie fid\u00e8le. Je me souviendrai toujours de nos discussions sur les faits de langue au CAPES et sur le niveau d\u2019exigence qu\u2019il \u00e9tait le plus juste d\u2019avoir, ses injonctions \u00ab&nbsp;\u00e0 prendre un peu de temps de temps pour moi et mes fils, sinon elle me le reprocherait le jour de ma soutenance de th\u00e8se&nbsp;\u00bb, le temps qu\u2019elle n\u2019a jamais compt\u00e9 pour me guider dans mon HDR, et les nombreux \u00e9changes que nous avons eus apr\u00e8s sa retraite, lorsqu\u2019elle me parlait du plaisir qu\u2019elle avait \u00e0 passer du temps avec ses petites-filles.<\/p>\n\n\n\n<p>Genevi\u00e8ve \u00e9tait une de ces coll\u00e8gues qui avait enseign\u00e9 dans le secondaire (en lyc\u00e9e professionnel), puis en lyc\u00e9e g\u00e9n\u00e9ral, puis \u00e0 l\u2019universit\u00e9, en gardant toujours cette simplicit\u00e9, mais aussi cette exigence qui la d\u00e9finissait. Elle est pour moi un mod\u00e8le que je n\u2019ai cess\u00e9 d\u2019imiter, et elle va r\u00e9ellement nous manquer, aussi bien pour son expertise scientifique que pour sa r\u00e9elle bont\u00e9 et humanit\u00e9. Ce soir, la communaut\u00e9 des anglicistes perd une coll\u00e8gue inestimable, et j\u2019ai non seulement une pens\u00e9e pour elle et ses proches, mais aussi pour Claude Delmas, mon directeur de th\u00e8se, avec qui elle \u00e9tait intimement associ\u00e9e dans mon esprit. C\u2019est donc avec \u00e9norm\u00e9ment de peine, de tristesse et d\u2019\u00e9motion que je dis au revoir \u00e0 Genevi\u00e8ve.<\/p>\n\n\n\n<p><strong>Denis JAMET<\/strong><\/p>\n\n\n\n<p><\/p>\n\n\n\n<p><\/p>\n\n\n\n<p><\/p>\n\n\n\n<p><\/p>\n","protected":false},"excerpt":{"rendered":"<p>Ch\u00e8res et ch\u00e8res coll\u00e8gues, C\u2019est avec une tristesse profonde que j\u2019apprends le d\u00e9c\u00e8s de Genevi\u00e8ve Girard-Gillet, qui a \u00e9t\u00e9 pour [&hellip;]<\/p>\n","protected":false},"author":7,"featured_media":0,"comment_status":"closed","ping_status":"open","sticky":false,"template":"","format":"standard","meta":{"_uag_custom_page_level_css":"","site-sidebar-layout":"default","site-content-layout":"default","ast-site-content-layout":"default","site-content-style":"default","site-sidebar-style":"default","ast-global-header-display":"","ast-banner-title-visibility":"","ast-main-header-display":"","ast-hfb-above-header-display":"","ast-hfb-below-header-display":"","ast-hfb-mobile-header-display":"","site-post-title":"","ast-breadcrumbs-content":"","ast-featured-img":"","footer-sml-layout":"","ast-disable-related-posts":"","theme-transparent-header-meta":"default","adv-header-id-meta":"","stick-header-meta":"","header-above-stick-meta":"","header-main-stick-meta":"","header-below-stick-meta":"","astra-migrate-meta-layouts":"default","ast-page-background-enabled":"default","ast-page-background-meta":{"desktop":{"background-color":"var(--ast-global-color-5)","background-image":"","background-repeat":"repeat","background-position":"center center","background-size":"auto","background-attachment":"scroll","background-type":"","background-media":"","overlay-type":"","overlay-color":"","overlay-opacity":"","overlay-gradient":""},"tablet":{"background-color":"","background-image":"","background-repeat":"repeat","background-position":"center center","background-size":"auto","background-attachment":"scroll","background-type":"","background-media":"","overlay-type":"","overlay-color":"","overlay-opacity":"","overlay-gradient":""},"mobile":{"background-color":"","background-image":"","background-repeat":"repeat","background-position":"center center","background-size":"auto","background-attachment":"scroll","background-type":"","background-media":"","overlay-type":"","overlay-color":"","overlay-opacity":"","overlay-gradient":""}},"ast-content-background-meta":{"desktop":{"background-color":"var(--ast-global-color-4)","background-image":"","background-repeat":"repeat","background-position":"center center","background-size":"auto","background-attachment":"scroll","background-type":"","background-media":"","overlay-type":"","overlay-color":"","overlay-opacity":"","overlay-gradient":""},"tablet":{"background-color":"var(--ast-global-color-4)","background-image":"","background-repeat":"repeat","background-position":"center center","background-size":"auto","background-attachment":"scroll","background-type":"","background-media":"","overlay-type":"","overlay-color":"","overlay-opacity":"","overlay-gradient":""},"mobile":{"background-color":"var(--ast-global-color-4)","background-image":"","background-repeat":"repeat","background-position":"center center","background-size":"auto","background-attachment":"scroll","background-type":"","background-media":"","overlay-type":"","overlay-color":"","overlay-opacity":"","overlay-gradient":""}},"_jetpack_memberships_contains_paid_content":false,"footnotes":""},"categories":[256],"tags":[175],"class_list":["post-2114","post","type-post","status-publish","format-standard","hentry","category-in-memoriam","tag-in-memoriam"],"jetpack_featured_media_url":"","uagb_featured_image_src":{"full":false,"thumbnail":false,"medium":false,"medium_large":false,"large":false,"1536x1536":false,"2048x2048":false},"uagb_author_info":{"display_name":"David Lipson","author_link":"https:\/\/afea.fr\/news\/author\/davidl\/"},"uagb_comment_info":0,"uagb_excerpt":"Ch\u00e8res et ch\u00e8res coll\u00e8gues, C\u2019est avec une tristesse profonde que j\u2019apprends le d\u00e9c\u00e8s de Genevi\u00e8ve Girard-Gillet, qui a \u00e9t\u00e9 pour [&hellip;]","jetpack_sharing_enabled":true,"_links":{"self":[{"href":"https:\/\/afea.fr\/news\/wp-json\/wp\/v2\/posts\/2114"}],"collection":[{"href":"https:\/\/afea.fr\/news\/wp-json\/wp\/v2\/posts"}],"about":[{"href":"https:\/\/afea.fr\/news\/wp-json\/wp\/v2\/types\/post"}],"author":[{"embeddable":true,"href":"https:\/\/afea.fr\/news\/wp-json\/wp\/v2\/users\/7"}],"replies":[{"embeddable":true,"href":"https:\/\/afea.fr\/news\/wp-json\/wp\/v2\/comments?post=2114"}],"version-history":[{"count":1,"href":"https:\/\/afea.fr\/news\/wp-json\/wp\/v2\/posts\/2114\/revisions"}],"predecessor-version":[{"id":2115,"href":"https:\/\/afea.fr\/news\/wp-json\/wp\/v2\/posts\/2114\/revisions\/2115"}],"wp:attachment":[{"href":"https:\/\/afea.fr\/news\/wp-json\/wp\/v2\/media?parent=2114"}],"wp:term":[{"taxonomy":"category","embeddable":true,"href":"https:\/\/afea.fr\/news\/wp-json\/wp\/v2\/categories?post=2114"},{"taxonomy":"post_tag","embeddable":true,"href":"https:\/\/afea.fr\/news\/wp-json\/wp\/v2\/tags?post=2114"}],"curies":[{"name":"wp","href":"https:\/\/api.w.org\/{rel}","templated":true}]}}