{"id":2099,"date":"2021-07-05T09:16:23","date_gmt":"2021-07-05T07:16:23","guid":{"rendered":"https:\/\/afea.fr\/news\/soutenance\/ibrahim-bechrouri-08-07-approche-geopoliti-que-des-strategies-de-lutte-anti-terroriste-du-nypd\/2099\/"},"modified":"2021-07-05T09:16:23","modified_gmt":"2021-07-05T07:16:23","slug":"ibrahim-bechrouri-08-07-approche-geopoliti-que-des-strategies-de-lutte-anti-terroriste-du-nypd","status":"publish","type":"post","link":"https:\/\/afea.fr\/news\/soutenance\/ibrahim-bechrouri-08-07-approche-geopoliti-que-des-strategies-de-lutte-anti-terroriste-du-nypd\/2099\/","title":{"rendered":"Ibrahim Bechrouri 08\/07 &#8211; Approche g\u00e9opoliti que des strat\u00e9gies de lutte anti-terroriste du NYPD"},"content":{"rendered":"<p>Cher.e.s coll\u00e8gues,<br \/>\nJ\u2019ai le plaisir de vous convier \u00e0 la soutenance de ma th\u00e8se intitul\u00e9e <em><strong>Approche g\u00e9opolitique des strat\u00e9gies de lutte anti-terroriste du New York Police Department : une analyse multi-scalaire.<\/strong><\/em><\/p>\n<p>Elle aura lieu sur Zoom le <strong>jeudi 8 juillet \u00e0 15h<\/strong>, heure de Paris et vous pourrez y assister en cliquant <a href=\"https:\/\/zoom.us\/j\/98551724814?pwd=dmZzQ21nSWtGcXFvek9rT3pUZFdtQT09\">ici<\/a> ou sur le lien suivant : <a href=\"https:\/\/zoom.us\/j\/98551724814?pwd=dmZzQ21nSWtGcXFvek9rT3pUZFdtQT09\">https:\/\/zoom.us\/j\/98551724814?pwd=dmZzQ21nSWtGcXFvek9rT3pUZFdtQT09<\/a>.<\/p>\n<p>Si vous souhaitez assister \u00e0 la soutenance, je vous remercie de bien vouloir me le <strong>confirmer par retour d\u2019email <\/strong>au plus vite. Votre <strong>confirmation est n\u00e9cessaire car l\u2019admission \u00e0 la r\u00e9union Zoom se fera avec vos pr\u00e9noms et noms <\/strong>complets.<\/p>\n<p>La th\u00e8se a \u00e9t\u00e9 r\u00e9alis\u00e9e sous la direction de Fr\u00e9d\u00e9rick Douzet (Universit\u00e9 Paris 8, Institut Fran\u00e7ais de G\u00e9opolitique).<\/p>\n<p>Le jury est compos\u00e9 de :<\/p>\n<ul>\n<li><strong>DOUZET Fre\u0301de\u0301rick<\/strong>, Directrice de the\u0300se, Professeure a\u0300 l\u2019Universite\u0301 Paris 8<\/li>\n<li><strong>GIBAND David<\/strong>, Professeur \u00e0 l\u2019universit\u00e9 de Perpignan Via Domitia, rapporteur<\/li>\n<li><strong>GIBLIN Be\u0301atrice<\/strong>, Professeure \u00e9m\u00e9rite a\u0300 l\u2019Universite\u0301 Paris 8<\/li>\n<li><strong>KASSEM Ramzi<\/strong>, Professeur \u00e0 la City University of New York School of Law<\/li>\n<li><strong>MICHELOT Vincent<\/strong>, Professeur \u00e0 Sciences Po Lyon, rapporteur<\/li>\n<li><strong>VAGNOUX Isabelle<\/strong>, Professeure \u00e0 l&rsquo;Universit\u00e9 d&rsquo;Aix-Marseille<\/li>\n<\/ul>\n<p><strong>R\u00e9sum\u00e9 de la th\u00e8se :<\/strong> Pris de court et impuissant face aux attaques du 11 septembre 2001, le New York Police Department (NYPD), d\u00e9cide de s&rsquo;engager pleinement dans la guerre globale contre la terreur. Ce nouvel acteur de l&rsquo;antiterrorisme doit composer avec des rivaux bien install\u00e9s et avec lesquels il doit coop\u00e9rer. Il doit aussi agir dans un cadre d\u00e9mocratique pr\u00e9cis, qu&rsquo;il va modifier et d\u00e9tourner pour mettre en place un dispositif antiterroriste reposant largement sur un programme de surveillance tenu secret. Ce faisant, le NYPD devient une partie, et \u00e9galement un exemple, de la machine antiterroriste \u00e9tasunienne. Cette machine est aliment\u00e9e par un certain nombre de boucles de r\u00e9troactions amorc\u00e9es et sustent\u00e9s par les repr\u00e9sentations des acteurs et des enjeux de pouvoir. Elle change la soci\u00e9t\u00e9 am\u00e9ricaine et affecte les individus qui la composent. En \u00e9tat de si\u00e8ge constant, pour \u00e9viter que la trag\u00e9die de septembre 2001 ne se reproduise, le NYPD et la machine antiterroriste \u00e9tasunienne finissent par \u00eatre per\u00e7us comme les moteurs d&rsquo;un \u00c9tat policier en devenir par une frange de la population. Cette repr\u00e9sentation pousse certains acteurs \u00e0 se mobiliser contre les strat\u00e9gies d&rsquo;antiterrorisme du NYPD quand d&rsquo;autres pr\u00e9f\u00e8rent dialoguer avec l&rsquo;institution polici\u00e8re ou, convaincus de son bien-fond\u00e9, soutenir son action contre le terrorisme.<\/p>\n<p>Au plaisir de vous retrouver le jeudi 8 juillet.<\/p>\n<p>Ibrahim Bechrouri<br \/>\nPhD candidate at the Institut Fran\u00e7ais de G\u00e9opolitique<br \/>\nAdjunct Lecturer at the John Jay College of Criminal Justice (CUNY)<br \/>\n<a>+1 (551) 248-2562<\/a><\/p>\n<p><a>+33 6 20 48 05 28<\/a><\/p>\n","protected":false},"excerpt":{"rendered":"<p>Cher.e.s coll\u00e8gues, J\u2019ai le plaisir de vous convier \u00e0 la soutenance de ma th\u00e8se intitul\u00e9e Approche g\u00e9opolitique des strat\u00e9gies de [&hellip;]<\/p>\n","protected":false},"author":1,"featured_media":0,"comment_status":"","ping_status":"open","sticky":false,"template":"","format":"standard","meta":{"_uag_custom_page_level_css":"","site-sidebar-layout":"default","site-content-layout":"","ast-site-content-layout":"default","site-content-style":"default","site-sidebar-style":"default","ast-global-header-display":"","ast-banner-title-visibility":"","ast-main-header-display":"","ast-hfb-above-header-display":"","ast-hfb-below-header-display":"","ast-hfb-mobile-header-display":"","site-post-title":"","ast-breadcrumbs-content":"","ast-featured-img":"","footer-sml-layout":"","ast-disable-related-posts":"","theme-transparent-header-meta":"","adv-header-id-meta":"","stick-header-meta":"","header-above-stick-meta":"","header-main-stick-meta":"","header-below-stick-meta":"","astra-migrate-meta-layouts":"default","ast-page-background-enabled":"default","ast-page-background-meta":{"desktop":{"background-color":"var(--ast-global-color-5)","background-image":"","background-repeat":"repeat","background-position":"center center","background-size":"auto","background-attachment":"scroll","background-type":"","background-media":"","overlay-type":"","overlay-color":"","overlay-opacity":"","overlay-gradient":""},"tablet":{"background-color":"","background-image":"","background-repeat":"repeat","background-position":"center center","background-size":"auto","background-attachment":"scroll","background-type":"","background-media":"","overlay-type":"","overlay-color":"","overlay-opacity":"","overlay-gradient":""},"mobile":{"background-color":"","background-image":"","background-repeat":"repeat","background-position":"center center","background-size":"auto","background-attachment":"scroll","background-type":"","background-media":"","overlay-type":"","overlay-color":"","overlay-opacity":"","overlay-gradient":""}},"ast-content-background-meta":{"desktop":{"background-color":"var(--ast-global-color-4)","background-image":"","background-repeat":"repeat","background-position":"center center","background-size":"auto","background-attachment":"scroll","background-type":"","background-media":"","overlay-type":"","overlay-color":"","overlay-opacity":"","overlay-gradient":""},"tablet":{"background-color":"var(--ast-global-color-4)","background-image":"","background-repeat":"repeat","background-position":"center center","background-size":"auto","background-attachment":"scroll","background-type":"","background-media":"","overlay-type":"","overlay-color":"","overlay-opacity":"","overlay-gradient":""},"mobile":{"background-color":"var(--ast-global-color-4)","background-image":"","background-repeat":"repeat","background-position":"center center","background-size":"auto","background-attachment":"scroll","background-type":"","background-media":"","overlay-type":"","overlay-color":"","overlay-opacity":"","overlay-gradient":""}},"_jetpack_memberships_contains_paid_content":false,"footnotes":""},"categories":[102],"tags":[459,458,460],"class_list":["post-2099","post","type-post","status-publish","format-standard","hentry","category-soutenance","tag-anti-terrorism","tag-geopolitics","tag-nypd"],"jetpack_featured_media_url":"","uagb_featured_image_src":{"full":false,"thumbnail":false,"medium":false,"medium_large":false,"large":false,"1536x1536":false,"2048x2048":false},"uagb_author_info":{"display_name":"Admin","author_link":"https:\/\/afea.fr\/news\/author\/yanb\/"},"uagb_comment_info":0,"uagb_excerpt":"Cher.e.s coll\u00e8gues, J\u2019ai le plaisir de vous convier \u00e0 la soutenance de ma th\u00e8se intitul\u00e9e Approche g\u00e9opolitique des strat\u00e9gies de [&hellip;]","jetpack_sharing_enabled":true,"_links":{"self":[{"href":"https:\/\/afea.fr\/news\/wp-json\/wp\/v2\/posts\/2099"}],"collection":[{"href":"https:\/\/afea.fr\/news\/wp-json\/wp\/v2\/posts"}],"about":[{"href":"https:\/\/afea.fr\/news\/wp-json\/wp\/v2\/types\/post"}],"author":[{"embeddable":true,"href":"https:\/\/afea.fr\/news\/wp-json\/wp\/v2\/users\/1"}],"replies":[{"embeddable":true,"href":"https:\/\/afea.fr\/news\/wp-json\/wp\/v2\/comments?post=2099"}],"version-history":[{"count":0,"href":"https:\/\/afea.fr\/news\/wp-json\/wp\/v2\/posts\/2099\/revisions"}],"wp:attachment":[{"href":"https:\/\/afea.fr\/news\/wp-json\/wp\/v2\/media?parent=2099"}],"wp:term":[{"taxonomy":"category","embeddable":true,"href":"https:\/\/afea.fr\/news\/wp-json\/wp\/v2\/categories?post=2099"},{"taxonomy":"post_tag","embeddable":true,"href":"https:\/\/afea.fr\/news\/wp-json\/wp\/v2\/tags?post=2099"}],"curies":[{"name":"wp","href":"https:\/\/api.w.org\/{rel}","templated":true}]}}