{"id":2091,"date":"2021-07-01T21:24:25","date_gmt":"2021-07-01T19:24:25","guid":{"rendered":"https:\/\/afea.fr\/news\/?p=2091"},"modified":"2021-07-15T13:21:16","modified_gmt":"2021-07-15T11:21:16","slug":"liliane-kerjan","status":"publish","type":"post","link":"https:\/\/afea.fr\/news\/in-memoriam\/liliane-kerjan\/2091\/","title":{"rendered":"Liliane Kerjan"},"content":{"rendered":"\n<p>Featured image: <em>Liliane Kerjan (2013) \u00a9 Institut franco-am\u00e9ricain de Rennes\/Sylvie Math\u00e9<\/em><\/p>\n\n\n\n<p>Ch\u00e8res et chers coll\u00e8gues,<\/p>\n\n\n\n<p>Nous avons la grande tristesse de vous annoncer le d\u00e9c\u00e8s \u00e0 l\u2019\u00e2ge de 81 ans de Liliane Kerjan, ancienne pr\u00e9sidente de l&rsquo;AFEA (1997-2000), survenu dans la nuit du 28 juin 2021. Ceux qui l&rsquo;ont connue savent combien Liliane \u00e9tait pleine d&rsquo;\u00e9nergie et de vitalit\u00e9 et son d\u00e9part \u00e0 la retraite n&rsquo;avait rien chang\u00e9 \u00e0 son rythme de travail, au contraire. De 2007 \u00e0 2020, elle a pr\u00e9sid\u00e9 l&rsquo;Institut Franco-Am\u00e9ricain de Rennes, s&rsquo;effor\u00e7ant de faire conna\u00eetre au plus grand nombre la culture des \u00c9tats-Unis en y accueillant notamment de nombreux am\u00e9ricanistes. Au cours de cette p\u00e9riode, elle a publi\u00e9 plusieurs biographies consacr\u00e9es \u00e0 des auteurs am\u00e9ricains (Tennessee Williams et Truman Capote [traduit en espagnol en Argentine] dans la collection Gallimard Folio biographies, Arthur Miller aux \u00e9ditions Les P\u00e9r\u00e9grines et Scott Fitzgerald chez Albin Michel) et \u00e0 de grandes figures (George Washington et Abraham Lincoln toujours dans la collection Folio biographies chez Gallimard). En octobre dernier, elle publiait encore un nouvel ouvrage chez Albin Michel <em>Ils ont fait un r\u00eave : Richard Wright, Ralph Ellison et James Baldwin: trois grands \u00e9crivains contre le racisme<\/em>.<\/p>\n\n\n\n<p>Liliane avait consacr\u00e9 sa th\u00e8se d&rsquo;\u00c9tat au th\u00e9\u00e2tre am\u00e9ricain et elle avait ensuite publi\u00e9 deux ouvrages portant sur l&rsquo;\u0153uvre d&rsquo;Edward Albee (<em>Albee<\/em> chez Seghers, Th\u00e9\u00e2tre de tous les temps n\u00b0 14 [1971] et <em>Le th\u00e9\u00e2tre d\u2019Edward Albee<\/em> chez Klincksieck [1978]). Mais la curiosit\u00e9 intellectuelle de Liliane \u00e9tait insatiable, ce qui l&rsquo;avait conduite \u00e0 passer \u00e9galement une Licence de droit en 1985 et \u00e0 devenir <em>Learned Scholar<\/em> \u00e0 la Yale Law School en 1987, puis \u00e0 publier en 1991 un livre intitul\u00e9 <em>L&rsquo;\u00e9galit\u00e9 aux Etats-Unis: Mythes et R\u00e9alit\u00e9s<\/em> (Presses Universitaires de Nancy).<\/p>\n\n\n\n<p>Liliane enseignait la litt\u00e9rature \u00e0 l&rsquo;Universit\u00e9 Rennes 2 o\u00f9 elle a effectu\u00e9 toute sa carri\u00e8re mais elle \u00e9tait toujours avide de d\u00e9couvrir de nouveaux horizons. Elle avait donc effectu\u00e9 un s\u00e9jour en qualit\u00e9 de Fulbright Professor \u00e0 l&rsquo;Universit\u00e9 de San Diego et avait particip\u00e9 \u00e0 trois reprises comme Fellow au s\u00e9minaire d\u2019\u00e9t\u00e9 de Salzbourg pour des sessions consacr\u00e9es au th\u00e9\u00e2tre ou au droit. Ses responsabilit\u00e9s au niveau national ont \u00e9galement inclus sa participation au jury d\u2019agr\u00e9gation ainsi que deux mandats au CNU.<\/p>\n\n\n\n<p>A Rennes 2, Liliane a toujours \u00e9t\u00e9 soucieuse de participer \u00e0 la vie de l&rsquo;\u00e9tablissement et c&rsquo;est ainsi qu&rsquo;elle a \u00e9t\u00e9 plusieurs ann\u00e9es vice-pr\u00e9sidente charg\u00e9e des Relations Internationales. Tout aussi attentive au travail de recherche, elle a \u00e9galement dirig\u00e9 pendant plusieurs ann\u00e9es l&rsquo;\u00e9quipe de recherche des anglicistes de Rennes 2 (ACE). Chaque ann\u00e9e, elle prenait \u00e9galement part aux colloques du GRENA, puis du LERMA, \u00e0 l&rsquo;Universit\u00e9 d&rsquo;Aix-Marseille. Enfin, ses nombreuses contributions \u00e0 la <em>RFEA<\/em> et son mandat \u00e0 la t\u00eate de notre association t\u00e9moignent de son d\u00e9vouement pour la propagation du savoir. Pour elle, la diffusion des connaissances \u00e9tait absolument essentielle.&nbsp;<\/p>\n\n\n\n<p>C&rsquo;est \u00e0 cela qu&rsquo;elle s&rsquo;est \u00e9galement employ\u00e9e en contribuant tr\u00e8s r\u00e9guli\u00e8rement, depuis 1986, au magazine <em>La Quinzaine litt\u00e9raire<\/em> devenu <em>En attendant Nadeau<\/em> en 2016 (son dernier article, paru dans le n\u00b0 129 du 9 juin 2021, portait sur <em>Chant des plaines<\/em> de Wright Morris). Outre la <em>RFEA<\/em>, elle a publi\u00e9 dans l\u2019<em>Encyclopaedia Universalis<\/em>, <em>Le Monde<\/em>, <em>Masques<\/em>, <em>\u00c9tudes anglaises<\/em>, <em>Coup de th\u00e9\u00e2tre<\/em>, la <em>Revue de la Com\u00e9die fran\u00e7aise<\/em><em>.<\/em><\/p>\n\n\n\n<p>Le mandat qu\u2019elle a exerc\u00e9 en qualit\u00e9 de Rectrice de l&rsquo;Acad\u00e9mie de Limoges, de 2000 \u00e0 2005, lui a donn\u00e9 d\u2019amples occasions de resserrer les liens entre ses responsabilit\u00e9s administratives et le monde de la culture et de l\u2019universit\u00e9&nbsp;: en t\u00e9moigne notamment le doctorat <em>honoris causa<\/em> de l\u2019Universit\u00e9 de Limoges d\u00e9cern\u00e9 par son interm\u00e9diaire au Professeur John Merriman de Yale, auteur du c\u00e9l\u00e8bre <em>The Red City: Limoges and the French Nineteenth Century<\/em> (1985), publi\u00e9 en fran\u00e7ais sous le titre<em> Limoges, la ville rouge<\/em> (1990).<\/p>\n\n\n\n<p>Figure reconnue sur le plan international \u2014 elle \u00e9tait membre du Conseil d\u2019Administration de l\u2019AUPELF (Association des Universit\u00e9s Partiellement ou Enti\u00e8rement de Langue fran\u00e7aise) de 1989 \u00e01999 ainsi que du Conseil d\u2019administration de la Maison de la Culture du Monde (2004-2021) \u2014, elle n\u2019en \u00e9tait pas moins rest\u00e9e fid\u00e8le \u00e0 sa Bretagne natale puisqu\u2019outre la pr\u00e9sidence de l\u2019Institut Franco-Am\u00e9ricain de Rennes, elle \u00e9tait aussi administrateur de la Maison de la Culture de Rennes. Mais c\u2019est bien la vocation am\u00e9ricaniste qui l\u2019a anim\u00e9e jusqu\u2019au bout, aussi bien dans ses comptes rendus r\u00e9guliers d\u2019ouvrages am\u00e9ricains que dans ses participations comme animatrice de tablesrondes, en pr\u00e9sence des \u00e9crivains, au Festival America de Vincennes, \u00e0 partir de 2012.<\/p>\n\n\n\n<p>Le d\u00e9c\u00e8s de Liliane est une grande perte pour la communaut\u00e9 des am\u00e9ricanistes. Son rayonnement, son sens de l\u2019organisation et son habilet\u00e9 diplomatique, son amour du style, sa voix m\u00e9lodieuse et sa plume alerte et imag\u00e9e nous manqueront et nous manquent d\u00e9j\u00e0. Nous adressons nos plus sinc\u00e8res condol\u00e9ances \u00e0 ses proches.<\/p>\n\n\n\n<p>La c\u00e9r\u00e9monie aura lieu le lundi 5 juillet \u00e0 16h30 au cr\u00e9matorium du P\u00e8re Lachaise.<br>Acc\u00e8s par le 71 rue des Rondeaux (75020), m\u00e9tro Gambetta (ligne 3).<\/p>\n\n\n\n<p>Les condol\u00e9ances peuvent \u00eatre adress\u00e9es \u00e0 Julien Kerjan, 2 rue Larribe. 75008 Paris.<\/p>\n\n\n\n<p>Gildas Le Voguer et Sylvie Math\u00e9<\/p>\n\n\n\n<hr class=\"wp-block-separator\"\/>\n\n\n\n<p><\/p>\n\n\n\n<p>Liens vers hommage de Steven Sampson : <a rel=\"noreferrer noopener\" href=\"https:\/\/www.en-attendant-nadeau.fr\/2021\/07\/09\/hommage-liliane-kerjan\/\" target=\"_blank\">Hommage \u00e0 Liliane Kerjan (1940-2021)<\/a><\/p>\n","protected":false},"excerpt":{"rendered":"<p>Featured image: Liliane Kerjan (2013) \u00a9 Institut franco-am\u00e9ricain de Rennes\/Sylvie Math\u00e9 Ch\u00e8res et chers coll\u00e8gues, Nous avons la grande tristesse [&hellip;]<\/p>\n","protected":false},"author":7,"featured_media":2127,"comment_status":"closed","ping_status":"open","sticky":false,"template":"","format":"standard","meta":{"_uag_custom_page_level_css":"","site-sidebar-layout":"default","site-content-layout":"default","ast-site-content-layout":"default","site-content-style":"default","site-sidebar-style":"default","ast-global-header-display":"","ast-banner-title-visibility":"","ast-main-header-display":"","ast-hfb-above-header-display":"","ast-hfb-below-header-display":"","ast-hfb-mobile-header-display":"","site-post-title":"","ast-breadcrumbs-content":"","ast-featured-img":"","footer-sml-layout":"","ast-disable-related-posts":"","theme-transparent-header-meta":"default","adv-header-id-meta":"","stick-header-meta":"","header-above-stick-meta":"","header-main-stick-meta":"","header-below-stick-meta":"","astra-migrate-meta-layouts":"default","ast-page-background-enabled":"default","ast-page-background-meta":{"desktop":{"background-color":"var(--ast-global-color-5)","background-image":"","background-repeat":"repeat","background-position":"center center","background-size":"auto","background-attachment":"scroll","background-type":"","background-media":"","overlay-type":"","overlay-color":"","overlay-opacity":"","overlay-gradient":""},"tablet":{"background-color":"","background-image":"","background-repeat":"repeat","background-position":"center center","background-size":"auto","background-attachment":"scroll","background-type":"","background-media":"","overlay-type":"","overlay-color":"","overlay-opacity":"","overlay-gradient":""},"mobile":{"background-color":"","background-image":"","background-repeat":"repeat","background-position":"center center","background-size":"auto","background-attachment":"scroll","background-type":"","background-media":"","overlay-type":"","overlay-color":"","overlay-opacity":"","overlay-gradient":""}},"ast-content-background-meta":{"desktop":{"background-color":"var(--ast-global-color-4)","background-image":"","background-repeat":"repeat","background-position":"center center","background-size":"auto","background-attachment":"scroll","background-type":"","background-media":"","overlay-type":"","overlay-color":"","overlay-opacity":"","overlay-gradient":""},"tablet":{"background-color":"var(--ast-global-color-4)","background-image":"","background-repeat":"repeat","background-position":"center center","background-size":"auto","background-attachment":"scroll","background-type":"","background-media":"","overlay-type":"","overlay-color":"","overlay-opacity":"","overlay-gradient":""},"mobile":{"background-color":"var(--ast-global-color-4)","background-image":"","background-repeat":"repeat","background-position":"center center","background-size":"auto","background-attachment":"scroll","background-type":"","background-media":"","overlay-type":"","overlay-color":"","overlay-opacity":"","overlay-gradient":""}},"_jetpack_memberships_contains_paid_content":false,"footnotes":""},"categories":[256],"tags":[175],"class_list":["post-2091","post","type-post","status-publish","format-standard","has-post-thumbnail","hentry","category-in-memoriam","tag-in-memoriam"],"jetpack_featured_media_url":"https:\/\/i0.wp.com\/afea.fr\/news\/wp-content\/uploads\/sites\/2\/2021\/07\/kerjan-image.jpg?fit=650%2C875&ssl=1","uagb_featured_image_src":{"full":["https:\/\/i0.wp.com\/afea.fr\/news\/wp-content\/uploads\/sites\/2\/2021\/07\/kerjan-image.jpg?fit=650%2C875&ssl=1",650,875,false],"thumbnail":["https:\/\/i0.wp.com\/afea.fr\/news\/wp-content\/uploads\/sites\/2\/2021\/07\/kerjan-image.jpg?resize=150%2C150&ssl=1",150,150,true],"medium":["https:\/\/i0.wp.com\/afea.fr\/news\/wp-content\/uploads\/sites\/2\/2021\/07\/kerjan-image.jpg?fit=223%2C300&ssl=1",223,300,true],"medium_large":["https:\/\/i0.wp.com\/afea.fr\/news\/wp-content\/uploads\/sites\/2\/2021\/07\/kerjan-image.jpg?fit=650%2C875&ssl=1",650,875,true],"large":["https:\/\/i0.wp.com\/afea.fr\/news\/wp-content\/uploads\/sites\/2\/2021\/07\/kerjan-image.jpg?fit=650%2C875&ssl=1",650,875,true],"1536x1536":["https:\/\/i0.wp.com\/afea.fr\/news\/wp-content\/uploads\/sites\/2\/2021\/07\/kerjan-image.jpg?fit=650%2C875&ssl=1",650,875,true],"2048x2048":["https:\/\/i0.wp.com\/afea.fr\/news\/wp-content\/uploads\/sites\/2\/2021\/07\/kerjan-image.jpg?fit=650%2C875&ssl=1",650,875,true]},"uagb_author_info":{"display_name":"David Lipson","author_link":"https:\/\/afea.fr\/news\/author\/davidl\/"},"uagb_comment_info":0,"uagb_excerpt":"Featured image: Liliane Kerjan (2013) \u00a9 Institut franco-am\u00e9ricain de Rennes\/Sylvie Math\u00e9 Ch\u00e8res et chers coll\u00e8gues, Nous avons la grande tristesse [&hellip;]","jetpack_sharing_enabled":true,"_links":{"self":[{"href":"https:\/\/afea.fr\/news\/wp-json\/wp\/v2\/posts\/2091"}],"collection":[{"href":"https:\/\/afea.fr\/news\/wp-json\/wp\/v2\/posts"}],"about":[{"href":"https:\/\/afea.fr\/news\/wp-json\/wp\/v2\/types\/post"}],"author":[{"embeddable":true,"href":"https:\/\/afea.fr\/news\/wp-json\/wp\/v2\/users\/7"}],"replies":[{"embeddable":true,"href":"https:\/\/afea.fr\/news\/wp-json\/wp\/v2\/comments?post=2091"}],"version-history":[{"count":3,"href":"https:\/\/afea.fr\/news\/wp-json\/wp\/v2\/posts\/2091\/revisions"}],"predecessor-version":[{"id":2129,"href":"https:\/\/afea.fr\/news\/wp-json\/wp\/v2\/posts\/2091\/revisions\/2129"}],"wp:featuredmedia":[{"embeddable":true,"href":"https:\/\/afea.fr\/news\/wp-json\/wp\/v2\/media\/2127"}],"wp:attachment":[{"href":"https:\/\/afea.fr\/news\/wp-json\/wp\/v2\/media?parent=2091"}],"wp:term":[{"taxonomy":"category","embeddable":true,"href":"https:\/\/afea.fr\/news\/wp-json\/wp\/v2\/categories?post=2091"},{"taxonomy":"post_tag","embeddable":true,"href":"https:\/\/afea.fr\/news\/wp-json\/wp\/v2\/tags?post=2091"}],"curies":[{"name":"wp","href":"https:\/\/api.w.org\/{rel}","templated":true}]}}