{"id":2060,"date":"2021-06-18T09:28:16","date_gmt":"2021-06-18T07:28:16","guid":{"rendered":"https:\/\/afea.fr\/news\/seminarr\/culture-religion-18-juin-lenseigne-ment-des-faits-religieux-a-luniversite\/2060\/"},"modified":"2021-06-18T09:28:16","modified_gmt":"2021-06-18T07:28:16","slug":"culture-religion-18-juin-lenseigne-ment-des-faits-religieux-a-luniversite","status":"publish","type":"post","link":"https:\/\/afea.fr\/news\/cfp\/culture-religion-18-juin-lenseigne-ment-des-faits-religieux-a-luniversite\/2060\/","title":{"rendered":"Culture &#038; Religion &#8211; 18 juin : \u00ab\u00a0l&rsquo;enseigne ment des faits religieux \u00e0 l&rsquo;universit\u00e9\u00a0\u00bb"},"content":{"rendered":"<p>Ch\u00e8res et chers coll\u00e8gues<\/p>\n<p>Le s\u00e9minaire Culture &amp; Religion tiendra sa derni\u00e8re s\u00e9ance de l&rsquo;ann\u00e9e vendredi 18 juin de 14h \u00e0 16h. La s\u00e9ance sera consacr\u00e9e \u00e0 l&rsquo;enseignement des faits religieux \u00e0 l&rsquo;universit\u00e9. Nous y poursuivrons la discussion entam\u00e9e le 16 avril dernier.<\/p>\n<p>Nous aurons le plaisir d&rsquo;entendre, en premi\u00e8re partie, un expos\u00e9 de Eric Vinson, chercheur associ\u00e9 au GSRL\/CNRS et sp\u00e9cialiste des rapports entre d\u00e9mocratie et spiritualit\u00e9 en France. Son intervention est intitul\u00e9e &quot;Entre multidisciplinarit\u00e9 de fait et n\u00e9cessaire disciplinarisation, quel enseignement des faits religieux, de la la\u00efcit\u00e9 (et des sujets apparent\u00e9s) \u00e0 l&rsquo;universit\u00e9 ?&quot;.<\/p>\n<p>Vous trouverez ci-dessous les d\u00e9tails pour la connexion.<\/p>\n<p>Bien cordialement,<\/p>\n<p>R\u00e9my Bethmont (TransCrit, Paris 8) et Nathalie Caron (HDEA, Sorbonne Universit\u00e9)<\/p>\n<p><a href=\"https:\/\/crpaonline.wordpress.com\/\">https:\/\/crpaonline.wordpress.com\/<\/a><\/p>\n<p>*******<\/p>\n<p>D\u00c9TAILS POUR LA CONNEXION<\/p>\n<p><a href=\"https:\/\/us02web.zoom.us\/j\/89330256512?pwd=L1pBWmc3ZEJidXpiMzhtN1liNkZRUT09\">https:\/\/us02web.zoom.us\/j\/89330256512?pwd=L1pBWmc3ZEJidXpiMzhtN1liNkZRUT09<\/a><\/p>\n<p>Meeting ID: <a>893 3025 6512<\/a><\/p>\n<p>Passcode: 510740<\/p>\n","protected":false},"excerpt":{"rendered":"<p>Ch\u00e8res et chers coll\u00e8gues Le s\u00e9minaire Culture &amp; Religion tiendra sa derni\u00e8re s\u00e9ance de l&rsquo;ann\u00e9e vendredi 18 juin de 14h [&hellip;]<\/p>\n","protected":false},"author":1,"featured_media":0,"comment_status":"","ping_status":"open","sticky":false,"template":"","format":"standard","meta":{"_uag_custom_page_level_css":"","site-sidebar-layout":"default","site-content-layout":"","ast-site-content-layout":"default","site-content-style":"default","site-sidebar-style":"default","ast-global-header-display":"","ast-banner-title-visibility":"","ast-main-header-display":"","ast-hfb-above-header-display":"","ast-hfb-below-header-display":"","ast-hfb-mobile-header-display":"","site-post-title":"","ast-breadcrumbs-content":"","ast-featured-img":"","footer-sml-layout":"","ast-disable-related-posts":"","theme-transparent-header-meta":"","adv-header-id-meta":"","stick-header-meta":"","header-above-stick-meta":"","header-main-stick-meta":"","header-below-stick-meta":"","astra-migrate-meta-layouts":"default","ast-page-background-enabled":"default","ast-page-background-meta":{"desktop":{"background-color":"var(--ast-global-color-5)","background-image":"","background-repeat":"repeat","background-position":"center center","background-size":"auto","background-attachment":"scroll","background-type":"","background-media":"","overlay-type":"","overlay-color":"","overlay-opacity":"","overlay-gradient":""},"tablet":{"background-color":"","background-image":"","background-repeat":"repeat","background-position":"center center","background-size":"auto","background-attachment":"scroll","background-type":"","background-media":"","overlay-type":"","overlay-color":"","overlay-opacity":"","overlay-gradient":""},"mobile":{"background-color":"","background-image":"","background-repeat":"repeat","background-position":"center center","background-size":"auto","background-attachment":"scroll","background-type":"","background-media":"","overlay-type":"","overlay-color":"","overlay-opacity":"","overlay-gradient":""}},"ast-content-background-meta":{"desktop":{"background-color":"var(--ast-global-color-4)","background-image":"","background-repeat":"repeat","background-position":"center center","background-size":"auto","background-attachment":"scroll","background-type":"","background-media":"","overlay-type":"","overlay-color":"","overlay-opacity":"","overlay-gradient":""},"tablet":{"background-color":"var(--ast-global-color-4)","background-image":"","background-repeat":"repeat","background-position":"center center","background-size":"auto","background-attachment":"scroll","background-type":"","background-media":"","overlay-type":"","overlay-color":"","overlay-opacity":"","overlay-gradient":""},"mobile":{"background-color":"var(--ast-global-color-4)","background-image":"","background-repeat":"repeat","background-position":"center center","background-size":"auto","background-attachment":"scroll","background-type":"","background-media":"","overlay-type":"","overlay-color":"","overlay-opacity":"","overlay-gradient":""}},"_jetpack_memberships_contains_paid_content":false,"footnotes":""},"categories":[99],"tags":[423,184,151,438],"class_list":["post-2060","post","type-post","status-publish","format-standard","hentry","category-cfp","tag-culture","tag-democracy","tag-religion","tag-spirituality"],"jetpack_featured_media_url":"","uagb_featured_image_src":{"full":false,"thumbnail":false,"medium":false,"medium_large":false,"large":false,"1536x1536":false,"2048x2048":false},"uagb_author_info":{"display_name":"Admin","author_link":"https:\/\/afea.fr\/news\/author\/yanb\/"},"uagb_comment_info":0,"uagb_excerpt":"Ch\u00e8res et chers coll\u00e8gues Le s\u00e9minaire Culture &amp; Religion tiendra sa derni\u00e8re s\u00e9ance de l&rsquo;ann\u00e9e vendredi 18 juin de 14h [&hellip;]","jetpack_sharing_enabled":true,"_links":{"self":[{"href":"https:\/\/afea.fr\/news\/wp-json\/wp\/v2\/posts\/2060"}],"collection":[{"href":"https:\/\/afea.fr\/news\/wp-json\/wp\/v2\/posts"}],"about":[{"href":"https:\/\/afea.fr\/news\/wp-json\/wp\/v2\/types\/post"}],"author":[{"embeddable":true,"href":"https:\/\/afea.fr\/news\/wp-json\/wp\/v2\/users\/1"}],"replies":[{"embeddable":true,"href":"https:\/\/afea.fr\/news\/wp-json\/wp\/v2\/comments?post=2060"}],"version-history":[{"count":0,"href":"https:\/\/afea.fr\/news\/wp-json\/wp\/v2\/posts\/2060\/revisions"}],"wp:attachment":[{"href":"https:\/\/afea.fr\/news\/wp-json\/wp\/v2\/media?parent=2060"}],"wp:term":[{"taxonomy":"category","embeddable":true,"href":"https:\/\/afea.fr\/news\/wp-json\/wp\/v2\/categories?post=2060"},{"taxonomy":"post_tag","embeddable":true,"href":"https:\/\/afea.fr\/news\/wp-json\/wp\/v2\/tags?post=2060"}],"curies":[{"name":"wp","href":"https:\/\/api.w.org\/{rel}","templated":true}]}}