{"id":2059,"date":"2021-06-18T09:26:56","date_gmt":"2021-06-18T07:26:56","guid":{"rendered":"https:\/\/afea.fr\/news\/conference\/colloque-22-23-24-juin-2021\/2059\/"},"modified":"2022-07-06T21:44:19","modified_gmt":"2022-07-06T19:44:19","slug":"colloque-22-23-24-juin-2021","status":"publish","type":"post","link":"https:\/\/afea.fr\/news\/conference-symposium\/colloque-22-23-24-juin-2021\/2059\/","title":{"rendered":"Colloque 22-23-24 juin 2021"},"content":{"rendered":"<p>Bonjour \u00e0 tou.te.s,<\/p>\n<p>En pr\u00e9ambule du colloque virtuel sur les M\u00e9moires de guerre (<a href=\"https:\/\/warmem2020.sciencesconf.org\/resource\/page\/id\/7\">https:\/\/warmem2020.sciencesconf.org\/resource\/page\/id\/7<\/a>) pr\u00e9vu les 22, 23 et 24 juin 2021, nous avons le plaisir de vous convier \u00e0 une conf\u00e9rence pl\u00e9ni\u00e8re, sur les violences sexuelles faites aux femmes, prononc\u00e9e par le Pr. Dr. Denis Mukwege, Prix Nobel de la Paix 2018, qui se d\u00e9roulera l\u2019apr\u00e8s-midi du mardi 22 juin 2021.<\/p>\n<p>Afin de vous accueillir, en qualit\u00e9 d\u2019auditeurs, dans des conditions optimales, nous vous serions reconnaissants de vous inscrire au plus vite et au plus tard d\u2019ici le 20 juin.<\/p>\n<p>Merci de noter que l&rsquo;inscription est gratuite mais obligatoire afin de pouvoir recevoir les codes d&rsquo;acc\u00e8s Zoom par courriel : <a href=\"https:\/\/warmem2020.sciencesconf.org\/registration\">https:\/\/warmem2020.sciencesconf.org\/registration<\/a><\/p>\n<p>En cas de besoin, merci de contacter<\/p>\n<p>David Haigron (david.haigron)<\/p>\n<p>Au plaisir de vous compter parmi nous.<\/p>\n<p>PROGRAMME<\/p>\n<p><a href=\"https:\/\/warmem2020.sciencesconf.org\/resource\/page\/id\/7\">https:\/\/warmem2020.sciencesconf.org\/resource\/page\/id\/7<\/a><\/p>\n<p><strong>14h00 \u2013 Ouverture de la Journ\u00e9e<\/strong> consacr\u00e9e aux violences faites aux femmes en temps de paix et en temps de guerre (22 juin 2021) \u2013 en amont du colloque sur les M\u00e9moires de guerre \u2013 en pr\u00e9sence de <strong>Lesley Lelourec<\/strong> (Vice-Pr\u00e9sidente des Relations Internationales, Rennes 2) et de <strong>Sylvie Bauer<\/strong> (Directrice de l\u2019\u00e9quipe de recherche Anglophonie : Communaut\u00e9s, Ecritures, Rennes 2)<\/p>\n<p><em>Quelques mots de pr\u00e9sentation \u00e0 propos de la journ\u00e9e et<br \/>\nde l\u2019organisation de cette journ\u00e9e scientifique<\/em> :<\/p>\n<p>par<strong> Ren\u00e9e Dickason<\/strong> (Responsable de l\u2019Axe Environnement, Politique, Identit\u00e9s, Cultures \u2013 EPIC, ACE et \u00ab marraine de <strong>Denis Mukwege<\/strong> \u00bb pour Rennes 2),<\/p>\n<p>en collaboration avec<strong> Delphine Letort<\/strong> (<a href=\"http:\/\/3L.AM\">3L.AM<\/a>, Le Mans), <strong>St\u00e9phanie B\u00e9langer<\/strong> (Coll\u00e8ge Militaire Royal du Canada, et Directrice de l\u2019Institut Canadien de Recherche sur la Sant\u00e9 des Militaires et des V\u00e9t\u00e9rans, Kingston, Ontario) et <strong>Michel Prum<\/strong> (Universit\u00e9 de Paris-Diderot), coordinateurs scientifiques du projet sur les M\u00e9moires de guerre\/paix<\/p>\n<p>et <strong>David Haigron<\/strong> (pour le comit\u00e9 d\u2019organisation de la journ\u00e9e, ACE, Rennes 2)<\/p>\n<p><strong>&#8212; &#8212;<\/strong><\/p>\n<p><strong>14h20\u2013 <em>Les violences sexuelles faites aux femmes en temps de paix (r\u00e9flexions, t\u00e9moignages autour des mutilations sexuelles et de l\u2019excision)<\/em><\/strong><\/p>\n<p>Interventions film\u00e9es au pr\u00e9alable et diffus\u00e9es sur la plateforme du colloque<\/p>\n<p><strong>Jean-Philippe Harlicot<\/strong> (Gyn\u00e9cologue, Centre Hospitalier Universitaire, Rennes) : <em><strong>R\u00e9flexions autour des mutilations sexuelles f\u00e9minines et de l\u2019excision<\/strong><\/em><\/p>\n<p><strong>Nathalie Sierra-Scrocarro<\/strong> (Psychologue clinicienne, <strong>Centre Hospitalier,<\/strong> Laval, France) : <em><strong>Les mutilations sexuelles f\u00e9minines : une approche psychologique<\/strong><\/em><\/p>\n<p><strong>14h45 \u2013 <em>Viols et violences sexuelles faites aux femmes en temps de guerre (autour de l\u2019exemple d\u2019une guerre dite de \u2018basse intensit\u00e9\u2019, autour de l\u2019exemple de la R\u00e9publique D\u00e9mocratique du Congo) <\/em><\/strong><\/p>\n<p>Diffusion du film documentaire r\u00e9alis\u00e9 par le Comit\u00e9 International de la Croix-Rouge (CICR), <strong>Pr\u00e9sentation br\u00e8ve de Daniel<\/strong> <strong>Palmieri<\/strong>.<\/p>\n<p><strong>Daniel Palmieri <\/strong>(Historien,Comit\u00e9 International de la Croix-Rouge, Gen\u00e8ve, Suisse) : <em><strong>\u00ab Aujourd\u2019hui, je ne suis plus de ce monde \u00bb : Les humanitaires et les violences sexuelles en temps de guerre. L\u2019exemple du Comit\u00e9 international de la Croix-Rouge<\/strong><\/em><strong>. <\/strong><\/p>\n<p><strong>Rachel Bernhard<\/strong> (Cheffe de d\u00e9l\u00e9gation r\u00e9gionale pour le Comit\u00e9 International de la Croix-Rouge (CICR) en R\u00e9publique D\u00e9mocratique du Congo, Kinshasa) :<\/p>\n<p><strong>PETITE PAUSE caf\u00e9\/th\u00e9 virtuelle<\/strong><\/p>\n<p><strong>16h00 \u2013 <\/strong>Br\u00e8ve introduction du <strong>Professeur Docteur Denis Mukwege par<\/strong> <strong>Ren\u00e9e Dickason, <\/strong>en pr\u00e9sence de <strong>Delphine Letort, St\u00e9phanie B\u00e9langer<\/strong> et <strong>David Haigron<\/strong> (ACE, Rennes 2), suivie de la<\/p>\n<p><strong>Conf\u00e9rence pl\u00e9ni\u00e8re de <strong>Professeur Docteur Denis Mukwege<\/strong><\/strong><\/p>\n<p><em><strong>Le viol comme arme de guerre en R\u00e9publique D\u00e9mocratique du Congo: De la prise en charge holistique \u00e0 la justice transitionnelle<\/strong><\/em><\/p>\n<p><strong>PETITE PAUSE puis<\/strong><\/p>\n<p><strong>17H00 <\/strong>\u2013 <strong><em>Discussion suite \u00e0 la conf\u00e9rence de Denis Mukwege<\/em><\/strong><\/p>\n<p><em><strong>Table ronde<\/strong><\/em> anim\u00e9e par <strong>Colette Braeckman<\/strong> (grand reporter au service international du Soir (Bruxelles, Belgique), sp\u00e9cialiste des grands conflits et trag\u00e9dies dans le monde, en particulier, en Afrique centrale et dans la R\u00e9publique d\u00e9mocratique du Congo ; auteure, entre autres, de L\u2019homme qui r\u00e9pare les femmes : le combat du Docteur Mukwege, Bruxelles, GRIP, 2016)<\/p>\n<p>et <strong>Benaouda Lebdai<\/strong> (Professeur des universit\u00e9s au Mans, sp\u00e9cialiste de litt\u00e9rature africaine, auteur de nombreuses publications sur les rapports entre la litt\u00e9rature, l\u2019histoire et la m\u00e9moire, et chroniqueur litt\u00e9raire au Point Afrique, \u00e0 la Revue des Etudes Africaines, El Watan et Jeune Afrique, il a particip\u00e9, entre autres, aux Ateliers de la Pens\u00e9e de Dakar)<\/p>\n<p>en pr\u00e9sence du <strong>Professeur Docteur Denis Mukwege<\/strong><\/p>\n<p>avec la participation de St\u00e9phanie B\u00e9langer, Rachel Bernhard, Florence Binard, Jean-Philippe Harlicot, Benaouda Lebdai, Delphine Letort, Daniel Palmieri, Michel Prum, Nathalie Sierra-Scrocarro, Ren\u00e9e Dickason<\/p>\n<p>Franck Barbin, David Haigron C\u00e9cile Perrot, Nicole Cloarec, Delphine Lemonnier-Texier, Gildas Le Voguer<\/p>\n<p><strong>Cl\u00f4ture Journ\u00e9e vers 18H00<\/strong><\/p>\n<p>Pour le comit\u00e9 d\u2019organisation<\/p>\n<p>Ren\u00e9e Dickason<\/p>\n","protected":false},"excerpt":{"rendered":"<p>Bonjour \u00e0 tou.te.s, En pr\u00e9ambule du colloque virtuel sur les M\u00e9moires de guerre (https:\/\/warmem2020.sciencesconf.org\/resource\/page\/id\/7) pr\u00e9vu les 22, 23 et 24 [&hellip;]<\/p>\n","protected":false},"author":1,"featured_media":0,"comment_status":"closed","ping_status":"open","sticky":false,"template":"","format":"standard","meta":{"_uag_custom_page_level_css":"","site-sidebar-layout":"default","site-content-layout":"","ast-site-content-layout":"default","site-content-style":"default","site-sidebar-style":"default","ast-global-header-display":"","ast-banner-title-visibility":"","ast-main-header-display":"","ast-hfb-above-header-display":"","ast-hfb-below-header-display":"","ast-hfb-mobile-header-display":"","site-post-title":"","ast-breadcrumbs-content":"","ast-featured-img":"","footer-sml-layout":"","ast-disable-related-posts":"","theme-transparent-header-meta":"","adv-header-id-meta":"","stick-header-meta":"","header-above-stick-meta":"","header-main-stick-meta":"","header-below-stick-meta":"","astra-migrate-meta-layouts":"default","ast-page-background-enabled":"default","ast-page-background-meta":{"desktop":{"background-color":"var(--ast-global-color-5)","background-image":"","background-repeat":"repeat","background-position":"center center","background-size":"auto","background-attachment":"scroll","background-type":"","background-media":"","overlay-type":"","overlay-color":"","overlay-opacity":"","overlay-gradient":""},"tablet":{"background-color":"","background-image":"","background-repeat":"repeat","background-position":"center center","background-size":"auto","background-attachment":"scroll","background-type":"","background-media":"","overlay-type":"","overlay-color":"","overlay-opacity":"","overlay-gradient":""},"mobile":{"background-color":"","background-image":"","background-repeat":"repeat","background-position":"center center","background-size":"auto","background-attachment":"scroll","background-type":"","background-media":"","overlay-type":"","overlay-color":"","overlay-opacity":"","overlay-gradient":""}},"ast-content-background-meta":{"desktop":{"background-color":"var(--ast-global-color-4)","background-image":"","background-repeat":"repeat","background-position":"center center","background-size":"auto","background-attachment":"scroll","background-type":"","background-media":"","overlay-type":"","overlay-color":"","overlay-opacity":"","overlay-gradient":""},"tablet":{"background-color":"var(--ast-global-color-4)","background-image":"","background-repeat":"repeat","background-position":"center center","background-size":"auto","background-attachment":"scroll","background-type":"","background-media":"","overlay-type":"","overlay-color":"","overlay-opacity":"","overlay-gradient":""},"mobile":{"background-color":"var(--ast-global-color-4)","background-image":"","background-repeat":"repeat","background-position":"center center","background-size":"auto","background-attachment":"scroll","background-type":"","background-media":"","overlay-type":"","overlay-color":"","overlay-opacity":"","overlay-gradient":""}},"_jetpack_memberships_contains_paid_content":false,"footnotes":""},"categories":[568],"tags":[436,435,434,433],"class_list":["post-2059","post","type-post","status-publish","format-standard","hentry","category-conference-symposium","tag-excision","tag-rape","tag-sexual-violence","tag-women"],"jetpack_featured_media_url":"","uagb_featured_image_src":{"full":false,"thumbnail":false,"medium":false,"medium_large":false,"large":false,"1536x1536":false,"2048x2048":false},"uagb_author_info":{"display_name":"Admin","author_link":"https:\/\/afea.fr\/news\/author\/yanb\/"},"uagb_comment_info":0,"uagb_excerpt":"Bonjour \u00e0 tou.te.s, En pr\u00e9ambule du colloque virtuel sur les M\u00e9moires de guerre (https:\/\/warmem2020.sciencesconf.org\/resource\/page\/id\/7) pr\u00e9vu les 22, 23 et 24 [&hellip;]","jetpack_sharing_enabled":true,"_links":{"self":[{"href":"https:\/\/afea.fr\/news\/wp-json\/wp\/v2\/posts\/2059"}],"collection":[{"href":"https:\/\/afea.fr\/news\/wp-json\/wp\/v2\/posts"}],"about":[{"href":"https:\/\/afea.fr\/news\/wp-json\/wp\/v2\/types\/post"}],"author":[{"embeddable":true,"href":"https:\/\/afea.fr\/news\/wp-json\/wp\/v2\/users\/1"}],"replies":[{"embeddable":true,"href":"https:\/\/afea.fr\/news\/wp-json\/wp\/v2\/comments?post=2059"}],"version-history":[{"count":1,"href":"https:\/\/afea.fr\/news\/wp-json\/wp\/v2\/posts\/2059\/revisions"}],"predecessor-version":[{"id":2441,"href":"https:\/\/afea.fr\/news\/wp-json\/wp\/v2\/posts\/2059\/revisions\/2441"}],"wp:attachment":[{"href":"https:\/\/afea.fr\/news\/wp-json\/wp\/v2\/media?parent=2059"}],"wp:term":[{"taxonomy":"category","embeddable":true,"href":"https:\/\/afea.fr\/news\/wp-json\/wp\/v2\/categories?post=2059"},{"taxonomy":"post_tag","embeddable":true,"href":"https:\/\/afea.fr\/news\/wp-json\/wp\/v2\/tags?post=2059"}],"curies":[{"name":"wp","href":"https:\/\/api.w.org\/{rel}","templated":true}]}}