{"id":2055,"date":"2021-06-18T09:21:07","date_gmt":"2021-06-18T07:21:07","guid":{"rendered":"https:\/\/afea.fr\/news\/?p=2055"},"modified":"2021-06-18T12:30:44","modified_gmt":"2021-06-18T10:30:44","slug":"annonce-prochain-seminaire-liberalisme-le-lundi-21-juin-2021-de-17h30-a-19h00","status":"publish","type":"post","link":"https:\/\/afea.fr\/news\/seminar\/annonce-prochain-seminaire-liberalisme-le-lundi-21-juin-2021-de-17h30-a-19h00\/2055\/","title":{"rendered":"Annonce prochain s\u00e9minaire lib\u00e9ralisme le lundi 21 juin 2021 de 17h30 \u00e0 19h00"},"content":{"rendered":"\n<div class=\"wp-block-file\"><a href=\"https:\/\/afea.fr\/news\/wp-content\/uploads\/sites\/2\/2021\/06\/2021_programme_A5_Dossier-6pages_Regard-critique-sur-les-souverainetes.pdf\">2021_programme_A5_Dossier-6pages_Regard-critique-sur-les-souverainetes<\/a><a href=\"https:\/\/afea.fr\/news\/wp-content\/uploads\/sites\/2\/2021\/06\/2021_programme_A5_Dossier-6pages_Regard-critique-sur-les-souverainetes.pdf\" class=\"wp-block-file__button\" download>Download<\/a><\/div>\n\n\n<p>Ch\u00e8res et chers coll\u00e8gues,<\/p>\n<p>Le s\u00e9minaire transversal mensuel sur \u00ab\u00a0<strong>Le lib\u00e9ralisme dans tous ses E\/\u00e9tats<\/strong>\u00ab\u00a0, propos\u00e9 par les laboratoires <strong>ICD<\/strong> (Interactions culturelles et discursives &#8211; EA 6297) et <strong>IRJI<\/strong> (Institut de Recherche Juridique Interdisciplinaire &#8211; EA 7496) de l\u2019<strong>Universit\u00e9 de Tours<\/strong> continue avant l&rsquo;\u00e9t\u00e9, toujours en distanciel !<\/p>\n<p><strong>Lundi 21 juin 2021, de 17h30 \u00e0 19h00<\/strong><\/p>\n<p><strong>Sous la pr\u00e9sidence de s\u00e9ance de Selma Josso, Ma\u00eetresse de conf\u00e9rences de Droit public \u00e0 l&rsquo;Universit\u00e9 de Tours, membre de l&rsquo;IRJI<\/strong><\/p>\n<p>En visioconf\u00e9rence sur Teams par le lien suivant :<\/p>\n<p><a href=\"https:\/\/teams.microsoft.com\/l\/meetup-join\/19%3Ameeting_ZDk5Y2U5ZGYtNTAzMS00ZmNhLWEyNWYtZDY4NTAzZDg2OWVk%40thread.v2\/0?context=%7B%22Tid%22%3A%2216150599-ebb0-4fcf-94a5-6010823c7bd5%22%2C%22Oid%22%3A%221f9995bc-a05e-4a40-800d-00a14c3c97bc%22%7D\">https:\/\/teams.microsoft.com\/l\/meetup-join\/19%3ameeting_ZDk5Y2U5ZGYtNTAzMS00ZmNhLWEyNWYtZDY4NTAzZDg2OWVk%40thread.v2\/0?context=%7b%22Tid%22%3a%2216150599-ebb0-4fcf-94a5-6010823c7bd5%22%2c%22Oid%22%3a%221f9995bc-a05e-4a40-800d-00a14c3c97bc%22%7d<\/a><\/p>\n<p>Nous aurons le plaisir de recevoir :<\/p>\n<p><strong>Karine Abderemane, Ma\u00eetre de conf\u00e9rences de Droit public \u00e0 l\u2019Universit\u00e9 Paris-Saclay, membre de l\u2019IEDP<\/strong><\/p>\n<p><strong>Sur \u00ab Le lib\u00e9ralisme dans le droit europ\u00e9en de la coop\u00e9ration &lsquo;UE-Afrique&rsquo; \u00bb<\/strong><\/p>\n<p><strong>Pr\u00e9sentation de l&rsquo;intervention :<\/strong><\/p>\n<p>S\u2019interroger sur le lib\u00e9ralisme dans les relations \u00ab UE-Afrique \u00bb semble <em>a priori <\/em>relever de la gageure. Non seulement parce que de nombreux \u00c9tats africains ont entretenu avec certains \u00c9tats membres de l\u2019UE des relations de soumission, de d\u00e9pendance et d\u2019autorit\u00e9 qui paraissent contraires \u00e0 toute conception classique du lib\u00e9ralisme, mais aussi parce que la (re)construction de leurs relations dans le cadre du droit europ\u00e9en de la coop\u00e9ration t\u00e9moigne de la soumission progressive desdits \u00c9tats, comme de l\u2019Union europ\u00e9enne, \u00e0 une vision tronqu\u00e9e du lib\u00e9ralisme, celle garantie par le libre-\u00e9changisme mondial dans lequel l\u2019UE, comme les \u00c9tats africains, doivent s\u2019inscrire. Cette histoire r\u00e9cente et document\u00e9e des relations UE-Afrique n\u2019est qu\u2019une pr\u00e9sentation superficielle de la complexit\u00e9 des relations de libert\u00e9 et de soumission, de d\u00e9veloppement et de d\u00e9mocratie, qui traversent la notion m\u00eame de lib\u00e9ralisme. Notre propos tentera, \u00e0 la lumi\u00e8re du droit de l\u2019UE, de comprendre la nature du lib\u00e9ralisme pratiqu\u00e9 par l\u2019UE dans ses relations avec certains \u00c9tats africains, de pointer les sp\u00e9cificit\u00e9s li\u00e9es \u00e0 l\u2019institutionnalisation d\u2019un lib\u00e9ralisme fragment\u00e9, d\u2019en identifier les espaces au-del\u00e0 des territorialit\u00e9s, et d\u2019interroger le r\u00f4le de l\u2019UE dans la recomposition des lib\u00e9ralismes au XXIe si\u00e8cle.<\/p>\n<p><strong>Pr\u00e9sentation de l&rsquo;intervenante :<\/strong><\/p>\n<p><strong>Karine Abderemane<\/strong> est Ma\u00eetre de conf\u00e9rences de droit public \u00e0 la facult\u00e9 de droit de Sceaux de l\u2019universit\u00e9 Paris-Saclay. Sp\u00e9cialiste en droit europ\u00e9en, elle s\u2019int\u00e9resse tout particuli\u00e8rement aux questions li\u00e9es \u00e0 la solidarit\u00e9, aux caract\u00e9ristiques de l\u2019int\u00e9gration europ\u00e9enne, au droit europ\u00e9en de l\u2019intervention publique, au droit europ\u00e9en des libert\u00e9s et au droit administratif europ\u00e9en. Concernant les relations UE-Afrique, elle assure notamment un cours de droit europ\u00e9en de la coop\u00e9ration UE-Afrique (Master CIAMO, UFR Histoire de Paris-Sorbonne) et est intervenue sur <em>La conditionnalit\u00e9 migratoire<\/em> lors de sa participation \u00e0 un colloque sur <em>La conditionnalit\u00e9 dans les relations ext\u00e9rieures de l\u2019UE <\/em>(dir. F. Rassu et F. Fines), \u00e0 para\u00eetre chez LGDJ (2021).<\/p>\n<p>Au plaisir de vous retrouver nombreux.<\/p>\n<p><strong>Les organisateurs : Anthony Castet, Nathalie A. Champroux, Alexis Chommeloux, Selma Josso, Nathalie Levy et St\u00e9phane Porion.<\/strong><\/p>","protected":false},"excerpt":{"rendered":"<p>Ch\u00e8res et chers coll\u00e8gues, Le s\u00e9minaire transversal mensuel sur \u00ab\u00a0Le lib\u00e9ralisme dans tous ses E\/\u00e9tats\u00ab\u00a0, propos\u00e9 par les laboratoires ICD [&hellip;]<\/p>\n","protected":false},"author":1,"featured_media":0,"comment_status":"closed","ping_status":"open","sticky":false,"template":"","format":"standard","meta":{"_uag_custom_page_level_css":"","site-sidebar-layout":"default","site-content-layout":"default","ast-site-content-layout":"default","site-content-style":"default","site-sidebar-style":"default","ast-global-header-display":"","ast-banner-title-visibility":"","ast-main-header-display":"","ast-hfb-above-header-display":"","ast-hfb-below-header-display":"","ast-hfb-mobile-header-display":"","site-post-title":"","ast-breadcrumbs-content":"","ast-featured-img":"","footer-sml-layout":"","ast-disable-related-posts":"","theme-transparent-header-meta":"default","adv-header-id-meta":"","stick-header-meta":"","header-above-stick-meta":"","header-main-stick-meta":"","header-below-stick-meta":"","astra-migrate-meta-layouts":"default","ast-page-background-enabled":"default","ast-page-background-meta":{"desktop":{"background-color":"var(--ast-global-color-5)","background-image":"","background-repeat":"repeat","background-position":"center center","background-size":"auto","background-attachment":"scroll","background-type":"","background-media":"","overlay-type":"","overlay-color":"","overlay-opacity":"","overlay-gradient":""},"tablet":{"background-color":"","background-image":"","background-repeat":"repeat","background-position":"center center","background-size":"auto","background-attachment":"scroll","background-type":"","background-media":"","overlay-type":"","overlay-color":"","overlay-opacity":"","overlay-gradient":""},"mobile":{"background-color":"","background-image":"","background-repeat":"repeat","background-position":"center center","background-size":"auto","background-attachment":"scroll","background-type":"","background-media":"","overlay-type":"","overlay-color":"","overlay-opacity":"","overlay-gradient":""}},"ast-content-background-meta":{"desktop":{"background-color":"var(--ast-global-color-4)","background-image":"","background-repeat":"repeat","background-position":"center center","background-size":"auto","background-attachment":"scroll","background-type":"","background-media":"","overlay-type":"","overlay-color":"","overlay-opacity":"","overlay-gradient":""},"tablet":{"background-color":"var(--ast-global-color-4)","background-image":"","background-repeat":"repeat","background-position":"center center","background-size":"auto","background-attachment":"scroll","background-type":"","background-media":"","overlay-type":"","overlay-color":"","overlay-opacity":"","overlay-gradient":""},"mobile":{"background-color":"var(--ast-global-color-4)","background-image":"","background-repeat":"repeat","background-position":"center center","background-size":"auto","background-attachment":"scroll","background-type":"","background-media":"","overlay-type":"","overlay-color":"","overlay-opacity":"","overlay-gradient":""}},"_jetpack_memberships_contains_paid_content":false,"footnotes":""},"categories":[100],"tags":[317,432,179,400],"class_list":["post-2055","post","type-post","status-publish","format-standard","hentry","category-seminar","tag-africa","tag-free-trade","tag-liberalism","tag-usa"],"jetpack_featured_media_url":"","uagb_featured_image_src":{"full":false,"thumbnail":false,"medium":false,"medium_large":false,"large":false,"1536x1536":false,"2048x2048":false},"uagb_author_info":{"display_name":"Admin","author_link":"https:\/\/afea.fr\/news\/author\/yanb\/"},"uagb_comment_info":0,"uagb_excerpt":"Ch\u00e8res et chers coll\u00e8gues, Le s\u00e9minaire transversal mensuel sur \u00ab\u00a0Le lib\u00e9ralisme dans tous ses E\/\u00e9tats\u00ab\u00a0, propos\u00e9 par les laboratoires ICD [&hellip;]","jetpack_sharing_enabled":true,"_links":{"self":[{"href":"https:\/\/afea.fr\/news\/wp-json\/wp\/v2\/posts\/2055"}],"collection":[{"href":"https:\/\/afea.fr\/news\/wp-json\/wp\/v2\/posts"}],"about":[{"href":"https:\/\/afea.fr\/news\/wp-json\/wp\/v2\/types\/post"}],"author":[{"embeddable":true,"href":"https:\/\/afea.fr\/news\/wp-json\/wp\/v2\/users\/1"}],"replies":[{"embeddable":true,"href":"https:\/\/afea.fr\/news\/wp-json\/wp\/v2\/comments?post=2055"}],"version-history":[{"count":2,"href":"https:\/\/afea.fr\/news\/wp-json\/wp\/v2\/posts\/2055\/revisions"}],"predecessor-version":[{"id":2063,"href":"https:\/\/afea.fr\/news\/wp-json\/wp\/v2\/posts\/2055\/revisions\/2063"}],"wp:attachment":[{"href":"https:\/\/afea.fr\/news\/wp-json\/wp\/v2\/media?parent=2055"}],"wp:term":[{"taxonomy":"category","embeddable":true,"href":"https:\/\/afea.fr\/news\/wp-json\/wp\/v2\/categories?post=2055"},{"taxonomy":"post_tag","embeddable":true,"href":"https:\/\/afea.fr\/news\/wp-json\/wp\/v2\/tags?post=2055"}],"curies":[{"name":"wp","href":"https:\/\/api.w.org\/{rel}","templated":true}]}}