{"id":2050,"date":"2021-06-18T09:04:30","date_gmt":"2021-06-18T07:04:30","guid":{"rendered":"https:\/\/afea.fr\/news\/cfp\/queering-the-city-a-transatlantic-perspective-les-1011-et-12-juin-2021-2\/2050\/"},"modified":"2021-06-18T09:04:30","modified_gmt":"2021-06-18T07:04:30","slug":"queering-the-city-a-transatlantic-perspective-les-1011-et-12-juin-2021-2","status":"publish","type":"post","link":"https:\/\/afea.fr\/news\/cfp\/queering-the-city-a-transatlantic-perspective-les-1011-et-12-juin-2021-2\/2050\/","title":{"rendered":"Queering The City: A Transatlantic Perspective les 10,11 et 12 juin 2021"},"content":{"rendered":"<p>Ch\u00e8r-es toutes et tous,<\/p>\n<p>veuillez trouver ci-dessous un message de rappel contenant \u00e9galement quelques nouvelles informations concernant le colloque Queering The City qui d\u00e9bute jeudi 10 juin \u00e0 17h.<\/p>\n<p>Bien cordialement,<\/p>\n<p>Gabrielle Adjerad, Gr\u00e9gory Bekhtari, Anne Cr\u00e9mieux, Claire Finch, Laurence Gervais<\/p>\n<p>Queering The City: A Transatlantic Perspective 10,11,12 juin 2021<\/p>\n<p>Scroll down for English<\/p>\n<p>Merci de cliquer sur les liens pour plus de d\u00e9tails<\/p>\n<p>Le colloque &quot;Queering The City : A Transatlantic Perspective&quot; se d\u00e9roulera les <strong>10,11 et 12 juin<\/strong> 2021.<\/p>\n<p>Interpr\u00e9t\u00e9 fran\u00e7ais anglais les vendredi 11 et samedi 12<\/p>\n<p><strong>Deux conf\u00e9rences pl\u00e9ni\u00e8res de sp\u00e9cialistes des espaces queers et des g\u00e9ographies des r\u00e9sistances,<\/strong> <strong>des pr\u00e9sentations d\u2019artistes contemporain\u00b7es, quatre sessions de pr\u00e9sentations \/ d\u00e9bats, deux performances, un atelier drag king, un spectacle, une exposition photo : consultez le <a href=\"https:\/\/queeringthecity.sciencesconf.org\/resource\/page\/id\/1\">programme<\/a><\/strong><\/p>\n<p>Inscriptions colloque : <a href=\"https:\/\/queeringthecity.sciencesconf.org\/registration\">https:\/\/queeringthecity.sciencesconf.org\/registration<\/a><\/p>\n<p>Places limit\u00e9es pour l&rsquo;atelier drag king, en pr\u00e9sentiel \u00e0 la clairefinchparis8&gt;<\/p>\n<p>Documentaire <a href=\"https:\/\/www.filmsdocumentaires.com\/films\/5734-parole-de-king\">Parole de King<\/a> : lien temporaire envoy\u00e9 aux personnes inscrites au colloque d\u00e8s le mercredi 9 juin pour visionnage avant le d\u00e9bat du vendredi 11 juin \u00e0 11h30.<\/p>\n<p>Places limit\u00e9es pour le <a href=\"https:\/\/www.fondationdesetatsunis.org\/fr\/spectacle-voguing\/\">spectacle de voguing<\/a> et l&rsquo;<a href=\"https:\/\/www.fondationdesetatsunis.org\/fr\/exposition-queeringthecity\/\">exposition photo<\/a>, vendredi 11 juin \u00e0 17h \u00e0 la FEU. Pour assister sur place uniquement, s&rsquo;inscrire sur <a href=\"https:\/\/www.weezevent.com\/spectacle-voguing-public\">weezevent<\/a> : <a href=\"https:\/\/www.weezevent.com\/spectacle-voguing-public\">https:\/\/www.weezevent.com\/spectacle-voguing-public<\/a>. \u00c9galement diffus\u00e9 en live sur internet : <a href=\"https:\/\/vimeo.com\/event\/1062531\">https:\/\/vimeo.com\/event\/1062531<\/a>.<\/p>\n<p>Les conf\u00e9rences seront int\u00e9gralement disponibles en ligne par zoom : <a href=\"https:\/\/henalex.zoom.us\/meeting\/register\/tZclc-ygpjsvGt0KA1jIrOP_HYiLO14zvq0Q\">https:\/\/henalex.zoom.us\/meeting\/register\/tZclc-ygpjsvGt0KA1jIrOP_HYiLO14zvq0Q<\/a><\/p>\n<p>Questionner les relations entre genre \/ sexe \/ race \/ validit\u00e9 et espace : est-il possible, dans un espace urbain marqu\u00e9 par les rapports sociaux, de r\u00e9sister aux contraintes, de \u00ab queeriser \u00bb la ville ? Si l\u2019on entend le terme \u00ab queer \u00bb dans le sens o\u00f9 l\u2019utilise Kath Browne: \u00ab qui op\u00e8re au-del\u00e0 des pouvoirs et des contr\u00f4les qui assurent le respect de la normativit\u00e9 \u00bb, alors \u00ab queeriser la ville \u00bb implique de redessiner, reconceptualiser, repenser, recartographier, pour refaire les corps, les espaces et les g\u00e9ographies.<\/p>\n<p><a href=\"https:\/\/queeringthecity.sciencesconf.org\/resource\/page\/id\/11\">Comit\u00e9 d&rsquo;organisation et comit\u00e9 scientifique<\/a><\/p>\n<p><a href=\"https:\/\/queeringthecity.sciencesconf.org\/resource\/page\/id\/6\">Institutions et laboratoires partenaires<\/a><\/p>\n","protected":false},"excerpt":{"rendered":"<p>Ch\u00e8r-es toutes et tous, veuillez trouver ci-dessous un message de rappel contenant \u00e9galement quelques nouvelles informations concernant le colloque Queering [&hellip;]<\/p>\n","protected":false},"author":1,"featured_media":0,"comment_status":"","ping_status":"open","sticky":false,"template":"","format":"standard","meta":{"_uag_custom_page_level_css":"","site-sidebar-layout":"default","site-content-layout":"","ast-site-content-layout":"default","site-content-style":"default","site-sidebar-style":"default","ast-global-header-display":"","ast-banner-title-visibility":"","ast-main-header-display":"","ast-hfb-above-header-display":"","ast-hfb-below-header-display":"","ast-hfb-mobile-header-display":"","site-post-title":"","ast-breadcrumbs-content":"","ast-featured-img":"","footer-sml-layout":"","ast-disable-related-posts":"","theme-transparent-header-meta":"","adv-header-id-meta":"","stick-header-meta":"","header-above-stick-meta":"","header-main-stick-meta":"","header-below-stick-meta":"","astra-migrate-meta-layouts":"default","ast-page-background-enabled":"default","ast-page-background-meta":{"desktop":{"background-color":"var(--ast-global-color-5)","background-image":"","background-repeat":"repeat","background-position":"center center","background-size":"auto","background-attachment":"scroll","background-type":"","background-media":"","overlay-type":"","overlay-color":"","overlay-opacity":"","overlay-gradient":""},"tablet":{"background-color":"","background-image":"","background-repeat":"repeat","background-position":"center center","background-size":"auto","background-attachment":"scroll","background-type":"","background-media":"","overlay-type":"","overlay-color":"","overlay-opacity":"","overlay-gradient":""},"mobile":{"background-color":"","background-image":"","background-repeat":"repeat","background-position":"center center","background-size":"auto","background-attachment":"scroll","background-type":"","background-media":"","overlay-type":"","overlay-color":"","overlay-opacity":"","overlay-gradient":""}},"ast-content-background-meta":{"desktop":{"background-color":"var(--ast-global-color-4)","background-image":"","background-repeat":"repeat","background-position":"center center","background-size":"auto","background-attachment":"scroll","background-type":"","background-media":"","overlay-type":"","overlay-color":"","overlay-opacity":"","overlay-gradient":""},"tablet":{"background-color":"var(--ast-global-color-4)","background-image":"","background-repeat":"repeat","background-position":"center center","background-size":"auto","background-attachment":"scroll","background-type":"","background-media":"","overlay-type":"","overlay-color":"","overlay-opacity":"","overlay-gradient":""},"mobile":{"background-color":"var(--ast-global-color-4)","background-image":"","background-repeat":"repeat","background-position":"center center","background-size":"auto","background-attachment":"scroll","background-type":"","background-media":"","overlay-type":"","overlay-color":"","overlay-opacity":"","overlay-gradient":""}},"_jetpack_memberships_contains_paid_content":false,"footnotes":""},"categories":[99],"tags":[333],"class_list":["post-2050","post","type-post","status-publish","format-standard","hentry","category-cfp","tag-queer"],"jetpack_featured_media_url":"","uagb_featured_image_src":{"full":false,"thumbnail":false,"medium":false,"medium_large":false,"large":false,"1536x1536":false,"2048x2048":false},"uagb_author_info":{"display_name":"Admin","author_link":"https:\/\/afea.fr\/news\/author\/yanb\/"},"uagb_comment_info":0,"uagb_excerpt":"Ch\u00e8r-es toutes et tous, veuillez trouver ci-dessous un message de rappel contenant \u00e9galement quelques nouvelles informations concernant le colloque Queering [&hellip;]","jetpack_sharing_enabled":true,"_links":{"self":[{"href":"https:\/\/afea.fr\/news\/wp-json\/wp\/v2\/posts\/2050"}],"collection":[{"href":"https:\/\/afea.fr\/news\/wp-json\/wp\/v2\/posts"}],"about":[{"href":"https:\/\/afea.fr\/news\/wp-json\/wp\/v2\/types\/post"}],"author":[{"embeddable":true,"href":"https:\/\/afea.fr\/news\/wp-json\/wp\/v2\/users\/1"}],"replies":[{"embeddable":true,"href":"https:\/\/afea.fr\/news\/wp-json\/wp\/v2\/comments?post=2050"}],"version-history":[{"count":0,"href":"https:\/\/afea.fr\/news\/wp-json\/wp\/v2\/posts\/2050\/revisions"}],"wp:attachment":[{"href":"https:\/\/afea.fr\/news\/wp-json\/wp\/v2\/media?parent=2050"}],"wp:term":[{"taxonomy":"category","embeddable":true,"href":"https:\/\/afea.fr\/news\/wp-json\/wp\/v2\/categories?post=2050"},{"taxonomy":"post_tag","embeddable":true,"href":"https:\/\/afea.fr\/news\/wp-json\/wp\/v2\/tags?post=2050"}],"curies":[{"name":"wp","href":"https:\/\/api.w.org\/{rel}","templated":true}]}}