{"id":2023,"date":"2021-06-08T19:53:33","date_gmt":"2021-06-08T17:53:33","guid":{"rendered":"https:\/\/afea.fr\/news\/seminar\/table-ronde-en-ligne-avec-kareen-guiock-et-lilian-thuram-le-droit-et-les-discriminations-raciales-en-france-et-aux-etats-unis\/2023\/"},"modified":"2021-06-08T19:53:33","modified_gmt":"2021-06-08T17:53:33","slug":"table-ronde-en-ligne-avec-kareen-guiock-et-lilian-thuram-le-droit-et-les-discriminations-raciales-en-france-et-aux-etats-unis","status":"publish","type":"post","link":"https:\/\/afea.fr\/news\/seminar\/table-ronde-en-ligne-avec-kareen-guiock-et-lilian-thuram-le-droit-et-les-discriminations-raciales-en-france-et-aux-etats-unis\/2023\/","title":{"rendered":"Table ronde en ligne avec Kareen Guiock et Lilian Thuram: \u00ab\u00a0Le droit et les discriminations raciales en France et aux Etats-Unis\u00a0\u00bb"},"content":{"rendered":"<p>Ch\u00e8res et chers coll\u00e8gues,<\/p>\n<p>Nous sommes ravi.e.s de vous inviter \u00e0 <strong>la table ronde en ligne avec Kareen Guiock et Lilian Thuram intitul\u00e9e &quot;Le droit et les discriminations raciales en France et aux Etats-Unis&quot; <\/strong>qui aura lieu <strong>jeudi 10 juin de 15h30 \u00e0 17h.<\/strong><\/p>\n<p><strong><a href=\"https:\/\/openagenda.com\/faculte-droit-economie-gestion\/events\/le-droit-et-les-discriminations-raciales-en-france-et-aux-etats-unis-entretien-avec-kareen-guiock-et-lilian-thuram\">https:\/\/openagenda.com\/faculte-droit-economie-gestion\/events\/le-droit-et-les-discriminations-raciales-en-france-et-aux-etats-unis-entretien-avec-kareen-guiock-et-lilian-thuram<\/a><br \/>\n<\/strong><\/p>\n<table>\n<tbody>\n<tr valign=\"top\">\n<td><a href=\"https:\/\/openagenda.com\/faculte-droit-economie-gestion\/events\/le-droit-et-les-discriminations-raciales-en-france-et-aux-etats-unis-entretien-avec-kareen-guiock-et-lilian-thuram\"><br \/>\n<\/a><\/td>\n<td><a href=\"https:\/\/openagenda.com\/faculte-droit-economie-gestion\/events\/le-droit-et-les-discriminations-raciales-en-france-et-aux-etats-unis-entretien-avec-kareen-guiock-et-lilian-thuram\">Le droit et les discriminations raciales en France et aux \u00c9tats-Unis : Entretien avec Kareen Guiock et Lilian Thuram<\/a><br \/>\nLa journaliste Kareen Guiock, qui pr\u00e9sente le journal de 12h45 sur M6, consid\u00e8re, en tant que femme et en tant que Noire, que la lutte contre les discriminations est une \u00e9vidence&#8230; &#8211; Jeudi 10 juin, 15h30 &#8211; En ligne<br \/>\n<a href=\"http:\/\/openagenda.com\">openagenda.com<\/a><\/td>\n<\/tr>\n<\/tbody>\n<\/table>\n<p>Cette table ronde sera anim\u00e9e par <strong>les \u00e9tudiant.e.s de la webradio<\/strong> de la Facult\u00e9 de droit Jean Monnet (Universit\u00e9 Paris-Saclay) <strong>Monnetalk <\/strong>et<strong> Nathalie Loison<\/strong>, PRCE en anglais et docteure en civilisation am\u00e9ricaine. Elle ne n\u00e9cessitera pas d&rsquo;inscription pr\u00e9alable.<\/p>\n<p><strong>Lien de la cha\u00eene Youtube o\u00f9 sera diffus\u00e9 le live : <\/strong><br \/>\n<a href=\"https:\/\/www.youtube.com\/channel\/UCsYO0ST1z9L4XQOzg_wlo2g\">https:\/\/www.youtube.com\/channel\/UCsYO0ST1z9L4XQOzg_wlo2g<\/a><\/p>\n<p>Nous esp\u00e9rons vous y retrouver nombreux.<\/p>\n<p>Bien \u00e0 vous.<br \/>\nNathalie Loison<\/p>\n","protected":false},"excerpt":{"rendered":"<p>Ch\u00e8res et chers coll\u00e8gues, Nous sommes ravi.e.s de vous inviter \u00e0 la table ronde en ligne avec Kareen Guiock et [&hellip;]<\/p>\n","protected":false},"author":1,"featured_media":0,"comment_status":"","ping_status":"open","sticky":false,"template":"","format":"standard","meta":{"_uag_custom_page_level_css":"","site-sidebar-layout":"default","site-content-layout":"","ast-site-content-layout":"default","site-content-style":"default","site-sidebar-style":"default","ast-global-header-display":"","ast-banner-title-visibility":"","ast-main-header-display":"","ast-hfb-above-header-display":"","ast-hfb-below-header-display":"","ast-hfb-mobile-header-display":"","site-post-title":"","ast-breadcrumbs-content":"","ast-featured-img":"","footer-sml-layout":"","ast-disable-related-posts":"","theme-transparent-header-meta":"","adv-header-id-meta":"","stick-header-meta":"","header-above-stick-meta":"","header-main-stick-meta":"","header-below-stick-meta":"","astra-migrate-meta-layouts":"default","ast-page-background-enabled":"default","ast-page-background-meta":{"desktop":{"background-color":"var(--ast-global-color-5)","background-image":"","background-repeat":"repeat","background-position":"center center","background-size":"auto","background-attachment":"scroll","background-type":"","background-media":"","overlay-type":"","overlay-color":"","overlay-opacity":"","overlay-gradient":""},"tablet":{"background-color":"","background-image":"","background-repeat":"repeat","background-position":"center center","background-size":"auto","background-attachment":"scroll","background-type":"","background-media":"","overlay-type":"","overlay-color":"","overlay-opacity":"","overlay-gradient":""},"mobile":{"background-color":"","background-image":"","background-repeat":"repeat","background-position":"center center","background-size":"auto","background-attachment":"scroll","background-type":"","background-media":"","overlay-type":"","overlay-color":"","overlay-opacity":"","overlay-gradient":""}},"ast-content-background-meta":{"desktop":{"background-color":"var(--ast-global-color-4)","background-image":"","background-repeat":"repeat","background-position":"center center","background-size":"auto","background-attachment":"scroll","background-type":"","background-media":"","overlay-type":"","overlay-color":"","overlay-opacity":"","overlay-gradient":""},"tablet":{"background-color":"var(--ast-global-color-4)","background-image":"","background-repeat":"repeat","background-position":"center center","background-size":"auto","background-attachment":"scroll","background-type":"","background-media":"","overlay-type":"","overlay-color":"","overlay-opacity":"","overlay-gradient":""},"mobile":{"background-color":"var(--ast-global-color-4)","background-image":"","background-repeat":"repeat","background-position":"center center","background-size":"auto","background-attachment":"scroll","background-type":"","background-media":"","overlay-type":"","overlay-color":"","overlay-opacity":"","overlay-gradient":""}},"_jetpack_memberships_contains_paid_content":false,"footnotes":""},"categories":[100],"tags":[413,186,182,158,400],"class_list":["post-2023","post","type-post","status-publish","format-standard","hentry","category-seminar","tag-discrimination","tag-france","tag-law","tag-politics","tag-usa"],"jetpack_featured_media_url":"","uagb_featured_image_src":{"full":false,"thumbnail":false,"medium":false,"medium_large":false,"large":false,"1536x1536":false,"2048x2048":false},"uagb_author_info":{"display_name":"Admin","author_link":"https:\/\/afea.fr\/news\/author\/yanb\/"},"uagb_comment_info":0,"uagb_excerpt":"Ch\u00e8res et chers coll\u00e8gues, Nous sommes ravi.e.s de vous inviter \u00e0 la table ronde en ligne avec Kareen Guiock et [&hellip;]","jetpack_sharing_enabled":true,"_links":{"self":[{"href":"https:\/\/afea.fr\/news\/wp-json\/wp\/v2\/posts\/2023"}],"collection":[{"href":"https:\/\/afea.fr\/news\/wp-json\/wp\/v2\/posts"}],"about":[{"href":"https:\/\/afea.fr\/news\/wp-json\/wp\/v2\/types\/post"}],"author":[{"embeddable":true,"href":"https:\/\/afea.fr\/news\/wp-json\/wp\/v2\/users\/1"}],"replies":[{"embeddable":true,"href":"https:\/\/afea.fr\/news\/wp-json\/wp\/v2\/comments?post=2023"}],"version-history":[{"count":0,"href":"https:\/\/afea.fr\/news\/wp-json\/wp\/v2\/posts\/2023\/revisions"}],"wp:attachment":[{"href":"https:\/\/afea.fr\/news\/wp-json\/wp\/v2\/media?parent=2023"}],"wp:term":[{"taxonomy":"category","embeddable":true,"href":"https:\/\/afea.fr\/news\/wp-json\/wp\/v2\/categories?post=2023"},{"taxonomy":"post_tag","embeddable":true,"href":"https:\/\/afea.fr\/news\/wp-json\/wp\/v2\/tags?post=2023"}],"curies":[{"name":"wp","href":"https:\/\/api.w.org\/{rel}","templated":true}]}}