{"id":2020,"date":"2021-06-08T19:47:40","date_gmt":"2021-06-08T17:47:40","guid":{"rendered":"https:\/\/afea.fr\/news\/seminar\/la-force-de-lordre-le-conservatisme-entre-democratie-et-exception-atelier-en-ligne-18-juin-2021\/2020\/"},"modified":"2021-06-08T19:47:40","modified_gmt":"2021-06-08T17:47:40","slug":"la-force-de-lordre-le-conservatisme-entre-democratie-et-exception-atelier-en-ligne-18-juin-2021","status":"publish","type":"post","link":"https:\/\/afea.fr\/news\/seminar\/la-force-de-lordre-le-conservatisme-entre-democratie-et-exception-atelier-en-ligne-18-juin-2021\/2020\/","title":{"rendered":"La force de l\u2019ordre : le conservatisme entre d\u00e9mocratie et exception: atelier en ligne, 18 juin 2021"},"content":{"rendered":"<p>Ch\u00e8res et chers coll\u00e8gues,<\/p>\n<p>Rodrigo Nabuco (MCF en histoire et civilisation de l&rsquo;Am\u00e9rique latine) et moi-m\u00eame organisons le 18 juin 2021, dans le cadre de la MSH Reims (Universit\u00e9 Reims Champagne Ardenne) un atelier en ligne sur le conservatisme \u00e0 l&rsquo;\u00e9chelle internationale (avec une forte concentration sur les Am\u00e9riques).`<\/p>\n<p>L&rsquo;atelier aura lieu \u00e0 distance, sur zoom. Pour y assister nous vous demandons d&rsquo;\u00e9crire \u00e0 yann.philippe et \u00e0<br \/>\nrodrigo.nabuco-de-araujo<\/p>\n<p>L&rsquo;atelier a pour objectif de proposer un \u00e9clairage historique sur la rupture politique v\u00e9cue dans diff\u00e9rents pays depuis les ann\u00e9es 2010, c\u2019est-\u00e0-dire l\u2019arriv\u00e9e au pouvoir de forces politiques proposant un rapport renouvel\u00e9 \u00e0 la fois au conservatisme et \u00e0 la d\u00e9mocratie. L\u2019\u00e9mergence de dirigeants politiques d\u2019un type nouveau (Orban, Erdogan, Duterte, Trump, Bolsonaro) se d\u00e9roule avec pour toile de fond un profond discr\u00e9dit pour la classe politique, mais \u00e9galement une forte progression de revendications conservatrices, qu&rsquo;elles soient soci\u00e9tales, \u00e9conomiques ou id\u00e9ologiques. Notre objectif est en effet de donner une profondeur historique et perspective internationale en interrogeant la relation d\u2019un conservatisme d\u00e9fini de fa\u00e7on plurielle \u00e0 la d\u00e9mocratie et en analysant les th\u00e9matiques, traits socio-politiques et modes d\u2019organisation mis en avant par le camp politique conservateur : omnipr\u00e9sence des valeurs de l\u2019ordre, de l\u2019anticommunisme et du masculinisme, racialisation et d\u00e9s\u00e9cularisation du politique, r\u00e9surgence d\u2019une m\u00e9moire positive des dictatures et des totalitarismes, renouvellements de la pens\u00e9e n\u00e9olib\u00e9rale, r\u00f4le majeur donn\u00e9 aux forces de l\u2019ordre.<br \/>\nIl s\u2019agit de comprendre comment des pays aux traditions et aux \u00e9volutions politiques diverses ont fait l\u2019exp\u00e9rience, \u00e0 un moment ou un autre de leur histoire, d\u2019une red\u00e9finition de la d\u00e9mocratie fond\u00e9e sur l\u2019exception. La p\u00e9riode d\u2019\u00e9tude correspond \u00e0 un long XXe si\u00e8cle.<\/p>\n<p>Le programme, qui comporte deux interventions sur les \u00c9tats-Unis, est le suivant :<\/p>\n<p><strong>La force de l\u2019ordre : le conservatisme entre d\u00e9mocratie et exception<br \/>\n<\/strong><br \/>\n<strong>Atelier en ligne du 18 juin 2021<\/strong><\/p>\n<p><strong>Programme <\/strong><\/p>\n<p><strong>9h15<\/strong> : Introduction g\u00e9n\u00e9rale<\/p>\n<p>Thomas Nicklas, directeur du CIRLEP<\/p>\n<p>Rodrigo Nabuco et Yann Philippe (CIRLEP)<\/p>\n<p><strong>9h30-12h-30<\/strong> : Mod\u00e9ration : Rodrigo Nabuco (CIRLEP)<\/p>\n<p>&#8211; Christian Roques, Universit\u00e9 de Reims : \u00ab Entre ordre \u00e9conomique et ordre politique. G\u00e9n\u00e9alogie du concept de \u2018lib\u00e9ralisme autoritaire\u2019 \u00bb<\/p>\n<p>&#8211; Jean-Christian Vinel, Universit\u00e9 Paris-Diderot : \u00ab Vers une droite populiste? William Rusher, le vote ouvrier, et l&rsquo;\u00e9mergence des &lsquo;Reagan Democrats&rsquo; (1969-1980). \u00bb<\/p>\n<p>&#8211; Yann Philippe, Universit\u00e9 de Reims et Alexandre Rios-Bordes, Universit\u00e9 Paris-Diderot : \u00ab Une politique conservatrice sans en avoir l\u2019air : les cas de la police et de l\u2019arm\u00e9e aux \u00c9tats-Unis dans la premi\u00e8re moiti\u00e9 du XXe si\u00e8cle \u00bb<\/p>\n<p><strong>13h30h-17h<\/strong> : Mod\u00e9ration : Nadia Vargaftig (CERHIC)<\/p>\n<p>&#8211; Rodrigo Nabuco, Universit\u00e9 de Reims : \u00ab Lectures des guerres coloniales par les droites conservatrices: instruments de gouvernance, surveillance et contr\u00f4le des populations \u00bb<\/p>\n<p>&#8211; St\u00e9phane Boisard, Universit\u00e9 Toulouse Jean Jaur\u00e8s : \u00ab De l\u2019usage de la notion de &lsquo;populisme&rsquo; dans les discours de droite n\u00e9o-lib\u00e9raux latino-am\u00e9ricains \u00bb<\/p>\n<p>&#8211; Diogo Cunha, Universidade Federal de Pernambuco, Br\u00e9sil : \u00ab Ordre et d\u00e9mocratie dans la pens\u00e9e autoritaire-conservatrice br\u00e9silienne (1930-1970) \u00bb<\/p>\n<p>&#8211; Ernesto Bohoslavski, Universidad Nacional de General Sarmiento, Argentine : \u00ab L&rsquo;extr\u00eame droite argentine et l&rsquo;ordre moral et sexuel pendant la guerre froide \u00bb<\/p>\n<p>Cordialement,<\/p>\n<p>Yann Philippe<\/p>\n","protected":false},"excerpt":{"rendered":"<p>Ch\u00e8res et chers coll\u00e8gues, Rodrigo Nabuco (MCF en histoire et civilisation de l&rsquo;Am\u00e9rique latine) et moi-m\u00eame organisons le 18 juin [&hellip;]<\/p>\n","protected":false},"author":1,"featured_media":0,"comment_status":"","ping_status":"open","sticky":false,"template":"","format":"standard","meta":{"_uag_custom_page_level_css":"","site-sidebar-layout":"default","site-content-layout":"","ast-site-content-layout":"default","site-content-style":"default","site-sidebar-style":"default","ast-global-header-display":"","ast-banner-title-visibility":"","ast-main-header-display":"","ast-hfb-above-header-display":"","ast-hfb-below-header-display":"","ast-hfb-mobile-header-display":"","site-post-title":"","ast-breadcrumbs-content":"","ast-featured-img":"","footer-sml-layout":"","ast-disable-related-posts":"","theme-transparent-header-meta":"","adv-header-id-meta":"","stick-header-meta":"","header-above-stick-meta":"","header-main-stick-meta":"","header-below-stick-meta":"","astra-migrate-meta-layouts":"default","ast-page-background-enabled":"default","ast-page-background-meta":{"desktop":{"background-color":"var(--ast-global-color-5)","background-image":"","background-repeat":"repeat","background-position":"center center","background-size":"auto","background-attachment":"scroll","background-type":"","background-media":"","overlay-type":"","overlay-color":"","overlay-opacity":"","overlay-gradient":""},"tablet":{"background-color":"","background-image":"","background-repeat":"repeat","background-position":"center center","background-size":"auto","background-attachment":"scroll","background-type":"","background-media":"","overlay-type":"","overlay-color":"","overlay-opacity":"","overlay-gradient":""},"mobile":{"background-color":"","background-image":"","background-repeat":"repeat","background-position":"center center","background-size":"auto","background-attachment":"scroll","background-type":"","background-media":"","overlay-type":"","overlay-color":"","overlay-opacity":"","overlay-gradient":""}},"ast-content-background-meta":{"desktop":{"background-color":"var(--ast-global-color-4)","background-image":"","background-repeat":"repeat","background-position":"center center","background-size":"auto","background-attachment":"scroll","background-type":"","background-media":"","overlay-type":"","overlay-color":"","overlay-opacity":"","overlay-gradient":""},"tablet":{"background-color":"var(--ast-global-color-4)","background-image":"","background-repeat":"repeat","background-position":"center center","background-size":"auto","background-attachment":"scroll","background-type":"","background-media":"","overlay-type":"","overlay-color":"","overlay-opacity":"","overlay-gradient":""},"mobile":{"background-color":"var(--ast-global-color-4)","background-image":"","background-repeat":"repeat","background-position":"center center","background-size":"auto","background-attachment":"scroll","background-type":"","background-media":"","overlay-type":"","overlay-color":"","overlay-opacity":"","overlay-gradient":""}},"_jetpack_memberships_contains_paid_content":false,"footnotes":""},"categories":[100],"tags":[409,408,158],"class_list":["post-2020","post","type-post","status-publish","format-standard","hentry","category-seminar","tag-americas","tag-conservatism","tag-politics"],"jetpack_featured_media_url":"","uagb_featured_image_src":{"full":false,"thumbnail":false,"medium":false,"medium_large":false,"large":false,"1536x1536":false,"2048x2048":false},"uagb_author_info":{"display_name":"Admin","author_link":"https:\/\/afea.fr\/news\/author\/yanb\/"},"uagb_comment_info":0,"uagb_excerpt":"Ch\u00e8res et chers coll\u00e8gues, Rodrigo Nabuco (MCF en histoire et civilisation de l&rsquo;Am\u00e9rique latine) et moi-m\u00eame organisons le 18 juin [&hellip;]","jetpack_sharing_enabled":true,"_links":{"self":[{"href":"https:\/\/afea.fr\/news\/wp-json\/wp\/v2\/posts\/2020"}],"collection":[{"href":"https:\/\/afea.fr\/news\/wp-json\/wp\/v2\/posts"}],"about":[{"href":"https:\/\/afea.fr\/news\/wp-json\/wp\/v2\/types\/post"}],"author":[{"embeddable":true,"href":"https:\/\/afea.fr\/news\/wp-json\/wp\/v2\/users\/1"}],"replies":[{"embeddable":true,"href":"https:\/\/afea.fr\/news\/wp-json\/wp\/v2\/comments?post=2020"}],"version-history":[{"count":0,"href":"https:\/\/afea.fr\/news\/wp-json\/wp\/v2\/posts\/2020\/revisions"}],"wp:attachment":[{"href":"https:\/\/afea.fr\/news\/wp-json\/wp\/v2\/media?parent=2020"}],"wp:term":[{"taxonomy":"category","embeddable":true,"href":"https:\/\/afea.fr\/news\/wp-json\/wp\/v2\/categories?post=2020"},{"taxonomy":"post_tag","embeddable":true,"href":"https:\/\/afea.fr\/news\/wp-json\/wp\/v2\/tags?post=2020"}],"curies":[{"name":"wp","href":"https:\/\/api.w.org\/{rel}","templated":true}]}}