{"id":2013,"date":"2021-06-08T19:36:01","date_gmt":"2021-06-08T17:36:01","guid":{"rendered":"https:\/\/afea.fr\/news\/cfp\/ecopoetique-la-biodiversite\/2013\/"},"modified":"2022-07-06T21:44:19","modified_gmt":"2022-07-06T19:44:19","slug":"ecopoetique-la-biodiversite","status":"publish","type":"post","link":"https:\/\/afea.fr\/news\/conference-symposium\/ecopoetique-la-biodiversite\/2013\/","title":{"rendered":"\u00e9copo\u00e9tique: La biodiversit\u00e9"},"content":{"rendered":"<p>Chers et ch\u00e8res coll\u00e8gues,<br \/>\nApr\u00e8s une ann\u00e9e tr\u00e8s bouscul\u00e9e par la situation sanitaire, OIKOS, l&rsquo;atelier de recherche en \u00e9copo\u00e9tique, \u00e9cocritique et \u00e9coanthropologie de l&rsquo;UPVD vous convie \u00e0 une Journ\u00e9e d&rsquo;Etude sur le th\u00e8me <strong>\u00ab\u00a0La Biodiversit\u00e9: enjeux litt\u00e9raires, stylistiques, historiques.\u00a0\u00bb <\/strong><\/p>\n<p>Cette JE est coorganis\u00e9e par l&rsquo;Universit\u00e9 du Sacr\u00e9 C\u0153ur \u00e0 Milan et notre atelier OIKOS, \u00e0 l&rsquo;UPVD, dans la cadre d&rsquo;un partenariat franco-italien initi\u00e9 par Davide Vago. Elle se tiendra le <strong>15 juin, de 9h00 \u00e0 18h00, en pr\u00e9sentiel et en distanciel.<\/strong> Vous trouverez l&rsquo;affiche, le programme et les d\u00e9tails pratiques en suivant le lien ci-contre: <a href=\"https:\/\/ecopoetique.hypotheses.org\/6190\">https:\/\/ecopoetique.hypotheses.org\/6190<\/a>.<\/p>\n<p>Si vous souhaitez assister \u00e0 cette journ\u00e9e en pr\u00e9sentiel \u00e0 l&rsquo;UPVD, cela est possible dans la limite des places disponibles. Pour suivre en pr\u00e9sentiel \u00e0 Milan, ou bien en distanciel par TEAMS, merci d&rsquo; \u00e9crire \u00e0: info.biodiversite<\/p>\n<p>Nous signalons un <em>erratum<\/em> \u00e0 prendre en compte pour le programme: La Premi\u00e8re Partie de la journ\u00e9e sera mod\u00e9r\u00e9e par Davide Vago.<\/p>\n<p>Bien \u00e0 vous tous et toutes,<\/p>\n","protected":false},"excerpt":{"rendered":"<p>Chers et ch\u00e8res coll\u00e8gues, Apr\u00e8s une ann\u00e9e tr\u00e8s bouscul\u00e9e par la situation sanitaire, OIKOS, l&rsquo;atelier de recherche en \u00e9copo\u00e9tique, \u00e9cocritique [&hellip;]<\/p>\n","protected":false},"author":1,"featured_media":0,"comment_status":"closed","ping_status":"open","sticky":false,"template":"","format":"standard","meta":{"_uag_custom_page_level_css":"","site-sidebar-layout":"default","site-content-layout":"default","ast-site-content-layout":"default","site-content-style":"default","site-sidebar-style":"default","ast-global-header-display":"","ast-banner-title-visibility":"","ast-main-header-display":"","ast-hfb-above-header-display":"","ast-hfb-below-header-display":"","ast-hfb-mobile-header-display":"","site-post-title":"","ast-breadcrumbs-content":"","ast-featured-img":"","footer-sml-layout":"","ast-disable-related-posts":"","theme-transparent-header-meta":"default","adv-header-id-meta":"","stick-header-meta":"","header-above-stick-meta":"","header-main-stick-meta":"","header-below-stick-meta":"","astra-migrate-meta-layouts":"default","ast-page-background-enabled":"default","ast-page-background-meta":{"desktop":{"background-color":"var(--ast-global-color-5)","background-image":"","background-repeat":"repeat","background-position":"center center","background-size":"auto","background-attachment":"scroll","background-type":"","background-media":"","overlay-type":"","overlay-color":"","overlay-opacity":"","overlay-gradient":""},"tablet":{"background-color":"","background-image":"","background-repeat":"repeat","background-position":"center center","background-size":"auto","background-attachment":"scroll","background-type":"","background-media":"","overlay-type":"","overlay-color":"","overlay-opacity":"","overlay-gradient":""},"mobile":{"background-color":"","background-image":"","background-repeat":"repeat","background-position":"center center","background-size":"auto","background-attachment":"scroll","background-type":"","background-media":"","overlay-type":"","overlay-color":"","overlay-opacity":"","overlay-gradient":""}},"ast-content-background-meta":{"desktop":{"background-color":"var(--ast-global-color-4)","background-image":"","background-repeat":"repeat","background-position":"center center","background-size":"auto","background-attachment":"scroll","background-type":"","background-media":"","overlay-type":"","overlay-color":"","overlay-opacity":"","overlay-gradient":""},"tablet":{"background-color":"var(--ast-global-color-4)","background-image":"","background-repeat":"repeat","background-position":"center center","background-size":"auto","background-attachment":"scroll","background-type":"","background-media":"","overlay-type":"","overlay-color":"","overlay-opacity":"","overlay-gradient":""},"mobile":{"background-color":"var(--ast-global-color-4)","background-image":"","background-repeat":"repeat","background-position":"center center","background-size":"auto","background-attachment":"scroll","background-type":"","background-media":"","overlay-type":"","overlay-color":"","overlay-opacity":"","overlay-gradient":""}},"_jetpack_memberships_contains_paid_content":false,"footnotes":""},"categories":[568],"tags":[399,368,193],"class_list":["post-2013","post","type-post","status-publish","format-standard","hentry","category-conference-symposium","tag-anthropology","tag-ecology","tag-poetry"],"jetpack_featured_media_url":"","uagb_featured_image_src":{"full":false,"thumbnail":false,"medium":false,"medium_large":false,"large":false,"1536x1536":false,"2048x2048":false},"uagb_author_info":{"display_name":"Admin","author_link":"https:\/\/afea.fr\/news\/author\/yanb\/"},"uagb_comment_info":0,"uagb_excerpt":"Chers et ch\u00e8res coll\u00e8gues, Apr\u00e8s une ann\u00e9e tr\u00e8s bouscul\u00e9e par la situation sanitaire, OIKOS, l&rsquo;atelier de recherche en \u00e9copo\u00e9tique, \u00e9cocritique [&hellip;]","jetpack_sharing_enabled":true,"_links":{"self":[{"href":"https:\/\/afea.fr\/news\/wp-json\/wp\/v2\/posts\/2013"}],"collection":[{"href":"https:\/\/afea.fr\/news\/wp-json\/wp\/v2\/posts"}],"about":[{"href":"https:\/\/afea.fr\/news\/wp-json\/wp\/v2\/types\/post"}],"author":[{"embeddable":true,"href":"https:\/\/afea.fr\/news\/wp-json\/wp\/v2\/users\/1"}],"replies":[{"embeddable":true,"href":"https:\/\/afea.fr\/news\/wp-json\/wp\/v2\/comments?post=2013"}],"version-history":[{"count":2,"href":"https:\/\/afea.fr\/news\/wp-json\/wp\/v2\/posts\/2013\/revisions"}],"predecessor-version":[{"id":2041,"href":"https:\/\/afea.fr\/news\/wp-json\/wp\/v2\/posts\/2013\/revisions\/2041"}],"wp:attachment":[{"href":"https:\/\/afea.fr\/news\/wp-json\/wp\/v2\/media?parent=2013"}],"wp:term":[{"taxonomy":"category","embeddable":true,"href":"https:\/\/afea.fr\/news\/wp-json\/wp\/v2\/categories?post=2013"},{"taxonomy":"post_tag","embeddable":true,"href":"https:\/\/afea.fr\/news\/wp-json\/wp\/v2\/tags?post=2013"}],"curies":[{"name":"wp","href":"https:\/\/api.w.org\/{rel}","templated":true}]}}