{"id":2011,"date":"2021-06-08T19:32:48","date_gmt":"2021-06-08T17:32:48","guid":{"rendered":"https:\/\/afea.fr\/news\/cfp\/autres-objets-du-pragmatisme-9-juin-14h-17h\/2011\/"},"modified":"2021-06-11T22:04:23","modified_gmt":"2021-06-11T20:04:23","slug":"autres-objets-du-pragmatisme-9-juin-14h-17h","status":"publish","type":"post","link":"https:\/\/afea.fr\/news\/seminar\/autres-objets-du-pragmatisme-9-juin-14h-17h\/2011\/","title":{"rendered":"Autres Objets du Pragmatisme &#8212; 9 juin 14h-17h"},"content":{"rendered":"<p>Ch\u00e8res et chers coll\u00e8gues,<\/p>\n<p>Nous sommes heureuses de vous inviter \u00e0 la deuxi\u00e8me rencontre du groupe de travail \u00ab <strong>Autres Objets du Pragmatisme <\/strong>\u00bb qui se tiendra le <strong>mercredi 9 juin de 14h \u00e0 17h<\/strong>. La rencontre initialement pr\u00e9vue \u00e0 la Sorbonne Nouvelle aura lieu de mani\u00e8re virtuelle, merci de vous inscrire pour obtenir le lien de connexion en \u00e9crivant \u00e0 l\u2019adresse suivante : antonia.rigaud<\/p>\n<p>Nous aurons le grand plaisir d\u2019entendre Sandra Laugier (Universit\u00e9 Paris 1) et Camille Joseph (Universit\u00e9 Paris 8) :<\/p>\n<p><strong>14h-14h40<\/strong> : <strong>Sandra Laugier<\/strong> interviendra sur la d\u00e9mocratie radicale (titre \u00e0 venir)<\/p>\n<p><strong>Discutante : Isabelle Alfandary<\/strong> (Sorbonne Nouvelle, Prismes)<\/p>\n<p><strong>15h : Camille Joseph<\/strong> : \u00ab Dewey, Boas et l\u2019exp\u00e9rience de la m\u00e9thode historique \u00bb<\/p>\n<p><strong>Discutant : Ary Gordien<\/strong> (CNRS, Larca)<\/p>\n<p><strong>16-17h : discussion g\u00e9n\u00e9rale<\/strong><\/p>\n<p>Textes de r\u00e9f\u00e9rence propos\u00e9s par Camille Joseph :<\/p>\n<p>John Dewey, \u201c<a href=\"https:\/\/www.jstor.org\/stable\/2176631?seq=1#metadata_info_tab_contents\">The Evolutionary Method as Applied to Morality I<\/a>\u201d (1902)<\/p>\n<p>John Dewey, \u201c<a href=\"https:\/\/www.jstor.org\/stable\/pdf\/2176470.pdf\">The Evolutionary Method as Applied to Morality: II. Its Significance for Conduct<\/a>\u201d (1902)<\/p>\n<p>Apr\u00e8s-midi co-organis\u00e9e par H\u00e9l\u00e8ne Cottet (Lille 3, Cecille), Antonia Rigaud (Sorbonne Nouvelle, Prismes, en d\u00e9l\u00e9gation au Larca), C\u00e9cile Roudeau (Universit\u00e9 de Paris, Larca)<\/p>\n<p dir=\"ltr\">\n<p dir=\"ltr\">\n","protected":false},"excerpt":{"rendered":"<p>Ch\u00e8res et chers coll\u00e8gues, Nous sommes heureuses de vous inviter \u00e0 la deuxi\u00e8me rencontre du groupe de travail \u00ab Autres [&hellip;]<\/p>\n","protected":false},"author":1,"featured_media":0,"comment_status":"closed","ping_status":"open","sticky":false,"template":"","format":"standard","meta":{"_uag_custom_page_level_css":"","site-sidebar-layout":"default","site-content-layout":"default","ast-site-content-layout":"default","site-content-style":"default","site-sidebar-style":"default","ast-global-header-display":"","ast-banner-title-visibility":"","ast-main-header-display":"","ast-hfb-above-header-display":"","ast-hfb-below-header-display":"","ast-hfb-mobile-header-display":"","site-post-title":"","ast-breadcrumbs-content":"","ast-featured-img":"","footer-sml-layout":"","ast-disable-related-posts":"","theme-transparent-header-meta":"default","adv-header-id-meta":"","stick-header-meta":"","header-above-stick-meta":"","header-main-stick-meta":"","header-below-stick-meta":"","astra-migrate-meta-layouts":"default","ast-page-background-enabled":"default","ast-page-background-meta":{"desktop":{"background-color":"var(--ast-global-color-5)","background-image":"","background-repeat":"repeat","background-position":"center center","background-size":"auto","background-attachment":"scroll","background-type":"","background-media":"","overlay-type":"","overlay-color":"","overlay-opacity":"","overlay-gradient":""},"tablet":{"background-color":"","background-image":"","background-repeat":"repeat","background-position":"center center","background-size":"auto","background-attachment":"scroll","background-type":"","background-media":"","overlay-type":"","overlay-color":"","overlay-opacity":"","overlay-gradient":""},"mobile":{"background-color":"","background-image":"","background-repeat":"repeat","background-position":"center center","background-size":"auto","background-attachment":"scroll","background-type":"","background-media":"","overlay-type":"","overlay-color":"","overlay-opacity":"","overlay-gradient":""}},"ast-content-background-meta":{"desktop":{"background-color":"var(--ast-global-color-4)","background-image":"","background-repeat":"repeat","background-position":"center center","background-size":"auto","background-attachment":"scroll","background-type":"","background-media":"","overlay-type":"","overlay-color":"","overlay-opacity":"","overlay-gradient":""},"tablet":{"background-color":"var(--ast-global-color-4)","background-image":"","background-repeat":"repeat","background-position":"center center","background-size":"auto","background-attachment":"scroll","background-type":"","background-media":"","overlay-type":"","overlay-color":"","overlay-opacity":"","overlay-gradient":""},"mobile":{"background-color":"var(--ast-global-color-4)","background-image":"","background-repeat":"repeat","background-position":"center center","background-size":"auto","background-attachment":"scroll","background-type":"","background-media":"","overlay-type":"","overlay-color":"","overlay-opacity":"","overlay-gradient":""}},"_jetpack_memberships_contains_paid_content":false,"footnotes":""},"categories":[100],"tags":[184,396],"class_list":["post-2011","post","type-post","status-publish","format-standard","hentry","category-seminar","tag-democracy","tag-pragmatism"],"jetpack_featured_media_url":"","uagb_featured_image_src":{"full":false,"thumbnail":false,"medium":false,"medium_large":false,"large":false,"1536x1536":false,"2048x2048":false},"uagb_author_info":{"display_name":"Admin","author_link":"https:\/\/afea.fr\/news\/author\/yanb\/"},"uagb_comment_info":0,"uagb_excerpt":"Ch\u00e8res et chers coll\u00e8gues, Nous sommes heureuses de vous inviter \u00e0 la deuxi\u00e8me rencontre du groupe de travail \u00ab Autres [&hellip;]","jetpack_sharing_enabled":true,"_links":{"self":[{"href":"https:\/\/afea.fr\/news\/wp-json\/wp\/v2\/posts\/2011"}],"collection":[{"href":"https:\/\/afea.fr\/news\/wp-json\/wp\/v2\/posts"}],"about":[{"href":"https:\/\/afea.fr\/news\/wp-json\/wp\/v2\/types\/post"}],"author":[{"embeddable":true,"href":"https:\/\/afea.fr\/news\/wp-json\/wp\/v2\/users\/1"}],"replies":[{"embeddable":true,"href":"https:\/\/afea.fr\/news\/wp-json\/wp\/v2\/comments?post=2011"}],"version-history":[{"count":2,"href":"https:\/\/afea.fr\/news\/wp-json\/wp\/v2\/posts\/2011\/revisions"}],"predecessor-version":[{"id":2043,"href":"https:\/\/afea.fr\/news\/wp-json\/wp\/v2\/posts\/2011\/revisions\/2043"}],"wp:attachment":[{"href":"https:\/\/afea.fr\/news\/wp-json\/wp\/v2\/media?parent=2011"}],"wp:term":[{"taxonomy":"category","embeddable":true,"href":"https:\/\/afea.fr\/news\/wp-json\/wp\/v2\/categories?post=2011"},{"taxonomy":"post_tag","embeddable":true,"href":"https:\/\/afea.fr\/news\/wp-json\/wp\/v2\/tags?post=2011"}],"curies":[{"name":"wp","href":"https:\/\/api.w.org\/{rel}","templated":true}]}}