{"id":1997,"date":"2021-05-25T22:28:30","date_gmt":"2021-05-25T20:28:30","guid":{"rendered":"https:\/\/afea.fr\/news\/seminar\/seminaire-universite-de-toulon\/1997\/"},"modified":"2021-05-25T22:28:30","modified_gmt":"2021-05-25T20:28:30","slug":"seminaire-universite-de-toulon","status":"publish","type":"post","link":"https:\/\/afea.fr\/news\/seminar\/seminaire-universite-de-toulon\/1997\/","title":{"rendered":"s\u00e9minaire universit\u00e9 de Toulon"},"content":{"rendered":"<p>Ch\u00e8res et Chers Coll\u00e8gues,<br \/>\nJ&rsquo;ai le plaisir de vous annoncer que la premi\u00e8re s\u00e9ance du s\u00e9minaire transversal &quot;Figures et (re)configurations du politique&quot; du laboratoire Babel de l&rsquo;universit\u00e9 de Toulon se tiendra le mercredi 19 mai \u00e0 18h. A cette occasion, Pierre-Fran\u00e7ois Peirano pr\u00e9sentera la contribution suivante: &quot;Vivre dans le monde que la guerre a fa\u00e7onn\u00e9&quot; ? : les strat\u00e9gies des R\u00e9publicains et des D\u00e9mocrates pendant la &quot;Reconstruction&quot; (1865-1877)&quot;.<\/p>\n<p>Vous trouverez le lien Zoom pour assister \u00e0 cette conf\u00e9rence ainsi que le programme des s\u00e9ances suivantes en cliquant sur le lien suivant: <a href=\"https:\/\/www.univ-tln.fr\/Conference-Vivre-dans-le-monde-que-la-guerre-a-faconne-les-strategies.html\"> https:\/\/www.univ-tln.fr\/Conference-Vivre-dans-le-monde-que-la-guerre-a-faconne-les-strategies.html<\/a><\/p>\n<table>\n<tbody>\n<tr valign=\"top\">\n<td><a href=\"https:\/\/www.univ-tln.fr\/Conference-Vivre-dans-le-monde-que-la-guerre-a-faconne-les-strategies.html\">Conf\u00e9rence : &quot;Vivre dans le monde que la guerre a fa\u00e7onn\u00e9&quot; ? : les strat\u00e9gies (&#8230;) &#8211; Universit\u00e9 de Toulon<\/a><br \/>\nConf\u00e9rence : &quot;Vivre dans le monde que la guerre a fa\u00e7onn\u00e9&quot; ? : les strat\u00e9gies des R\u00e9-publicains et des D\u00e9mocrates pendant la &quot;Reconstruction&quot; (1867-1877)<br \/>\n<a href=\"http:\/\/www.univ-tln.fr\">www.univ-tln.fr<\/a><\/td>\n<\/tr>\n<\/tbody>\n<\/table>\n<p>Nous serions tr\u00e8s heureux de vous y retrouver.<\/p>\n<p>Bien cordialement<\/p>\n<p>Marie Gayte-Lebrun<\/p>\n","protected":false},"excerpt":{"rendered":"<p>Ch\u00e8res et Chers Coll\u00e8gues, J&rsquo;ai le plaisir de vous annoncer que la premi\u00e8re s\u00e9ance du s\u00e9minaire transversal &quot;Figures et (re)configurations [&hellip;]<\/p>\n","protected":false},"author":1,"featured_media":0,"comment_status":"","ping_status":"open","sticky":false,"template":"","format":"standard","meta":{"_uag_custom_page_level_css":"","site-sidebar-layout":"default","site-content-layout":"","ast-site-content-layout":"default","site-content-style":"default","site-sidebar-style":"default","ast-global-header-display":"","ast-banner-title-visibility":"","ast-main-header-display":"","ast-hfb-above-header-display":"","ast-hfb-below-header-display":"","ast-hfb-mobile-header-display":"","site-post-title":"","ast-breadcrumbs-content":"","ast-featured-img":"","footer-sml-layout":"","ast-disable-related-posts":"","theme-transparent-header-meta":"","adv-header-id-meta":"","stick-header-meta":"","header-above-stick-meta":"","header-main-stick-meta":"","header-below-stick-meta":"","astra-migrate-meta-layouts":"default","ast-page-background-enabled":"default","ast-page-background-meta":{"desktop":{"background-color":"var(--ast-global-color-5)","background-image":"","background-repeat":"repeat","background-position":"center center","background-size":"auto","background-attachment":"scroll","background-type":"","background-media":"","overlay-type":"","overlay-color":"","overlay-opacity":"","overlay-gradient":""},"tablet":{"background-color":"","background-image":"","background-repeat":"repeat","background-position":"center center","background-size":"auto","background-attachment":"scroll","background-type":"","background-media":"","overlay-type":"","overlay-color":"","overlay-opacity":"","overlay-gradient":""},"mobile":{"background-color":"","background-image":"","background-repeat":"repeat","background-position":"center center","background-size":"auto","background-attachment":"scroll","background-type":"","background-media":"","overlay-type":"","overlay-color":"","overlay-opacity":"","overlay-gradient":""}},"ast-content-background-meta":{"desktop":{"background-color":"var(--ast-global-color-4)","background-image":"","background-repeat":"repeat","background-position":"center center","background-size":"auto","background-attachment":"scroll","background-type":"","background-media":"","overlay-type":"","overlay-color":"","overlay-opacity":"","overlay-gradient":""},"tablet":{"background-color":"var(--ast-global-color-4)","background-image":"","background-repeat":"repeat","background-position":"center center","background-size":"auto","background-attachment":"scroll","background-type":"","background-media":"","overlay-type":"","overlay-color":"","overlay-opacity":"","overlay-gradient":""},"mobile":{"background-color":"var(--ast-global-color-4)","background-image":"","background-repeat":"repeat","background-position":"center center","background-size":"auto","background-attachment":"scroll","background-type":"","background-media":"","overlay-type":"","overlay-color":"","overlay-opacity":"","overlay-gradient":""}},"_jetpack_memberships_contains_paid_content":false,"footnotes":""},"categories":[100],"tags":[158,363,331],"class_list":["post-1997","post","type-post","status-publish","format-standard","hentry","category-seminar","tag-politics","tag-republican-party","tag-war"],"jetpack_featured_media_url":"","uagb_featured_image_src":{"full":false,"thumbnail":false,"medium":false,"medium_large":false,"large":false,"1536x1536":false,"2048x2048":false},"uagb_author_info":{"display_name":"Admin","author_link":"https:\/\/afea.fr\/news\/author\/yanb\/"},"uagb_comment_info":0,"uagb_excerpt":"Ch\u00e8res et Chers Coll\u00e8gues, J&rsquo;ai le plaisir de vous annoncer que la premi\u00e8re s\u00e9ance du s\u00e9minaire transversal &quot;Figures et (re)configurations [&hellip;]","jetpack_sharing_enabled":true,"_links":{"self":[{"href":"https:\/\/afea.fr\/news\/wp-json\/wp\/v2\/posts\/1997"}],"collection":[{"href":"https:\/\/afea.fr\/news\/wp-json\/wp\/v2\/posts"}],"about":[{"href":"https:\/\/afea.fr\/news\/wp-json\/wp\/v2\/types\/post"}],"author":[{"embeddable":true,"href":"https:\/\/afea.fr\/news\/wp-json\/wp\/v2\/users\/1"}],"replies":[{"embeddable":true,"href":"https:\/\/afea.fr\/news\/wp-json\/wp\/v2\/comments?post=1997"}],"version-history":[{"count":0,"href":"https:\/\/afea.fr\/news\/wp-json\/wp\/v2\/posts\/1997\/revisions"}],"wp:attachment":[{"href":"https:\/\/afea.fr\/news\/wp-json\/wp\/v2\/media?parent=1997"}],"wp:term":[{"taxonomy":"category","embeddable":true,"href":"https:\/\/afea.fr\/news\/wp-json\/wp\/v2\/categories?post=1997"},{"taxonomy":"post_tag","embeddable":true,"href":"https:\/\/afea.fr\/news\/wp-json\/wp\/v2\/tags?post=1997"}],"curies":[{"name":"wp","href":"https:\/\/api.w.org\/{rel}","templated":true}]}}