{"id":1992,"date":"2021-05-18T10:54:58","date_gmt":"2021-05-18T08:54:58","guid":{"rendered":"https:\/\/afea.fr\/news\/seminar\/prescriptive-literature-crew-19-mai-14h\/1992\/"},"modified":"2021-05-18T10:54:58","modified_gmt":"2021-05-18T08:54:58","slug":"prescriptive-literature-crew-19-mai-14h","status":"publish","type":"post","link":"https:\/\/afea.fr\/news\/seminar\/prescriptive-literature-crew-19-mai-14h\/1992\/","title":{"rendered":"Prescriptive Literature CREW, 19 mai , 14h"},"content":{"rendered":"<p>Cher.e.s coll\u00e8gues,<\/p>\n<p>Nous sommes heureuses d\u2019annoncer la relance du s\u00e9minaire \u00ab Prescriptive Literature \u00bb (CREW, Sorbonne Nouvelle) apr\u00e8s une pause li\u00e9e \u00e0 la crise sanitaire.<\/p>\n<p>La deuxi\u00e8me s\u00e9ance aura lieu le mercredi 19 mai \u00e0 14h. Nous \u00e9couterons trois intervenant.e.s parler d\u2019une notion, d\u2019acteurs et de mobilisations qui peuvent s\u2019inscrire dans notre discussion autour de la litt\u00e9rature normative.<\/p>\n<p>&#8211; Anne L\u00e9gier (CREW, Sorbonne Nouvelle\/AMU)<\/p>\n<p>\u00ab Comment avorter a\u0300 l\u2019\u00e9tranger : petits guides pratiques et m\u00e9dicaux du Clergy Consultation Service \u00bb<\/p>\n<p>&#8211; Jean-Paul Lalemand-Stempak (CENA\/EHESS)<\/p>\n<p>\u00ab Construire, r\u00e9ifier ou performer ? Les communaut\u00e9s afro-am\u00e9ricaines au prisme de la litt\u00e9rature scientifique des ann\u00e9es 1960 \u00bb<\/p>\n<p>&#8211; Sameh Della\u00ef (LLCP, Universit\u00e9 Paris 8)<\/p>\n<p>\u00ab Prol\u00e9gom\u00e8nes philosophiques \u00e0 l\u2019\u00e9tude de l\u2019autorit\u00e9 : approche notionnelle \u00bb<\/p>\n<p>Veuillez trouver les r\u00e9sum\u00e9s de ces trois interventions ci-dessous.<\/p>\n<p>Pour obtenir le lien Zoom de la s\u00e9ance, merci d\u2019\u00e9crire \u00e0 christen.bryson-charle avant le 19 mai \u00e0 13h.<\/p>\n<p>Nous pr\u00e9voyons une troisi\u00e8me s\u00e9ance le 18 juin \u00e0 14h o\u00f9 nous entendrons Favian Mostura (CREW, Sorbonne Nouvelle) parler de \u201cThe evolution of the concept of guidance in US education, 1900s-1950s\u201d et Christen Bryson (CREW, Sorbonne Nouvelle) de \u201cEngineering the Postwar Family: Experts Advising Couples and Parents\u201d.<\/p>\n<p>Bien cordialement,<\/p>\n<p>Christen Bryson et H\u00e9l\u00e8ne Le Dantec-Lowry<\/p>\n<p><strong>Anne L\u00e9gier (CREW, Sorbonne Nouvelle)<\/strong><\/p>\n<p>\u00ab Comment avorter a\u0300 l\u2019\u00e9tranger : petits guides pratiques et m\u00e9dicaux du Clergy Consultation Service \u00bb<\/p>\n<p>Dans les ann\u00e9es pr\u00e9c\u00e9dant l\u2019arr\u00eat <em>Roe v. Wade <\/em>(1973)<em>,<\/em> un groupe de pasteurs et de rabbins, appel\u00e9 le Clergy Consultation Service (CCS), mit en place un r\u00e9seau pour aider les Am\u00e9ricaines \u00e0 avorter sans se mettre en danger. Il les adressa notamment \u00e0 des m\u00e9decins exer\u00e7ant au Japon, en Su\u00e8de, en Angleterre ou au Mexique. Afin de mieux pr\u00e9parer ce voyage dans l\u2019inconnu, les membres du CCS mirent au point de petits guides pratiques et m\u00e9dicaux \u00e9labor\u00e9s gr\u00e2ce \u00e0 des retours d\u2019exp\u00e9rience. Ces documents, conserv\u00e9s dans les archives de l\u2019organisation, mettent en lumi\u00e8re l\u2019aspect pratique d\u2019une activit\u00e9 cach\u00e9e et permettent de reconstruire en filigrane une r\u00e9alit\u00e9 \u00e0 laquelle l\u2019historien a peu acc\u00e8s.<\/p>\n<p><strong>Jean-Paul Lallemand-Stempak (CENA, EHESS)<\/strong><\/p>\n<p>\u00ab Construire, r\u00e9ifier ou performer ? Les communaut\u00e9s afro-am\u00e9ricaines au prisme de la litt\u00e9rature scientifique des ann\u00e9es 1960 \u00bb<\/p>\n<p>Au terme de mouvement pour les Droits civiques alors que la soci\u00e9t\u00e9 am\u00e9ricaine ne se remet qu\u2019\u00e0 peine d\u2019une d\u00e9cennie marqu\u00e9e par les divisions, de nombreux scientifiques, dans la plus pure tradition de l\u2019ing\u00e9nierie sociale de l\u2019\u00e8re progressiste, s\u2019emparent de la question des communaut\u00e9s afro-am\u00e9ricaines afin d\u2019offrir des outils de compr\u00e9hension et d\u2019ajustement des politiques publiques \u00e0 un gouvernement le plus souvent d\u00e9sempar\u00e9. Bien que les concepts de communaut\u00e9 et de famille soient au c\u0153ur des d\u00e9bats et des nouvelles politiques publiques, ces derniers sont loin de faire consensus tant d\u2019un point de vue scientifique qu\u2019aupr\u00e8s des acteurs concern\u00e9s. Cette communication vise \u00e0 comprendre \u00e0 travers l\u2019\u00e9tude d\u2019un projet f\u00e9d\u00e9ral portant sur une communaut\u00e9 urbaine et rurale, comment l\u2019\u00c9tat, la science et les groupes sociaux per\u00e7oivent et pensent la communaut\u00e9.<\/p>\n<p><strong>Sameh Della\u00ef (LLCP, Universit\u00e9 Paris 8\/ PHILAB \u2013 Tunis 1)<\/strong><\/p>\n<p>\u00ab Prol\u00e9gom\u00e8nes philosophiques \u00e0 l\u2019\u00e9tude de l\u2019autorit\u00e9 : approche notionnelle \u00bb<\/p>\n<p>Le terme \u00ab autorit\u00e9 \u00bb rec\u00e8le une ambigu\u00eft\u00e9 que l\u2019\u00e9tymologie ne suffit pas \u00e0 lever : autorit\u00e9 vient du latin <em>auctoritas<\/em>, de <em>auctor<\/em>, qui signifie \u00ab augmente la confiance, garant et mod\u00e8le \u00bb. Il nous faut d\u2019embl\u00e9e distinguer la notion d\u2019autorit\u00e9 d\u2019avec celle de pouvoir, avec laquelle est trop souvent confondue. Toutefois, sans \u00eatre fausse, cette distinction entre \u00ab autorit\u00e9 \u00bb et \u00ab pouvoir \u00bb semble lacunaire et grossi\u00e8re. Elle ne nous permet pas de saisir le propre de la notion d\u2019autorit\u00e9 qui demeure \u00e9quivoque. Nous proposons de saisir dans leur sp\u00e9cificit\u00e9 les notions d\u2019autorit\u00e9 et de pouvoir et d\u2019examiner laquelle des deux suppose l\u2019autre. De nombreux philosophes en ont trait\u00e9e depuis l\u2019antiquit\u00e9 abord\u00e9e, cependant ils \u00e9tudiaient le plus souvent le transfert de l\u2019autorit\u00e9 et sa gen\u00e8se, sans aborder la question de son essence. Nous abordons la notion en soi, afin de l\u2019analyser en situation dans les domaines du pouvoir politique et du savoir.<\/p>\n","protected":false},"excerpt":{"rendered":"<p>Cher.e.s coll\u00e8gues, Nous sommes heureuses d\u2019annoncer la relance du s\u00e9minaire \u00ab Prescriptive Literature \u00bb (CREW, Sorbonne Nouvelle) apr\u00e8s une pause [&hellip;]<\/p>\n","protected":false},"author":1,"featured_media":0,"comment_status":"","ping_status":"open","sticky":false,"template":"","format":"standard","meta":{"_uag_custom_page_level_css":"","site-sidebar-layout":"default","site-content-layout":"","ast-site-content-layout":"default","site-content-style":"default","site-sidebar-style":"default","ast-global-header-display":"","ast-banner-title-visibility":"","ast-main-header-display":"","ast-hfb-above-header-display":"","ast-hfb-below-header-display":"","ast-hfb-mobile-header-display":"","site-post-title":"","ast-breadcrumbs-content":"","ast-featured-img":"","footer-sml-layout":"","ast-disable-related-posts":"","theme-transparent-header-meta":"","adv-header-id-meta":"","stick-header-meta":"","header-above-stick-meta":"","header-main-stick-meta":"","header-below-stick-meta":"","astra-migrate-meta-layouts":"default","ast-page-background-enabled":"default","ast-page-background-meta":{"desktop":{"background-color":"var(--ast-global-color-5)","background-image":"","background-repeat":"repeat","background-position":"center center","background-size":"auto","background-attachment":"scroll","background-type":"","background-media":"","overlay-type":"","overlay-color":"","overlay-opacity":"","overlay-gradient":""},"tablet":{"background-color":"","background-image":"","background-repeat":"repeat","background-position":"center center","background-size":"auto","background-attachment":"scroll","background-type":"","background-media":"","overlay-type":"","overlay-color":"","overlay-opacity":"","overlay-gradient":""},"mobile":{"background-color":"","background-image":"","background-repeat":"repeat","background-position":"center center","background-size":"auto","background-attachment":"scroll","background-type":"","background-media":"","overlay-type":"","overlay-color":"","overlay-opacity":"","overlay-gradient":""}},"ast-content-background-meta":{"desktop":{"background-color":"var(--ast-global-color-4)","background-image":"","background-repeat":"repeat","background-position":"center center","background-size":"auto","background-attachment":"scroll","background-type":"","background-media":"","overlay-type":"","overlay-color":"","overlay-opacity":"","overlay-gradient":""},"tablet":{"background-color":"var(--ast-global-color-4)","background-image":"","background-repeat":"repeat","background-position":"center center","background-size":"auto","background-attachment":"scroll","background-type":"","background-media":"","overlay-type":"","overlay-color":"","overlay-opacity":"","overlay-gradient":""},"mobile":{"background-color":"var(--ast-global-color-4)","background-image":"","background-repeat":"repeat","background-position":"center center","background-size":"auto","background-attachment":"scroll","background-type":"","background-media":"","overlay-type":"","overlay-color":"","overlay-opacity":"","overlay-gradient":""}},"_jetpack_memberships_contains_paid_content":false,"footnotes":""},"categories":[100],"tags":[248,386],"class_list":["post-1992","post","type-post","status-publish","format-standard","hentry","category-seminar","tag-literature","tag-philosophy"],"jetpack_featured_media_url":"","uagb_featured_image_src":{"full":false,"thumbnail":false,"medium":false,"medium_large":false,"large":false,"1536x1536":false,"2048x2048":false},"uagb_author_info":{"display_name":"Admin","author_link":"https:\/\/afea.fr\/news\/author\/yanb\/"},"uagb_comment_info":0,"uagb_excerpt":"Cher.e.s coll\u00e8gues, Nous sommes heureuses d\u2019annoncer la relance du s\u00e9minaire \u00ab Prescriptive Literature \u00bb (CREW, Sorbonne Nouvelle) apr\u00e8s une pause [&hellip;]","jetpack_sharing_enabled":true,"_links":{"self":[{"href":"https:\/\/afea.fr\/news\/wp-json\/wp\/v2\/posts\/1992"}],"collection":[{"href":"https:\/\/afea.fr\/news\/wp-json\/wp\/v2\/posts"}],"about":[{"href":"https:\/\/afea.fr\/news\/wp-json\/wp\/v2\/types\/post"}],"author":[{"embeddable":true,"href":"https:\/\/afea.fr\/news\/wp-json\/wp\/v2\/users\/1"}],"replies":[{"embeddable":true,"href":"https:\/\/afea.fr\/news\/wp-json\/wp\/v2\/comments?post=1992"}],"version-history":[{"count":0,"href":"https:\/\/afea.fr\/news\/wp-json\/wp\/v2\/posts\/1992\/revisions"}],"wp:attachment":[{"href":"https:\/\/afea.fr\/news\/wp-json\/wp\/v2\/media?parent=1992"}],"wp:term":[{"taxonomy":"category","embeddable":true,"href":"https:\/\/afea.fr\/news\/wp-json\/wp\/v2\/categories?post=1992"},{"taxonomy":"post_tag","embeddable":true,"href":"https:\/\/afea.fr\/news\/wp-json\/wp\/v2\/tags?post=1992"}],"curies":[{"name":"wp","href":"https:\/\/api.w.org\/{rel}","templated":true}]}}