{"id":1991,"date":"2021-05-18T10:52:55","date_gmt":"2021-05-18T08:52:55","guid":{"rendered":"https:\/\/afea.fr\/news\/cfp\/representer-la-catastrophe-au-xxie-siecle-17-18-19-mai\/1991\/"},"modified":"2021-05-18T10:52:55","modified_gmt":"2021-05-18T08:52:55","slug":"representer-la-catastrophe-au-xxie-siecle-17-18-19-mai","status":"publish","type":"post","link":"https:\/\/afea.fr\/news\/cfp\/representer-la-catastrophe-au-xxie-siecle-17-18-19-mai\/1991\/","title":{"rendered":"Repr\u00e9senter la catastrophe au XXIe si\u00e8cle (17, 18, 19 mai)"},"content":{"rendered":"<p>[category\u00a0conference \/ symposium]<\/p>\n<p>Chers et ch\u00e8res coll\u00e8gues,<\/p>\n<p>Nous avons le plaisir de vous inviter au colloque &quot;Repr\u00e9senter la catastrophe au XXIe si\u00e8cle : pratiques et enjeux contemporains&quot; qui se d\u00e9roulera en ligne les 17, 18 et 19 mai 2021. Le lien pour acc\u00e9der \u00e0 la conf\u00e9rence est le suivant:<\/p>\n<p><a href=\"https:\/\/ujmstetienne.webex.com\/ujmstetienne\/j.php?MTID=md97e770f60ff5c7b8587055ddf26877a\">https:\/\/ujmstetienne.webex.com\/ujmstetienne\/j.php?MTID=md97e770f60ff5c7b8587055ddf26877a<\/a><\/p>\n<p><strong>Programme<\/strong><\/p>\n<p><strong>Repr\u00e9senter la catastrophe au XXIe si\u00e8cle : pratiques et enjeux contemporains<\/strong><\/p>\n<p><strong>Representing Catastrophe in Contemporary Arts and Letters: Conceptual and Formal Reevaluation<\/strong><\/p>\n<p>Colloque international\/International conference<\/p>\n<p>Universit\u00e9 Jean Monnet, Saint-\u00c9tienne, ECLLA (\u00c9tudes du Contemporain en Litt\u00e9ratures, Langues et Arts)<\/p>\n<h1>JOUR 1\/ DAY 1 \u2013 17\/05<\/h1>\n<p> <em>13h30-14h : Accueil et ouverture du colloque\/Welcome and opening remarks<\/em><\/p>\n<p><strong>PANEL 1 &#8211; Fictions de la catastrophe\/Fictions of catastrophe<\/strong><\/p>\n<p><em>Mod\u00e9rateur\/Chair : Fr\u00e9d\u00e9ric Martin-Achard (Universit\u00e9 Jean Monnet)<\/em><\/p>\n<p>14h-14h30 : Dominique Faria (Universit\u00e9 des A\u00e7ores) : \u00ab Repr\u00e9sentations de la catastrophe chez Jean Echenoz : d\u00e9caler pour mieux saisir \u00bb<\/p>\n<p>14h30-15h : Jodie Lou Bessonnet (Universit\u00e9 Bordeaux Montaigne) : \u00ab Fictions de la sixi\u00e8me extinction : d\u2019une catastrophe mondiale \u00e0 un deuil intime dans <em>Sans l\u2019orang-outan <\/em>d\u2019\u00c9ric Chevillard et de <em>How the Dead Dream <\/em>de Lydia Millet \u00bb<\/p>\n<p>15h-15h30 : Katia Fallonne (Universit\u00e9 Toulouse II \u2013 Jean Jaur\u00e8s) : \u00ab La catastrophe au th\u00e9\u00e2tre : du processus de rupture et de d\u00e9composition tragique \u00e0 la recomposition d\u2019un monde \u00bb<\/p>\n<p>15h30-16h : Sana Alaya Seghair (Rollins College, \u00c9tats-Unis) : \u00ab L\u2019immanence de la catastrophe lente \u00e0 travers <em>Soumission <\/em>de Michel Houellebecq \u00bb<\/p>\n<p><em>16h-16h15: Pause\/Break<\/em><\/p>\n<p><strong>PANEL 2 \u2013 Habiter la catastrophe\/Inhabiting the Catastrophe<\/strong><\/p>\n<p><em>Mod\u00e9ratrice\/Chair : Aliette Vent\u00e9joux (Universit\u00e9 Jean Monnet)<\/em><\/p>\n<p>16h15-16h45 : Justine Gonneaud (Universit\u00e9 d\u00b4Avignon et des Pays du Vaucluse) : \u00ab Catastrophe(s) in Tom McCarthy&rsquo;s <em>Satin Island <\/em>\u00bb<\/p>\n<p>16h45-17h15 : Maria Ferr\u00e1ndez San Miguel (University of Zaragoza) : \u201cSF reflections on\/through catastrophe and the exploration of the (post-)human\u201d<\/p>\n<h1>JOUR 2\/DAY 2 \u2013 18\/05<\/h1>\n<h1><em>8h45-9h : Accueil\/ Welcome<\/em><\/h1>\n<p> <strong>PANEL 3 &#8211; Paysages d\u00e9vast\u00e9s &#8211; Wastelands (1)<\/strong><\/p>\n<p><em>Mod\u00e9ratrice\/Chair : Gwena\u00eblle Bertrand (Universit\u00e9 Jean Monnet)<\/em><\/p>\n<p>9h-9h30 : Aste Maylis (\u00c9cole Nationale Sup\u00e9rieure d&rsquo;Audiovisuel de Toulouse) et Floriane Chouraqui (Universit\u00e9 de Tours) : \u00ab Repr\u00e9senter les territoires volcaniques : de la sid\u00e9ration spectaculaire \u00e0 l&rsquo;immersion dans un quotidien \u00bb<\/p>\n<p>9h30-10h : Dani\u00e8le M\u00e9aux (Universit\u00e9 Jean Monnet) : \u00ab Les photographies spectaculaires d&rsquo;une mythologie invers\u00e9e \u00bb<\/p>\n<p>10h-10h30 : Jonathan Tichit (Universit\u00e9 Jean Monnet) : \u00ab Photographies de ruines, fascination et hantise de la catastrophe \u00bb<\/p>\n<p><em>10h30-10h45 : Pause\/break<\/em><\/p>\n<p><strong>PANEL 4 \u2013 Paysages d\u00e9vast\u00e9s\/ Wastelands (2)<\/strong><\/p>\n<p><em>Mod\u00e9ratrice\/ Chair : Anne-Sophie Letessier (Universit\u00e9 Jean Monnet)<\/em><\/p>\n<p>10h45-11h15 : Yvonne-Marie Rogez (Universit\u00e9 Paris 2-Panth\u00e9on Assas) : \u201c&quot;The Perfect Storm&quot;: Representation of Covid-19 Responses to Homelessness in the United States\u201d<\/p>\n<p>11h15-11h45 : Joshua Parker (University of Salzburg) : \u201cNarrativizing the 2011 Japan Tsunami Online\u201d<\/p>\n<p><em>11h45-13h30 : D\u00e9jeuner\/Lunch<\/em><\/p>\n<p><strong>PANEL 5 \u2013 La catastrophe et le document : reprise, r\u00e9plique, d\u00e9placements\/ Documenting catastrophe : remake, replication, displacements<\/strong><\/p>\n<p><em>Mod\u00e9ratrice\/Chair : Anne B\u00e9chard-L\u00e9aut\u00e9 (Universit\u00e9 Jean Monnet)<\/em><\/p>\n<p>13h30-14h : Charl\u00e8ne Clonts (Kyushu University, Japan) : \u00ab Claude Favre et la catastrophe migratoire : bifurcations et d\u00e9bordements de la po\u00e9sie factuelle \u00bb<\/p>\n<p>14h-14h30 : Anne Favier (Universit\u00e9 Jean Monnet) : \u00ab R\u00e9pliques : les images latentes de la catastrophe \u00bb<\/p>\n<p>14h30-15h : Ariane Carmignac (Universit\u00e9 de Lille\/Universit\u00e9 Jean Monnet) et Vincent Lecomte (Universit\u00e9 Jean Monnet) : \u00ab Dr\u00f4les d&rsquo;\u00e9v\u00e9nements ? La catastrophe vue \u00e0 travers les formes de son remploi artistique \u00bb<\/p>\n<p>15h-15h30 : Jean Richer (Architecte\/\u00c9cole nationale sup\u00e9rieure d\u2019architecture Paris- Malaquais) : \u00ab L\u2019accident dromologique dans l\u2019\u0153uvre d\u2019Hito Steyerl \u00bb<\/p>\n<p><em>15h30-16h : Pause\/break<\/em><\/p>\n<h1>16h-17h30 : Conf\u00e9rencier invit\u00e9\/Keynote speaker<\/h1>\n<p> <strong>Greg Garrard (University of British Columbia): \u201cRevising Apocalypse\u201d<\/strong><\/p>\n<h1>JOUR 3\/DAY 3 \u2013 19\/05<\/h1>\n<p> <em>8h45-9h00 : Accueil\/Welcome<\/em><\/p>\n<p><strong>PANEL 6 \u2013 L\u2019\u00e9v\u00e9nement catastrophique : sens, sensation, sensible\/ The catastrophic event: sense and sensation<\/strong><\/p>\n<p><em>Mod\u00e9ratrice\/ Chair : Sarah Bouttier (\u00c9cole Polytechnique, Paris)<\/em><\/p>\n<p>9h-9h30 : Caroline Magnin (Sorbonne Universit\u00e9) : \u00ab Inscription sonore du trauma du 11 septembre dans le roman \u00e9tasunien contemporain \u00bb<\/p>\n<p>9h30-10h : Aude Laferri\u00e8re (Universit\u00e9 Jean Monnet) : \u00ab &quot;J&rsquo;ai tout vu ce 11 septembre. J&rsquo;\u00e9tais l\u00e0.&quot; (Luc Lang) : <em>11 septembre, mon amour <\/em>ou l&rsquo;\u00e9criture d&rsquo;une &quot;apocalypse moderne&quot; \u00bb<\/p>\n<p>10h-10h30 : Pierre-Louis Patoine (Universit\u00e9 Sorbonne Nouvelle &#8211; Paris 3) : \u00ab Catastrophe, sensorium et formes de vie : les m\u00e9tamorphoses de l&rsquo;humain dans <em>The Drowned World <\/em>et <em>Borne <\/em>\u00bb<\/p>\n<p>10h30-11h : Olivier Belon (Universit\u00e9 Jean Monnet) : &quot;Vivre avec la catastrophe. Vivre avec l&rsquo;image&quot;.<\/p>\n<p><em>11h-11h15 : Pause\/Break<\/em><\/p>\n<p><strong>11h15-12h : Cr\u00e9ations musicales\/Original musical compositions<\/strong><\/p>\n<p><em>Mod\u00e9ratrice\/Chair : Aliette Vent\u00e9joux (Universit\u00e9 Jean Monnet)<\/em><\/p>\n<p>Vincent Lecomte (Universit\u00e9 Jean Monnet) : \u00ab La catastrophe de l\u2019origine \u00bb, composition \u00e9lectro-acoustique de Vincent Lecomte inspir\u00e9e du texte <em>Les Ruines circulaires <\/em>de Jorge Luis Borges. Texte lu par la com\u00e9dienne Dominique Chenet.<\/p>\n<p>Simon Cacheux (artiste sonore) : <em>Urgens Metamorphosis<\/em>, pi\u00e8ce sonore.<\/p>\n<p><em>12h-14h : D\u00e9jeuner\/Lunch<\/em><\/p>\n<p><strong>PANEL 7 \u2013 Langue et langage \u00e0 l\u2019\u00e9preuve de la catastrophe\/ Language after Catastrophe (1)<\/strong><\/p>\n<p><em>Mod\u00e9ratrice\/Chair : Sophie Chapuis (Universit\u00e9 Jean Monnet)<\/em><\/p>\n<p>14h-14h30 : Quitterie de Beauregard (Ecole normale sup\u00e9rieure-Lyon) : \u00ab \u2018And what does the word &lsquo;city&rsquo; mean?\u2019 &#8211; Le langage et la cit\u00e9 comme ruine dans la fiction apocalyptique contemporaine (Angela Carter, Cormac McCarthy et Octavia Butler) \u00bb<\/p>\n<p>14h30-15h : Eric Chevrette (University of Toronto Mississauga) : \u00ab Dire malgr\u00e9 la catastrophe. Le maldicible dans la pentalogie rwandaise de Jean Hatzfeld \u00bb<\/p>\n<p><em>15h-15h15 : Pause\/Break<\/em><\/p>\n<p><strong>PANEL 8 \u2013 Langue et langage \u00e0 l\u2019\u00e9preuve de la catastrophe\/Language after Catastrophe (2)<\/strong><\/p>\n<p><em>Mod\u00e9rateur\/Chair : R\u00e9mi Digonnet (Universit\u00e9 Jean Monnet)<\/em><\/p>\n<p>15h15-15h45 : Claire Cox (Royal Holloway, London) \u201c\u2018Speech a melted thing\u2019: The Poetics of Climate Catastrophe\u201d<\/p>\n<p>15h45-16h15 : Olivier Glain (Universit\u00e9 Jean Monnet) : \u201cLanguage after the Fall in Cloud Atlas\u201d<\/p>\n<p>16h15-16h45: H\u00e9lo\u00efse Thomas (Universit\u00e9 Bordeaux Montaigne) : \u201c&rsquo;Because Survival is Insufficient&rsquo;: Narratives of Catastrophe in the 21st Century\u201d<\/p>\n<p><em>16h45 : Cl\u00f4ture\/Concluding remarks<\/em><\/p>\n<h1>Organisatrices\/Organizers<\/h1>\n<p> Sophie Chapuis : sophie.chapuis<\/p>\n<p>Anne-Sophie Letessier : anne.sophie.letessier<\/p>\n<p>Aliette Vent\u00e9joux : aliette.ventejoux<\/p>\n<p><strong>Twitter <\/strong>: @CataConf<\/p>\n<p><strong>Mail <\/strong>: cataconf<\/p>\n<p><strong>Facult\u00e9 Arts, Lettres, Langues<\/strong><\/p>\n<p>Campus Tr\u00e9filerie<br \/>\n33 RUE du 11 Novembre<br \/>\n42023 SAINT-ETIENNE CEDEX 2<br \/>\nFRANCE<\/p>\n<p>sophie.chapuis<br \/>\n<strong><a href=\"http:\/\/fac-all.univ-st-etienne.fr\/\">http:\/\/fac-all.univ-st-etienne.fr<\/a><\/strong><br \/>\n<a href=\"http:\/\/www.universite-lyon.fr\/\">http:\/\/www.universite-lyon.fr<\/a><\/p>\n","protected":false},"excerpt":{"rendered":"<p>[category\u00a0conference \/ symposium] Chers et ch\u00e8res coll\u00e8gues, Nous avons le plaisir de vous inviter au colloque &quot;Repr\u00e9senter la catastrophe au [&hellip;]<\/p>\n","protected":false},"author":1,"featured_media":0,"comment_status":"","ping_status":"open","sticky":false,"template":"","format":"standard","meta":{"_uag_custom_page_level_css":"","site-sidebar-layout":"default","site-content-layout":"","ast-site-content-layout":"default","site-content-style":"default","site-sidebar-style":"default","ast-global-header-display":"","ast-banner-title-visibility":"","ast-main-header-display":"","ast-hfb-above-header-display":"","ast-hfb-below-header-display":"","ast-hfb-mobile-header-display":"","site-post-title":"","ast-breadcrumbs-content":"","ast-featured-img":"","footer-sml-layout":"","ast-disable-related-posts":"","theme-transparent-header-meta":"","adv-header-id-meta":"","stick-header-meta":"","header-above-stick-meta":"","header-main-stick-meta":"","header-below-stick-meta":"","astra-migrate-meta-layouts":"default","ast-page-background-enabled":"default","ast-page-background-meta":{"desktop":{"background-color":"var(--ast-global-color-5)","background-image":"","background-repeat":"repeat","background-position":"center center","background-size":"auto","background-attachment":"scroll","background-type":"","background-media":"","overlay-type":"","overlay-color":"","overlay-opacity":"","overlay-gradient":""},"tablet":{"background-color":"","background-image":"","background-repeat":"repeat","background-position":"center center","background-size":"auto","background-attachment":"scroll","background-type":"","background-media":"","overlay-type":"","overlay-color":"","overlay-opacity":"","overlay-gradient":""},"mobile":{"background-color":"","background-image":"","background-repeat":"repeat","background-position":"center center","background-size":"auto","background-attachment":"scroll","background-type":"","background-media":"","overlay-type":"","overlay-color":"","overlay-opacity":"","overlay-gradient":""}},"ast-content-background-meta":{"desktop":{"background-color":"var(--ast-global-color-4)","background-image":"","background-repeat":"repeat","background-position":"center center","background-size":"auto","background-attachment":"scroll","background-type":"","background-media":"","overlay-type":"","overlay-color":"","overlay-opacity":"","overlay-gradient":""},"tablet":{"background-color":"var(--ast-global-color-4)","background-image":"","background-repeat":"repeat","background-position":"center center","background-size":"auto","background-attachment":"scroll","background-type":"","background-media":"","overlay-type":"","overlay-color":"","overlay-opacity":"","overlay-gradient":""},"mobile":{"background-color":"var(--ast-global-color-4)","background-image":"","background-repeat":"repeat","background-position":"center center","background-size":"auto","background-attachment":"scroll","background-type":"","background-media":"","overlay-type":"","overlay-color":"","overlay-opacity":"","overlay-gradient":""}},"_jetpack_memberships_contains_paid_content":false,"footnotes":""},"categories":[99],"tags":[375,385,248],"class_list":["post-1991","post","type-post","status-publish","format-standard","hentry","category-cfp","tag-arts","tag-catastrophe","tag-literature"],"jetpack_featured_media_url":"","uagb_featured_image_src":{"full":false,"thumbnail":false,"medium":false,"medium_large":false,"large":false,"1536x1536":false,"2048x2048":false},"uagb_author_info":{"display_name":"Admin","author_link":"https:\/\/afea.fr\/news\/author\/yanb\/"},"uagb_comment_info":0,"uagb_excerpt":"[category\u00a0conference \/ symposium] Chers et ch\u00e8res coll\u00e8gues, Nous avons le plaisir de vous inviter au colloque &quot;Repr\u00e9senter la catastrophe au [&hellip;]","jetpack_sharing_enabled":true,"_links":{"self":[{"href":"https:\/\/afea.fr\/news\/wp-json\/wp\/v2\/posts\/1991"}],"collection":[{"href":"https:\/\/afea.fr\/news\/wp-json\/wp\/v2\/posts"}],"about":[{"href":"https:\/\/afea.fr\/news\/wp-json\/wp\/v2\/types\/post"}],"author":[{"embeddable":true,"href":"https:\/\/afea.fr\/news\/wp-json\/wp\/v2\/users\/1"}],"replies":[{"embeddable":true,"href":"https:\/\/afea.fr\/news\/wp-json\/wp\/v2\/comments?post=1991"}],"version-history":[{"count":0,"href":"https:\/\/afea.fr\/news\/wp-json\/wp\/v2\/posts\/1991\/revisions"}],"wp:attachment":[{"href":"https:\/\/afea.fr\/news\/wp-json\/wp\/v2\/media?parent=1991"}],"wp:term":[{"taxonomy":"category","embeddable":true,"href":"https:\/\/afea.fr\/news\/wp-json\/wp\/v2\/categories?post=1991"},{"taxonomy":"post_tag","embeddable":true,"href":"https:\/\/afea.fr\/news\/wp-json\/wp\/v2\/tags?post=1991"}],"curies":[{"name":"wp","href":"https:\/\/api.w.org\/{rel}","templated":true}]}}