{"id":1987,"date":"2021-05-18T10:51:44","date_gmt":"2021-05-18T08:51:44","guid":{"rendered":"https:\/\/afea.fr\/news\/?p=1987"},"modified":"2021-05-18T10:51:44","modified_gmt":"2021-05-18T08:51:44","slug":"de-linvisibilite-a-la-visibilite-27-mai","status":"publish","type":"post","link":"https:\/\/afea.fr\/news\/cfp\/de-linvisibilite-a-la-visibilite-27-mai\/1987\/","title":{"rendered":"De l&rsquo;invisibilit\u00e9 \u00e0 la visibilit\u00e9 &#8211; 27 mai"},"content":{"rendered":"<p>[category\u00a0conference \/ symposium]<\/p>\n<p>Cher.e.s coll\u00e8gues,<\/p>\n<p>Pour rappel, la Journ\u00e9e d&rsquo;Etudes &quot;De l&rsquo;invisibilit\u00e9 \u00e0 la visibilit\u00e9&quot; se d\u00e9roulera le 27 mai prochain en ligne.<\/p>\n<p>Merci de contacter martine.patsalis ou nadine.lair avant le 25 mai pour obtenir le lien de connexion de la Journ\u00e9e d\u2019Etudes.<\/p>\n<p>La bande annonce de la J.E. peut \u00eatre visionn\u00e9e ici : <a href=\"https:\/\/www.youtube.com\/watch?v=LkFlYAlzDM8\">https:\/\/www.youtube.com\/watch?v=LkFlYAlzDM8<\/a><\/p>\n<p>Bien cordialement,<\/p>\n<p>Christine Dual\u00e9, Anne-Lise Marin Lamellet, Marl\u00e8ne Barroso-Fontanel<\/p>\n<p><strong>De l\u2019invisibilit\u00e9 \u00e0 la visibilit\u00e9 : repr\u00e9sentations des marges diasporiques<\/strong><\/p>\n<p><strong>Universit\u00e9 Jean Monnet Saint-\u00c9tienne<\/strong><\/p>\n<p><strong>Jeudi 27 mai 2021 <\/strong><em>En distanciel via Cisco Webex<\/em><\/p>\n<p><strong><strong>8h45-9h00<\/strong><\/strong> Accueil et discussion avec les participants<\/p>\n<p><strong>9h00 <\/strong>Ouverture de la journ\u00e9e d\u2019\u00e9tude par <strong>Val\u00e9rie Orlando, <\/strong>invit\u00e9e d\u2019honneur, Universit\u00e9 du Maryland.<\/p>\n<p><strong>\u201cIci ou ailleurs c\u2019est pareil\u201d in the Transcultural Tout-Monde of<\/strong><\/p>\n<p><strong>Wajdi Mouawad\u2019s post-francophonie<\/strong><\/p>\n<p><strong>9h30 \u2013 11h00Repr\u00e9senterl\u2019invisibilit\u00e9 dans les arts graphiques et la danse<\/strong><\/p>\n<p>Mod\u00e9ratrice : Christine Dual\u00e9 (ECLLA, Universit\u00e9 Jean Monnet Saint-\u00c9tienne)<\/p>\n<p><strong>\u00c9clairage sur les historiennes de l\u2019art r\u00e9fugi\u00e9es du nazisme en Grande-Bretagne<\/strong>.<\/p>\n<p>Anne B\u00e9chard-L\u00e9aut\u00e9, Universit\u00e9 Jean Monnet.<\/p>\n<p><strong>\u00ab Humor in Hue \u00bb : l\u2019\u00e9volution du dessin de presse humoristique dans le magazine africain-am\u00e9ricain Negro Digest\/Black World, entre visibilit\u00e9 et invisibilit\u00e9.<\/strong><\/p>\n<p>Yohann Lucas, Universit\u00e9 Gustave Eiffel.<\/p>\n<p><strong>Le langage hybride d\u2019Alvin Ailey et de Bill T. Jones, signe d\u2019une grande visibilit\u00e9 : une am\u00e9ricanit\u00e9 revendiqu\u00e9e<\/strong>.<\/p>\n<p>Claudie Servian, Universit\u00e9 Grenoble Alpes.<\/p>\n<p><strong>Art et Innovation sociale, vecteurs de r\u00e9silience dans les soci\u00e9t\u00e9s dites de communication ? <\/strong>(Pr\u00e9sentation du Projet \u00ab Voil\u00e9es \u00bb).<\/p>\n<p>Eric Agbessi, Universit\u00e9 Clermont Auvergne.<\/p>\n<p><strong>11h00 \u2013 12h30 De l\u2019invisibilit\u00e9 \u00e0 la visibilit\u00e9 dans l\u2019\u00e9criture et le discours \u2013 Partie 1<\/strong><\/p>\n<p>Mod\u00e9ratrice : Marl\u00e8ne Barroso-Fontanel (CELIS, Universit\u00e9 Clermont Auvergne)<\/p>\n<p><strong>\u00ab I\u2019m tired of bein\u2019 afraid I\u2019m too cursed to live \u00bb, ou comment l\u2019\u00e9criture conjure l\u2019effacement des femmes am\u00e9rindiennes.<\/strong><\/p>\n<p>Elisabeth Bouzonviller, Universit\u00e9 Jean Monnet.<\/p>\n<p><strong>\u201cAnd yet\u201d: The Immigrant Act of Performing Visibility in Nicole Krauss\u2019 <em>The History of Love<\/em>.<\/strong><\/p>\n<p>Virginia Allen-Terry Sherman, Universit\u00e9 Grenoble Alpes.<\/p>\n<p><strong>Representing the Haitian Diaspora in Russell Banks\u2019s<em> Continental Drift<\/em>, from Port-au-Prince to Little Haiti: A Celebration of the Margins. <\/strong><\/p>\n<p>Marine Paquereau, Universit\u00e9 de Bourgogne.<\/p>\n<p><strong>Narrating Wounds of the Partition of India through Digital Storytelling.<\/strong><\/p>\n<p>Bhawana Jain, Universit\u00e9 d\u2019Angers.<\/p>\n<p><strong>12h30 \u2013 14h00 Pause d\u00e9jeuner<\/strong><\/p>\n<p><strong>14h00 \u2013 15h30De l\u2019invisibilit\u00e9 \u00e0 la visibilit\u00e9 dans l\u2019\u00e9criture et le discours \u2013 Partie 2<\/strong><\/p>\n<p>Mod\u00e9ratrice : Evelyne Lloze, (ECLLA, Universit\u00e9 Jean Monnet Saint-\u00c9tienne)<\/p>\n<p><strong>Percevoir l\u2019Apprenti-Sage de la marge avec les auteurs Malik Duranty et Makata.<\/strong><\/p>\n<p>Sarah Couvin, Universit\u00e9 de Versailles Saint-Quentin-en-Yvelines et Universit\u00e9 des Antilles.<\/p>\n<p><strong>De l\u2019invisibilite\u0301 a\u0300 la visibilite\u0301 : la femme dans les litt\u00e9ratures roman\u00ec. Philomena Franz et son histoire d\u2019identit\u00e9 sinti.<\/strong><\/p>\n<p>Sidonia Bauer, Universit\u00e9 Clermont Auvergne.<\/p>\n<p><strong>\u00c9crire \u00e0 quatre mains, une caution pour rendre visible l\u2019invisible ?<\/strong><\/p>\n<p>Nicolas Violle, Universit\u00e9 Clermont Auvergne.<\/p>\n<p><strong>Le leurre du discours ethnique comme prise de parole lib\u00e9ratoire.<\/strong><\/p>\n<p>Yona Dureau, Universit\u00e9 Jean Monnet.<\/p>\n<p><strong>15h30 \u2013 15h45 Pause<\/strong><\/p>\n<p><strong>15h45 \u2013 17h45Invisibilisation\/visibilit\u00e9 culturelles et identitaires<\/strong><\/p>\n<p>Mod\u00e9ratrice : Anne-Lise Marin-Lamellet (ECLLA, Universit\u00e9 Jean Monnet Saint-\u00c9tienne)<\/p>\n<p><strong>L\u2019Autre Corse : une g\u00e9opolitique polyphonique en mouvement<\/strong>.<\/p>\n<p>Karine Chevalier, University of Roehampton.<\/p>\n<p><strong>Les repr\u00e9sentations du ph\u00e9nom\u00e8ne diasporique des Loyalistes noirs au Canada : une visibilit\u00e9 r\u00e9cente. <\/strong><\/p>\n<p>Seynabou Thiam-Pereira, Universit\u00e9 Paris VIII (Saint-Denis Vincennes).<\/p>\n<p><strong>Cartographier le territoire culturel gay : espace urbain et espace litt\u00e9raire.<\/strong><\/p>\n<p>Florian Fraissard, Universit\u00e9 Jean Monnet.<\/p>\n<p><strong>La repr\u00e9sentation diasporique de l\u2019Afrique subsaharienne au Maghreb : le cas du Maroc.<\/strong><\/p>\n<p>Laurence Randall, University of Roehampton.<\/p>\n<p><strong>The Representation Crisis: The Underrepresented Malaysian Minorities.<\/strong><\/p>\n<p>Helena Francis Granger, Universit\u00e9 Paul Val\u00e9ry, Montpellier 3.<\/p>\n<p><strong>17h45 \u2013 18h00 Cl\u00f4ture et bilan de la Journ\u00e9e d\u2019\u00e9tudes<\/strong><\/p>\n<p><strong>Christine Dual\u00e9<\/strong><br \/>\nProfesseur des Universit\u00e9s &#8211; Culture et litt\u00e9rature noires am\u00e9ricaines<br \/>\nLaboratoire ECLLA<br \/>\n<a href=\"https:\/\/i0.wp.com\/afea.fr\/news\/wp-content\/uploads\/sites\/2\/2021\/05\/logo-ECCLA.jpg?ssl=1\" rel=\"attachment wp-att-1988\"><img data-recalc-dims=\"1\" loading=\"lazy\" decoding=\"async\" src=\"https:\/\/i0.wp.com\/afea.fr\/news\/wp-content\/uploads\/sites\/2\/2021\/05\/logo-ECCLA.jpg?resize=1024%2C1024&#038;ssl=1\" alt=\"\" title=\"logo-eccla-jpg\" width=\"1024\" height=\"1024\" class=\"alignnone size-full wp-image-1988\" \/><\/a><\/p>\n<p><strong>Universit\u00e9 Jean Monnet &#8211; Saint Etienne<\/strong><br \/>\nCampus Tr\u00e9filerie<br \/>\n33 Rue du 11 Novembre<br \/>\n42023 Saint-Etienne Cedex 2<\/p>\n<p><a href=\"https:\/\/i0.wp.com\/afea.fr\/news\/wp-content\/uploads\/sites\/2\/2021\/05\/telechargement-1.png?ssl=1\" rel=\"attachment wp-att-1989\"><img data-recalc-dims=\"1\" loading=\"lazy\" decoding=\"async\" src=\"https:\/\/i0.wp.com\/afea.fr\/news\/wp-content\/uploads\/sites\/2\/2021\/05\/telechargement-1.png?resize=1024%2C1024&#038;ssl=1\" alt=\"\" title=\"telechargement-1-png\" width=\"1024\" height=\"1024\" class=\"alignnone size-full wp-image-1989\" \/><\/a><\/p>\n","protected":false},"excerpt":{"rendered":"<p>[category\u00a0conference \/ symposium] Cher.e.s coll\u00e8gues, Pour rappel, la Journ\u00e9e d&rsquo;Etudes &quot;De l&rsquo;invisibilit\u00e9 \u00e0 la visibilit\u00e9&quot; se d\u00e9roulera le 27 mai [&hellip;]<\/p>\n","protected":false},"author":1,"featured_media":0,"comment_status":"closed","ping_status":"open","sticky":false,"template":"","format":"standard","meta":{"_uag_custom_page_level_css":"","site-sidebar-layout":"default","site-content-layout":"","ast-site-content-layout":"default","site-content-style":"default","site-sidebar-style":"default","ast-global-header-display":"","ast-banner-title-visibility":"","ast-main-header-display":"","ast-hfb-above-header-display":"","ast-hfb-below-header-display":"","ast-hfb-mobile-header-display":"","site-post-title":"","ast-breadcrumbs-content":"","ast-featured-img":"","footer-sml-layout":"","ast-disable-related-posts":"","theme-transparent-header-meta":"","adv-header-id-meta":"","stick-header-meta":"","header-above-stick-meta":"","header-main-stick-meta":"","header-below-stick-meta":"","astra-migrate-meta-layouts":"default","ast-page-background-enabled":"default","ast-page-background-meta":{"desktop":{"background-color":"var(--ast-global-color-5)","background-image":"","background-repeat":"repeat","background-position":"center center","background-size":"auto","background-attachment":"scroll","background-type":"","background-media":"","overlay-type":"","overlay-color":"","overlay-opacity":"","overlay-gradient":""},"tablet":{"background-color":"","background-image":"","background-repeat":"repeat","background-position":"center center","background-size":"auto","background-attachment":"scroll","background-type":"","background-media":"","overlay-type":"","overlay-color":"","overlay-opacity":"","overlay-gradient":""},"mobile":{"background-color":"","background-image":"","background-repeat":"repeat","background-position":"center center","background-size":"auto","background-attachment":"scroll","background-type":"","background-media":"","overlay-type":"","overlay-color":"","overlay-opacity":"","overlay-gradient":""}},"ast-content-background-meta":{"desktop":{"background-color":"var(--ast-global-color-4)","background-image":"","background-repeat":"repeat","background-position":"center center","background-size":"auto","background-attachment":"scroll","background-type":"","background-media":"","overlay-type":"","overlay-color":"","overlay-opacity":"","overlay-gradient":""},"tablet":{"background-color":"var(--ast-global-color-4)","background-image":"","background-repeat":"repeat","background-position":"center center","background-size":"auto","background-attachment":"scroll","background-type":"","background-media":"","overlay-type":"","overlay-color":"","overlay-opacity":"","overlay-gradient":""},"mobile":{"background-color":"var(--ast-global-color-4)","background-image":"","background-repeat":"repeat","background-position":"center center","background-size":"auto","background-attachment":"scroll","background-type":"","background-media":"","overlay-type":"","overlay-color":"","overlay-opacity":"","overlay-gradient":""}},"_jetpack_memberships_contains_paid_content":false,"footnotes":""},"categories":[99],"tags":[384,383],"class_list":["post-1987","post","type-post","status-publish","format-standard","hentry","category-cfp","tag-diaspora","tag-invisibility"],"jetpack_featured_media_url":"","uagb_featured_image_src":{"full":false,"thumbnail":false,"medium":false,"medium_large":false,"large":false,"1536x1536":false,"2048x2048":false},"uagb_author_info":{"display_name":"Admin","author_link":"https:\/\/afea.fr\/news\/author\/yanb\/"},"uagb_comment_info":0,"uagb_excerpt":"[category\u00a0conference \/ symposium] Cher.e.s coll\u00e8gues, Pour rappel, la Journ\u00e9e d&rsquo;Etudes &quot;De l&rsquo;invisibilit\u00e9 \u00e0 la visibilit\u00e9&quot; se d\u00e9roulera le 27 mai [&hellip;]","jetpack_sharing_enabled":true,"_links":{"self":[{"href":"https:\/\/afea.fr\/news\/wp-json\/wp\/v2\/posts\/1987"}],"collection":[{"href":"https:\/\/afea.fr\/news\/wp-json\/wp\/v2\/posts"}],"about":[{"href":"https:\/\/afea.fr\/news\/wp-json\/wp\/v2\/types\/post"}],"author":[{"embeddable":true,"href":"https:\/\/afea.fr\/news\/wp-json\/wp\/v2\/users\/1"}],"replies":[{"embeddable":true,"href":"https:\/\/afea.fr\/news\/wp-json\/wp\/v2\/comments?post=1987"}],"version-history":[{"count":1,"href":"https:\/\/afea.fr\/news\/wp-json\/wp\/v2\/posts\/1987\/revisions"}],"predecessor-version":[{"id":1990,"href":"https:\/\/afea.fr\/news\/wp-json\/wp\/v2\/posts\/1987\/revisions\/1990"}],"wp:attachment":[{"href":"https:\/\/afea.fr\/news\/wp-json\/wp\/v2\/media?parent=1987"}],"wp:term":[{"taxonomy":"category","embeddable":true,"href":"https:\/\/afea.fr\/news\/wp-json\/wp\/v2\/categories?post=1987"},{"taxonomy":"post_tag","embeddable":true,"href":"https:\/\/afea.fr\/news\/wp-json\/wp\/v2\/tags?post=1987"}],"curies":[{"name":"wp","href":"https:\/\/api.w.org\/{rel}","templated":true}]}}