{"id":1985,"date":"2021-05-18T10:38:06","date_gmt":"2021-05-18T08:38:06","guid":{"rendered":"https:\/\/afea.fr\/news\/cfp\/race-republique-democratie-18e-21e\/1985\/"},"modified":"2021-05-18T10:38:06","modified_gmt":"2021-05-18T08:38:06","slug":"race-republique-democratie-18e-21e","status":"publish","type":"post","link":"https:\/\/afea.fr\/news\/cfp\/race-republique-democratie-18e-21e\/1985\/","title":{"rendered":"Race R\u00e9publique D\u00e9mocratie 18e 21e"},"content":{"rendered":"<p>[category\u00a0conference \/ symposium]<\/p>\n<p>Jeudi 17 juin et vendredi 18 juin 2021<br \/>\nProjet Idex RDR (resp. Marie-Jeanne Rossignol)<br \/>\nColloque en ligne \u00ab Race, d\u00e9mocratie, r\u00e9publique XVIIIe-XXIe si\u00e8cles :<br \/>\nFrance \u2013 \u00c9tats-Unis \u00bb<\/p>\n<p>Universit\u00e9 de Paris et Universit\u00e9 Sorbonne Nouvelle<\/p>\n<p>Contact : colloquerdr2021<br \/>\nVoir liens d\u2019inscription plus bas : un pour chaque journ\u00e9e<\/p>\n<p>Comit\u00e9 scientifique :<br \/>\nFran\u00e7ois de Chantal, Universit\u00e9 de Paris, LARCA<br \/>\nAry Gordien, charg\u00e9 de recherches, CNRS, LARCA<br \/>\nMarie-Jeanne Rossignol, Universit\u00e9 de Paris, LARCA<br \/>\nChristine Zumello, Universit\u00e9 Sorbonne Nouvelle, CREW<\/p>\n<p>Comit\u00e9 d\u2019organisation :<br \/>\nFran\u00e7ois de Chantal, Universit\u00e9 de Paris, LARCA<br \/>\nAry Gordien, charg\u00e9 de recherches, CNRS, LARCA<br \/>\nS\u00e9bastien Mort, Universit\u00e9 de Lorraine (Metz), CREM<br \/>\nMarie-Jeanne Rossignol, Universit\u00e9 de Paris, LARCA<br \/>\nAgn\u00e8s Trouillet, Universit\u00e9 Paris Nanterre, CREA<\/p>\n<p>NB : Ce colloque constitue la manifestation principale du Projet RDR<br \/>\n(IDEX U de Paris 2019-2021) pilot\u00e9 par Marie-Jeanne Rossignol et dot\u00e9<br \/>\nd\u2019un financement par Universit\u00e9 de Paris. Autres sources de<br \/>\nfinancement : Universit\u00e9 Sorbonne Nouvelle, UMR LARCA et Institut des<br \/>\nAm\u00e9riques.<\/p>\n<p>&amp;#8195;<br \/>\nPROGRAMME DU COLLOQUE<br \/>\nJeudi 17 juin 2021<\/p>\n<p>Pour s\u2019inscrire \u00e0 cette journ\u00e9e\/ Registration is compulsory :<\/p>\n<p><a href=\"https:\/\/u-paris.zoom.us\/meeting\/register\/tZctfu6rrDIvGNTUb7R2WzTrP4zNeY2hLrbz\">https:\/\/u-paris.zoom.us\/meeting\/register\/tZctfu6rrDIvGNTUb7R2WzTrP4zNeY2hLrbz<\/a><\/p>\n<p>Apr\u00e8s-midi<br \/>\nWelcome : 13h30-14h00<br \/>\nPanel 1\/ Atelier 1 14h00-15h30 :<br \/>\nRepublicanism in the Age of Atlantic Revolutions\/ Le r\u00e9publicanisme au<br \/>\nprisme des R\u00e9volutions atlantiques<br \/>\nChair\/ pr\u00e9sidente de s\u00e9ance : Agn\u00e8s Trouillet, Universit\u00e9 Paris<br \/>\nNanterre<br \/>\nDiscussant\/ discutant : Allan Potofsky, Universit\u00e9 de Paris<br \/>\n14h00 Carine Lounissi, Universit\u00e9 de Rouen<br \/>\nRepublicanism and Anticolonialism in French Writings on the American<br \/>\nRevolution before 1789<br \/>\n14h30 Marie-Jeanne Rossignol, Universit\u00e9 de Paris\/ LARCA<br \/>\n\u201cBlack Republicans\u201d 1776-1830 : early Black activists and the Question<br \/>\nof Republicanism in the United States<br \/>\n15h00 Micha\u00ebl Roy, Universit\u00e9 Paris Nanterre \/ Institut Universitaire<br \/>\nde France<br \/>\nLooking for L\u00e9on: Recovering the Life and Activism of L\u00e9on Chautard, a<br \/>\nFrench Republican in the United States<br \/>\n15h30-16h00 : Discussion<br \/>\nPanel 2\/ Atelier 2 : 16h00-17h30<br \/>\nFrom Republican Ideas to Republican Parties\/Des id\u00e9es r\u00e9publicaines<br \/>\naux partis r\u00e9publicains (Id\u00e9es r\u00e9publicaines)<br \/>\nChair \/ pr\u00e9sident de s\u00e9ance : Fran\u00e7ois Vergniolle de Chantal,<br \/>\nUniversit\u00e9 de Paris<br \/>\nDiscussant\/ discutant : Alan Kahan, Universit\u00e9 Saint-Quentin en<br \/>\nYvelines<br \/>\n16h00 Patrice Dallaire, Universit\u00e9 Laval\/ Universit\u00e9 de Paris<br \/>\nLes r\u00e9publicains du Qu\u00e9bec : la r\u00e9bellion des patriotes 1837-1838 et<br \/>\nson \u00e9cho international<br \/>\n16h30 Johann Neem, Western Washington University<br \/>\nEducation as a Republican Idea : The Intersection of Citizenship and<br \/>\nRace<br \/>\n17h00 Manisha Sinha, University of Connecticut\/ Radcliffe College<br \/>\nRadical Republicans and Reconstruction<br \/>\n17h30-18h00 : Discussion<\/p>\n<p>Vendredi 18 juin<br \/>\nPour s\u2019inscrire\/ Registration is compulsory :<br \/>\n<a href=\"https:\/\/u-paris.zoom.us\/meeting\/register\/tZYtcOyprzkrEtNyKiBcClZxF4yQ2uQUkF8Q\">https:\/\/u-paris.zoom.us\/meeting\/register\/tZYtcOyprzkrEtNyKiBcClZxF4yQ2uQUkF8Q<\/a><br \/>\nWelcome : 9h30<br \/>\nPanel 3\/ Atelier 3 : 10h00-11h30<br \/>\nFacing Tough Questions : the French Republic, Colonization and<br \/>\nDecolonization\/ R\u00e9publique, colonisation, d\u00e9colonisation : une remise<br \/>\nen question<br \/>\nChair\/ pr\u00e9sident de s\u00e9ance : S\u00e9bastien Mort, Universit\u00e9 de Lorraine<br \/>\n(Metz)<br \/>\nDiscussant\/ discutant : Ary Gordien, CNRS<br \/>\n10h00 Quentin Deluermoz, Universit\u00e9 de Paris<br \/>\nRace, d\u00e9mocratie, r\u00e9publique : un exemple fran\u00e7ais au XIXe si\u00e8cle<br \/>\n10h30 Emmanuelle Sibeud, Universit\u00e9 Paris 8<br \/>\nPenser la \u2018ligne de couleur\u2019 dans l\u2019empire colonial fran\u00e7ais au d\u00e9but<br \/>\ndu XXe si\u00e8cle<br \/>\n11h00-11h30 Discussion<br \/>\nPanel 4\/ Atelier 4 : 11h30-13h00<br \/>\nContemporary Debates about the French Republic : Inclusion, exclusion<br \/>\nand reciprocity\/Inclusion, exclusion et r\u00e9ciprocit\u00e9 : d\u00e9bats<br \/>\ncontemporains sur la r\u00e9publique fran\u00e7aise<br \/>\nChair\/ pr\u00e9sidente de s\u00e9ance : Christine Zumello, Universit\u00e9 Sorbonne<br \/>\nNouvelle<br \/>\nDiscussant\/ discutante : Aur\u00e9lia Michel, Universit\u00e9 de Paris<br \/>\n11h30 Maboula Soumahoro, Universit\u00e9 de Tours<br \/>\nLe triangle et l\u2019hexagone : la r\u00e9publique fran\u00e7aise vue d\u2019Am\u00e9rique<br \/>\n12h00 Ary Gordien, CNRS<br \/>\nLa r\u00e9publique cr\u00e9ole : entre universalisme et reconnaissance de<br \/>\nsp\u00e9cificit\u00e9s ethnoraciales en Guadeloupe<br \/>\n12h30-13h00 Discussion<\/p>\n<p>Panel 5\/ Atelier 5 : 14h30-16h30<br \/>\nDemocracy, republicanism, and capitalism \/D\u00e9mocratie, r\u00e9publique,<br \/>\ncapitalisme<br \/>\nChair\/ pr\u00e9sident de s\u00e9ance : Yves-Marie P\u00e9r\u00e9on, Universit\u00e9 Paris<br \/>\n2-Assas<br \/>\nDiscussant\/ discutant : Denis Lacorne, Sciences Po<br \/>\n14h30 S\u00e9bastien Mort, Universit\u00e9 de Lorraine (Metz), CREM<br \/>\nLes m\u00e9dias conservateurs et la trajectoire autoritaire du Parti<br \/>\nr\u00e9publicain<\/p>\n<p>15h00 Fran\u00e7ois de Chantal, Universit\u00e9 de Paris<br \/>\nTrump et la fragilit\u00e9 des normes d\u00e9mocratiques<br \/>\n15h30 Christine Zumello, Universit\u00e9 Sorbonne Nouvelle<br \/>\nRepublicanism and &quot;financial&quot; citizenship in the United States<br \/>\n16h00-16h30 Discussion<\/p>\n<p>Concluding remarks\/Remarques de conclusion 16h30-17h15 :<br \/>\nLaura Frader, Northeastern University<\/p>\n<p><a href=\"http:\/\/www.larca.univ-paris-diderot.fr\/membres\/enseignants-chercheurs\/article\/marie-jeanne-rossignol\">http:\/\/www.larca.univ-paris-diderot.fr\/membres\/enseignants-chercheurs\/article\/marie-jeanne-rossignol<\/a><\/p>\n<p>Latest publications by MJ Rossignol :<br \/>\nUndoing Slavery: American Antislavery in Transnational Perspective<br \/>\n(1776-1865). Paris: Presses de l&rsquo;ENS Ulm, 2018. Ed. with Michael Roy<br \/>\nand Claire Parfait.<br \/>\nHistoire de la Guin\u00e9e, par Anthony Benezet, ed. with Bertrand Van<br \/>\nRuymbeke. 2017<br \/>\n<a href=\"http:\/\/www.leseditionsdunet.com\/5095-une-histoire-de-la-guinee-anthony-benezet-9791092328097.html\">http:\/\/www.leseditionsdunet.com\/5095-une-histoire-de-la-guinee-anthony-benezet-9791092328097.html<\/a><\/p>\n<p>Marie-Jeanne Rossignol<br \/>\nProfessor of American Studies<br \/>\nUniversit\u00e9 Paris Diderot<br \/>\nUFR Etudes Anglophones<br \/>\nB\u00e2t Olympe de Gouges<br \/>\nCase 7046 5 rue Thomas Mann<br \/>\n75205 Paris Cedex 13<br \/>\n<a href=\"http:\/\/www.ufr-anglais.univ-paris7.fr\">www.ufr-anglais.univ-paris7.fr<\/a><br \/>\nEditor of the &quot;slave narratives&quot; series<br \/>\n<a href=\"http:\/\/purh.univ-rouen.fr\/taxonomy\/term\/37\">http:\/\/purh.univ-rouen.fr\/taxonomy\/term\/37<\/a><\/p>\n","protected":false},"excerpt":{"rendered":"<p>[category\u00a0conference \/ symposium] Jeudi 17 juin et vendredi 18 juin 2021 Projet Idex RDR (resp. Marie-Jeanne Rossignol) Colloque en ligne [&hellip;]<\/p>\n","protected":false},"author":1,"featured_media":0,"comment_status":"","ping_status":"open","sticky":false,"template":"","format":"standard","meta":{"_uag_custom_page_level_css":"","site-sidebar-layout":"default","site-content-layout":"","ast-site-content-layout":"default","site-content-style":"default","site-sidebar-style":"default","ast-global-header-display":"","ast-banner-title-visibility":"","ast-main-header-display":"","ast-hfb-above-header-display":"","ast-hfb-below-header-display":"","ast-hfb-mobile-header-display":"","site-post-title":"","ast-breadcrumbs-content":"","ast-featured-img":"","footer-sml-layout":"","ast-disable-related-posts":"","theme-transparent-header-meta":"","adv-header-id-meta":"","stick-header-meta":"","header-above-stick-meta":"","header-main-stick-meta":"","header-below-stick-meta":"","astra-migrate-meta-layouts":"default","ast-page-background-enabled":"default","ast-page-background-meta":{"desktop":{"background-color":"var(--ast-global-color-5)","background-image":"","background-repeat":"repeat","background-position":"center center","background-size":"auto","background-attachment":"scroll","background-type":"","background-media":"","overlay-type":"","overlay-color":"","overlay-opacity":"","overlay-gradient":""},"tablet":{"background-color":"","background-image":"","background-repeat":"repeat","background-position":"center center","background-size":"auto","background-attachment":"scroll","background-type":"","background-media":"","overlay-type":"","overlay-color":"","overlay-opacity":"","overlay-gradient":""},"mobile":{"background-color":"","background-image":"","background-repeat":"repeat","background-position":"center center","background-size":"auto","background-attachment":"scroll","background-type":"","background-media":"","overlay-type":"","overlay-color":"","overlay-opacity":"","overlay-gradient":""}},"ast-content-background-meta":{"desktop":{"background-color":"var(--ast-global-color-4)","background-image":"","background-repeat":"repeat","background-position":"center center","background-size":"auto","background-attachment":"scroll","background-type":"","background-media":"","overlay-type":"","overlay-color":"","overlay-opacity":"","overlay-gradient":""},"tablet":{"background-color":"var(--ast-global-color-4)","background-image":"","background-repeat":"repeat","background-position":"center center","background-size":"auto","background-attachment":"scroll","background-type":"","background-media":"","overlay-type":"","overlay-color":"","overlay-opacity":"","overlay-gradient":""},"mobile":{"background-color":"var(--ast-global-color-4)","background-image":"","background-repeat":"repeat","background-position":"center center","background-size":"auto","background-attachment":"scroll","background-type":"","background-media":"","overlay-type":"","overlay-color":"","overlay-opacity":"","overlay-gradient":""}},"_jetpack_memberships_contains_paid_content":false,"footnotes":""},"categories":[99],"tags":[382,184,158],"class_list":["post-1985","post","type-post","status-publish","format-standard","hentry","category-cfp","tag-colonization","tag-democracy","tag-politics"],"jetpack_featured_media_url":"","uagb_featured_image_src":{"full":false,"thumbnail":false,"medium":false,"medium_large":false,"large":false,"1536x1536":false,"2048x2048":false},"uagb_author_info":{"display_name":"Admin","author_link":"https:\/\/afea.fr\/news\/author\/yanb\/"},"uagb_comment_info":0,"uagb_excerpt":"[category\u00a0conference \/ symposium] Jeudi 17 juin et vendredi 18 juin 2021 Projet Idex RDR (resp. Marie-Jeanne Rossignol) Colloque en ligne [&hellip;]","jetpack_sharing_enabled":true,"_links":{"self":[{"href":"https:\/\/afea.fr\/news\/wp-json\/wp\/v2\/posts\/1985"}],"collection":[{"href":"https:\/\/afea.fr\/news\/wp-json\/wp\/v2\/posts"}],"about":[{"href":"https:\/\/afea.fr\/news\/wp-json\/wp\/v2\/types\/post"}],"author":[{"embeddable":true,"href":"https:\/\/afea.fr\/news\/wp-json\/wp\/v2\/users\/1"}],"replies":[{"embeddable":true,"href":"https:\/\/afea.fr\/news\/wp-json\/wp\/v2\/comments?post=1985"}],"version-history":[{"count":0,"href":"https:\/\/afea.fr\/news\/wp-json\/wp\/v2\/posts\/1985\/revisions"}],"wp:attachment":[{"href":"https:\/\/afea.fr\/news\/wp-json\/wp\/v2\/media?parent=1985"}],"wp:term":[{"taxonomy":"category","embeddable":true,"href":"https:\/\/afea.fr\/news\/wp-json\/wp\/v2\/categories?post=1985"},{"taxonomy":"post_tag","embeddable":true,"href":"https:\/\/afea.fr\/news\/wp-json\/wp\/v2\/tags?post=1985"}],"curies":[{"name":"wp","href":"https:\/\/api.w.org\/{rel}","templated":true}]}}