{"id":1984,"date":"2021-05-18T10:34:08","date_gmt":"2021-05-18T08:34:08","guid":{"rendered":"https:\/\/afea.fr\/news\/cfp\/je-emma-black-lives-matter-formes-politique-s-et-artistiques-de-lantiracisme-aux-etats-unis-et-au-royau-me-u-ni-montpellier-4-fevrier-2022\/1984\/"},"modified":"2021-05-18T10:34:08","modified_gmt":"2021-05-18T08:34:08","slug":"je-emma-black-lives-matter-formes-politique-s-et-artistiques-de-lantiracisme-aux-etats-unis-et-au-royau-me-u-ni-montpellier-4-fevrier-2022","status":"publish","type":"post","link":"https:\/\/afea.fr\/news\/cfp\/je-emma-black-lives-matter-formes-politique-s-et-artistiques-de-lantiracisme-aux-etats-unis-et-au-royau-me-u-ni-montpellier-4-fevrier-2022\/1984\/","title":{"rendered":"JE EMMA \u00ab\u00a0Black Lives Matter : formes politique s et artistiques de l&rsquo;antiracisme aux Etats-Unis et au Royau me-U ni\u00a0\u00bb, Montpellier, 4 f\u00e9vrier 2022"},"content":{"rendered":"<p>[category\u00a0conference \/ symposium]<\/p>\n<p>Cher-e-s coll\u00e8gues,<\/p>\n<p><strong>Le vendredi 4 f\u00e9vrier 2022, se tiendra \u00e0 Montpellier une journ\u00e9e d\u2019\u00e9tude sur le th\u00e8me &quot;Black Lives Matter : formes politiques et artistiques de l\u2019antiracisme aux Etats-Unis et au Royaume-Uni&quot;<\/strong>, dont vous trouverez le programme ci-dessous. Cette manifestation, en acc\u00e8s libre, est pr\u00e9vue en format pr\u00e9sentiel sur le campus Saint-Charles de l\u2019Universit\u00e9 Paul-Val\u00e9ry Montpellier 3 (UPVM3). La salle sera pr\u00e9cis\u00e9e ult\u00e9rieurement, ainsi que d\u2019\u00e9ventuels am\u00e9nagements des modalit\u00e9s de la JE.<\/p>\n<p>Cette journ\u00e9e d\u2019\u00e9tude s\u2019inscrit dans le cadre des activit\u00e9s du th\u00e8me <a href=\"https:\/\/emmamontpellier.hypotheses.org\/le-commun\">&quot;Faire commun&quot;<\/a> du laboratoire EMMA, dont des membres proposeront des interventions sur la production artistique li\u00e9e au mouvement Black Lives Matter, sur le traitement de la question des vies noires dans les formats s\u00e9riel et filmique et enfin sur l\u2019inscription du mouvement dans l\u2019espace anglophone transatlantique. Faisant suite \u00e0 la s\u00e9ance de s\u00e9minaire <a href=\"https:\/\/emmamontpellier.hypotheses.org\/237\" title=\"https:\/\/emmamontpellier.hypotheses.org\/237\">&quot;De Black Lives Matter au renouveau afro-f\u00e9ministe : voix noires contemporaines aux \u00c9tats-Unis et au Royaume-Uni&quot;<\/a> du 19 janvier 2021, cette journ\u00e9e d\u2019\u00e9tude servira aussi de pr\u00e9lude et de journ\u00e9e pr\u00e9paratoire \u00e0 un <strong>colloque organis\u00e9 \u00e0 Montpellier \u00e0 la fin de l\u2019ann\u00e9e 2022<\/strong>.<\/p>\n<p><em>9h45 introduction<\/em><\/p>\n<p>10h00 <strong>Nicolas Gachon<\/strong> (UPVM3, EMMA), \u00ab Mouvements sociaux et espace public : le cas Black Lives Matter \u00bb<\/p>\n<p>10h45 <strong>Marc Lenormand <\/strong>(UPVM3, EMMA), \u00ab Les manifestations antiracistes de 2020 au Royaume-Uni: r\u00e9f\u00e9rence \u00e9tats-unienne et s\u00e9quence britannique \u00bb<\/p>\n<p>11h30 <strong>Lawrence Aje <\/strong>(UPVM3, EMMA)<strong>, \u00ab <\/strong>L\u2019\u00e9volution de la d\u00e9signation raciale aux \u00c9tats-Unis \u00e0 la faveur du mouvement Black Lives Matter \u00bb<\/p>\n<p>12h15 discussion<\/p>\n<p><em>12h45 pause m\u00e9ridienne<\/em><\/p>\n<p>14h00 <strong>Claude Chastagner<\/strong> (UPVM3, EMMA), \u00ab Black Lives Matter, un nouveau terrain pour la <em>protest song<\/em> ? \u00bb<\/p>\n<p>14h45<strong> Claudine Raynaud<\/strong> (UPVM3, EMMA), \u00ab Memoirs from #BLM era \u00bb<\/p>\n<p><em>15h30 pause<\/em><\/p>\n<p>15h45 <strong>Monica Michlin<\/strong> (UPVM3, EMMA), \u00ab Performing that Black Lives Matter in TV Series: <em>Orange is the New Black<\/em>, <em>Grey\u2019s Anatomy<\/em> and <em>This Is Us<\/em> \u00bb<\/p>\n<p>16h30 <strong>Herv\u00e9 Mayer<\/strong> (UPVM3, EMMA), \u00ab Black Bodies\/White Spaces: the Horrors of White Supremacy in <em>Get Out<\/em> (Jordan Peele, 2017) \u00bb<\/p>\n<p>17h15 discussion<\/p>\n<p>Vous trouverez plus d\u2019informations sur les activit\u00e9s scientifiques du laboratoire EMMA sur le carnet Hypoth\u00e8ses <a href=\"https:\/\/emmamontpellier.hypotheses.org\/\" title=\"https:\/\/emmamontpellier.hypotheses.org\/\">https:\/\/emmamontpellier.hypotheses.org\/<\/a><\/p>\n<p>Bien cordialement,<\/p>\n<p>Nicolas Gachon, Universit\u00e9 Paul-Val\u00e9ry Montpellier 3, EMMA<\/p>\n","protected":false},"excerpt":{"rendered":"<p>[category\u00a0conference \/ symposium] Cher-e-s coll\u00e8gues, Le vendredi 4 f\u00e9vrier 2022, se tiendra \u00e0 Montpellier une journ\u00e9e d\u2019\u00e9tude sur le th\u00e8me [&hellip;]<\/p>\n","protected":false},"author":1,"featured_media":0,"comment_status":"","ping_status":"open","sticky":false,"template":"","format":"standard","meta":{"_uag_custom_page_level_css":"","site-sidebar-layout":"default","site-content-layout":"","ast-site-content-layout":"default","site-content-style":"default","site-sidebar-style":"default","ast-global-header-display":"","ast-banner-title-visibility":"","ast-main-header-display":"","ast-hfb-above-header-display":"","ast-hfb-below-header-display":"","ast-hfb-mobile-header-display":"","site-post-title":"","ast-breadcrumbs-content":"","ast-featured-img":"","footer-sml-layout":"","ast-disable-related-posts":"","theme-transparent-header-meta":"","adv-header-id-meta":"","stick-header-meta":"","header-above-stick-meta":"","header-main-stick-meta":"","header-below-stick-meta":"","astra-migrate-meta-layouts":"default","ast-page-background-enabled":"default","ast-page-background-meta":{"desktop":{"background-color":"var(--ast-global-color-5)","background-image":"","background-repeat":"repeat","background-position":"center center","background-size":"auto","background-attachment":"scroll","background-type":"","background-media":"","overlay-type":"","overlay-color":"","overlay-opacity":"","overlay-gradient":""},"tablet":{"background-color":"","background-image":"","background-repeat":"repeat","background-position":"center center","background-size":"auto","background-attachment":"scroll","background-type":"","background-media":"","overlay-type":"","overlay-color":"","overlay-opacity":"","overlay-gradient":""},"mobile":{"background-color":"","background-image":"","background-repeat":"repeat","background-position":"center center","background-size":"auto","background-attachment":"scroll","background-type":"","background-media":"","overlay-type":"","overlay-color":"","overlay-opacity":"","overlay-gradient":""}},"ast-content-background-meta":{"desktop":{"background-color":"var(--ast-global-color-4)","background-image":"","background-repeat":"repeat","background-position":"center center","background-size":"auto","background-attachment":"scroll","background-type":"","background-media":"","overlay-type":"","overlay-color":"","overlay-opacity":"","overlay-gradient":""},"tablet":{"background-color":"var(--ast-global-color-4)","background-image":"","background-repeat":"repeat","background-position":"center center","background-size":"auto","background-attachment":"scroll","background-type":"","background-media":"","overlay-type":"","overlay-color":"","overlay-opacity":"","overlay-gradient":""},"mobile":{"background-color":"var(--ast-global-color-4)","background-image":"","background-repeat":"repeat","background-position":"center center","background-size":"auto","background-attachment":"scroll","background-type":"","background-media":"","overlay-type":"","overlay-color":"","overlay-opacity":"","overlay-gradient":""}},"_jetpack_memberships_contains_paid_content":false,"footnotes":""},"categories":[99],"tags":[381],"class_list":["post-1984","post","type-post","status-publish","format-standard","hentry","category-cfp","tag-black-lives-matter"],"jetpack_featured_media_url":"","uagb_featured_image_src":{"full":false,"thumbnail":false,"medium":false,"medium_large":false,"large":false,"1536x1536":false,"2048x2048":false},"uagb_author_info":{"display_name":"Admin","author_link":"https:\/\/afea.fr\/news\/author\/yanb\/"},"uagb_comment_info":0,"uagb_excerpt":"[category\u00a0conference \/ symposium] Cher-e-s coll\u00e8gues, Le vendredi 4 f\u00e9vrier 2022, se tiendra \u00e0 Montpellier une journ\u00e9e d\u2019\u00e9tude sur le th\u00e8me [&hellip;]","jetpack_sharing_enabled":true,"_links":{"self":[{"href":"https:\/\/afea.fr\/news\/wp-json\/wp\/v2\/posts\/1984"}],"collection":[{"href":"https:\/\/afea.fr\/news\/wp-json\/wp\/v2\/posts"}],"about":[{"href":"https:\/\/afea.fr\/news\/wp-json\/wp\/v2\/types\/post"}],"author":[{"embeddable":true,"href":"https:\/\/afea.fr\/news\/wp-json\/wp\/v2\/users\/1"}],"replies":[{"embeddable":true,"href":"https:\/\/afea.fr\/news\/wp-json\/wp\/v2\/comments?post=1984"}],"version-history":[{"count":0,"href":"https:\/\/afea.fr\/news\/wp-json\/wp\/v2\/posts\/1984\/revisions"}],"wp:attachment":[{"href":"https:\/\/afea.fr\/news\/wp-json\/wp\/v2\/media?parent=1984"}],"wp:term":[{"taxonomy":"category","embeddable":true,"href":"https:\/\/afea.fr\/news\/wp-json\/wp\/v2\/categories?post=1984"},{"taxonomy":"post_tag","embeddable":true,"href":"https:\/\/afea.fr\/news\/wp-json\/wp\/v2\/tags?post=1984"}],"curies":[{"name":"wp","href":"https:\/\/api.w.org\/{rel}","templated":true}]}}