{"id":1983,"date":"2021-05-18T10:32:27","date_gmt":"2021-05-18T08:32:27","guid":{"rendered":"https:\/\/afea.fr\/news\/cfp\/focus-demoseries-3-%c2%b7-lafrique-dans-les-series-securitaires-11-mai-2021-14h-18h\/1983\/"},"modified":"2021-05-18T10:32:27","modified_gmt":"2021-05-18T08:32:27","slug":"focus-demoseries-3-%c2%b7-lafrique-dans-les-series-securitaires-11-mai-2021-14h-18h","status":"publish","type":"post","link":"https:\/\/afea.fr\/news\/cfp\/focus-demoseries-3-%c2%b7-lafrique-dans-les-series-securitaires-11-mai-2021-14h-18h\/1983\/","title":{"rendered":"Focus DEMOSERIES #3 \u00b7 L&rsquo;Afrique dans les s\u00e9ries s\u00e9curitaires 11 mai 2021 14h-18h"},"content":{"rendered":"<p>[category\u00a0conference \/ symposium]<\/p>\n<p>Bonjour,<br \/>\nl&rsquo;\u00e9quipe DEMOSERIES a le plaisir de vous inviter \u00e0:<\/p>\n<p><a href=\"https:\/\/www.demoseries.eu\/blog\/focus-3-afrique-dans-les-series-securitaires\">https:\/\/www.demoseries.eu\/blog\/focus-3-afrique-dans-les-series-securitaires<\/a><\/p>\n<p><strong>FOCUS DEMOSERIES #3<\/strong><\/p>\n<p>L\u2019Afrique dans les s\u00e9ries s\u00e9curitaires<\/p>\n<p>Mardi 11 mai 2021 14h-18h \u2013 Visioconf\u00e9rence Zoom ouverte \u00e0 tous sur inscription<\/p>\n<p>Dans le cadre de son troisi\u00e8me \u00ab focus \u00bb, le projet DEMOSERIES se propose d\u2019aborder la fa\u00e7on dont l\u2019Afrique est mise en sc\u00e8ne dans les s\u00e9ries qui traitent de questions s\u00e9curitaires. Compte tenu en effet du caract\u00e8re relativement lacunaire des connaissances sur l\u2019Afrique (g\u00e9ographie, histoire, cultures, etc.) du public europ\u00e9en, et plus largement occidental, auquel s\u2019ajoute la faible couverture dont l\u2019Afrique b\u00e9n\u00e9ficie dans les m\u00e9dias courants, si ce n\u2019est tel ou tel \u00e9pisode de violence, c\u2019est finalement souvent \u00e0 travers les films et les s\u00e9ries que nous avons l\u2019occasion de d\u00e9velopper une vision un peu plus d\u00e9taill\u00e9e et complexe de l\u2019Afrique, celle-ci fournissant notamment un contexte r\u00e9gulier des s\u00e9ries s\u00e9curitaires, que ce soit de fa\u00e7on centrale ou plus ponctuelle.<\/p>\n<p>En quoi alors les visions r\u00e9sultantes sont-elles tributaires de leurs lieux de production ? Est-il juste par exemple de dire que les s\u00e9ries occidentales ont tendance \u00e0 pr\u00e9senter le m\u00eame type de conflit (ethnique, anomique, d&rsquo;une violence extr\u00eame), par opposition aux s\u00e9ries issues du continent africain ? Quel est l\u2019impact du contexte politique de production sur ce qui se dit ou non dans les s\u00e9ries concern\u00e9es ? \u00c0 quelles conditions nous permettent-elles de mieux comprendre l\u2019Afrique ou au moins notre rapport \u00e0 celle-ci ?<\/p>\n<p>Cette demi-journ\u00e9e se concentrera sur quelques aspects et \u0153uvres pertinentes, sans pr\u00e9tendre \u00e0 une quelconque exhaustivit\u00e9 selon le principe m\u00eame du \u00ab focus \u00bb qui pr\u00e9side au dispositif. Chaque communication est suivie d\u2019une discussion.<\/p>\n<p>14h00 : Sandra Laugier (DEMOSERIES) et Sylvie Allouche (DEMOSERIES\/UCLy) \u00b7 Introduction<\/p>\n<p>14h10 : Sonia Le Gouriellec (UC Lille) \u00b7 \u00ab L\u2019Afrique dans les s\u00e9ries s\u00e9curitaires occidentales <em>vs <\/em>africaines \u00bb<\/p>\n<p>15h05 : Th\u00e9o Touret-Dengreville (DEMOSERIES) \u00b7 \u00ab <em>Black Panther <\/em>: entre anonymat et s\u00e9curit\u00e9, le Wakanda, terre id\u00e9alis\u00e9e d&rsquo;Afrique ? \u00bb<\/p>\n<p>16h00 : Pause<\/p>\n<p>16h10 : Sylvie Allouche (DEMOSERIES\/UCLy) \u00b7 \u00ab Enjeux \u00e9thiques de <em>Black Earth Rising <\/em>et de sa r\u00e9ception \u00bb<\/p>\n<p>17h05 : Aimable-Andr\u00e9 Dufatanye (UCLy) \u00b7 \u00ab Enjeux g\u00e9opolitiques de <em>Black Earth Rising<\/em> et de sa r\u00e9ception \u00bb<\/p>\n<p>Lien d\u2019inscription \u00e0 la visioconf\u00e9rence :<\/p>\n<p><a href=\"https:\/\/zoom.univ-paris1.fr\/meeting\/register\/tJ0lcOCgpzgjH9FPMHFS3xkikkLa27r-torI\">https:\/\/zoom.univ-paris1.fr\/meeting\/register\/tJ0lcOCgpzgjH9FPMHFS3xkikkLa27r-torI<\/a><\/p>\n<p><em>DEMOSERIES is a European Research Council project (ERC-ADG) hosted at Paris 1 Pantheon-Sorbonne. Its aim is to bring a team of philosophers, sociologists, historians, and political scientists to explore a corpus of \u201csecurity TV series\u201d from conception to reception. Website : <\/em><a href=\"https:\/\/www.demoseries.eu\/\"><em>https:\/\/www.demoseries.eu<\/em><\/a><em> \u00b7 Contact : <\/em><a><em>contact@demoseries.eu<\/em><\/a><\/p>\n<p><a><\/a><\/p>\n","protected":false},"excerpt":{"rendered":"<p>[category\u00a0conference \/ symposium] Bonjour, l&rsquo;\u00e9quipe DEMOSERIES a le plaisir de vous inviter \u00e0: https:\/\/www.demoseries.eu\/blog\/focus-3-afrique-dans-les-series-securitaires FOCUS DEMOSERIES #3 L\u2019Afrique dans les [&hellip;]<\/p>\n","protected":false},"author":1,"featured_media":0,"comment_status":"","ping_status":"open","sticky":false,"template":"","format":"standard","meta":{"_uag_custom_page_level_css":"","site-sidebar-layout":"default","site-content-layout":"","ast-site-content-layout":"default","site-content-style":"default","site-sidebar-style":"default","ast-global-header-display":"","ast-banner-title-visibility":"","ast-main-header-display":"","ast-hfb-above-header-display":"","ast-hfb-below-header-display":"","ast-hfb-mobile-header-display":"","site-post-title":"","ast-breadcrumbs-content":"","ast-featured-img":"","footer-sml-layout":"","ast-disable-related-posts":"","theme-transparent-header-meta":"","adv-header-id-meta":"","stick-header-meta":"","header-above-stick-meta":"","header-main-stick-meta":"","header-below-stick-meta":"","astra-migrate-meta-layouts":"default","ast-page-background-enabled":"default","ast-page-background-meta":{"desktop":{"background-color":"var(--ast-global-color-5)","background-image":"","background-repeat":"repeat","background-position":"center center","background-size":"auto","background-attachment":"scroll","background-type":"","background-media":"","overlay-type":"","overlay-color":"","overlay-opacity":"","overlay-gradient":""},"tablet":{"background-color":"","background-image":"","background-repeat":"repeat","background-position":"center center","background-size":"auto","background-attachment":"scroll","background-type":"","background-media":"","overlay-type":"","overlay-color":"","overlay-opacity":"","overlay-gradient":""},"mobile":{"background-color":"","background-image":"","background-repeat":"repeat","background-position":"center center","background-size":"auto","background-attachment":"scroll","background-type":"","background-media":"","overlay-type":"","overlay-color":"","overlay-opacity":"","overlay-gradient":""}},"ast-content-background-meta":{"desktop":{"background-color":"var(--ast-global-color-4)","background-image":"","background-repeat":"repeat","background-position":"center center","background-size":"auto","background-attachment":"scroll","background-type":"","background-media":"","overlay-type":"","overlay-color":"","overlay-opacity":"","overlay-gradient":""},"tablet":{"background-color":"var(--ast-global-color-4)","background-image":"","background-repeat":"repeat","background-position":"center center","background-size":"auto","background-attachment":"scroll","background-type":"","background-media":"","overlay-type":"","overlay-color":"","overlay-opacity":"","overlay-gradient":""},"mobile":{"background-color":"var(--ast-global-color-4)","background-image":"","background-repeat":"repeat","background-position":"center center","background-size":"auto","background-attachment":"scroll","background-type":"","background-media":"","overlay-type":"","overlay-color":"","overlay-opacity":"","overlay-gradient":""}},"_jetpack_memberships_contains_paid_content":false,"footnotes":""},"categories":[99],"tags":[317,158,380],"class_list":["post-1983","post","type-post","status-publish","format-standard","hentry","category-cfp","tag-africa","tag-politics","tag-television"],"jetpack_featured_media_url":"","uagb_featured_image_src":{"full":false,"thumbnail":false,"medium":false,"medium_large":false,"large":false,"1536x1536":false,"2048x2048":false},"uagb_author_info":{"display_name":"Admin","author_link":"https:\/\/afea.fr\/news\/author\/yanb\/"},"uagb_comment_info":0,"uagb_excerpt":"[category\u00a0conference \/ symposium] Bonjour, l&rsquo;\u00e9quipe DEMOSERIES a le plaisir de vous inviter \u00e0: https:\/\/www.demoseries.eu\/blog\/focus-3-afrique-dans-les-series-securitaires FOCUS DEMOSERIES #3 L\u2019Afrique dans les [&hellip;]","jetpack_sharing_enabled":true,"_links":{"self":[{"href":"https:\/\/afea.fr\/news\/wp-json\/wp\/v2\/posts\/1983"}],"collection":[{"href":"https:\/\/afea.fr\/news\/wp-json\/wp\/v2\/posts"}],"about":[{"href":"https:\/\/afea.fr\/news\/wp-json\/wp\/v2\/types\/post"}],"author":[{"embeddable":true,"href":"https:\/\/afea.fr\/news\/wp-json\/wp\/v2\/users\/1"}],"replies":[{"embeddable":true,"href":"https:\/\/afea.fr\/news\/wp-json\/wp\/v2\/comments?post=1983"}],"version-history":[{"count":0,"href":"https:\/\/afea.fr\/news\/wp-json\/wp\/v2\/posts\/1983\/revisions"}],"wp:attachment":[{"href":"https:\/\/afea.fr\/news\/wp-json\/wp\/v2\/media?parent=1983"}],"wp:term":[{"taxonomy":"category","embeddable":true,"href":"https:\/\/afea.fr\/news\/wp-json\/wp\/v2\/categories?post=1983"},{"taxonomy":"post_tag","embeddable":true,"href":"https:\/\/afea.fr\/news\/wp-json\/wp\/v2\/tags?post=1983"}],"curies":[{"name":"wp","href":"https:\/\/api.w.org\/{rel}","templated":true}]}}