{"id":1915,"date":"2021-05-10T20:21:42","date_gmt":"2021-05-10T18:21:42","guid":{"rendered":"https:\/\/afea.fr\/news\/conference\/prog-seminaire-arts-et-cultures-visuelles\/1915\/"},"modified":"2022-07-06T21:44:19","modified_gmt":"2022-07-06T19:44:19","slug":"prog-seminaire-arts-et-cultures-visuelles","status":"publish","type":"post","link":"https:\/\/afea.fr\/news\/conference-symposium\/prog-seminaire-arts-et-cultures-visuelles\/1915\/","title":{"rendered":"S\u00e9minaire Arts et Cultures Visuelles"},"content":{"rendered":"<p>Cher.e.s coll\u00e8gues,<\/p>\n<p>La prochaine s\u00e9ance du s\u00e9minaire Arts et Cultures Visuelles (UMR Larca, Universit\u00e9 de paris) aura lieu le lundi 17 mai \u00e0 17h30. Cette s\u00e9ance sera d\u00e9di\u00e9e \u00e0 la forme de l\u2019essai vid\u00e9o, autour du film de Cl\u00e9mence Foll\u00e9a &quot;Everything: Aesthetics and Politics of Rescaling as a Video Game Mechanic&quot;. Ce sera \u00e9galement l\u2019occasion de faire le point sur la \u00ab critique vid\u00e9ographique \u00bb comme nouveau mode de r\u00e9flexion et de m\u00e9diatisation de la recherche, en amont de la journ\u00e9e d\u2019\u00e9tude sur ce th\u00e8me qui aura lieu le 15 octobre 2021, co-organis\u00e9e par les laboratoires LARCA et le CERILAC.<\/p>\n<p>Pour obtenir le lien zoom de la s\u00e9ance, merci d\u2019\u00e9crire \u00e0 ariane.hudelet ; martine.beugnet avant le 17 mai, midi.<\/p>\n<p>Bien cordialement,<\/p>\n<p>Ariane Hudelet et Martine Beugnet<\/p>\n","protected":false},"excerpt":{"rendered":"<p>Cher.e.s coll\u00e8gues, La prochaine s\u00e9ance du s\u00e9minaire Arts et Cultures Visuelles (UMR Larca, Universit\u00e9 de paris) aura lieu le lundi [&hellip;]<\/p>\n","protected":false},"author":1,"featured_media":0,"comment_status":"closed","ping_status":"open","sticky":false,"template":"","format":"standard","meta":{"_uag_custom_page_level_css":"","site-sidebar-layout":"default","site-content-layout":"","ast-site-content-layout":"default","site-content-style":"default","site-sidebar-style":"default","ast-global-header-display":"","ast-banner-title-visibility":"","ast-main-header-display":"","ast-hfb-above-header-display":"","ast-hfb-below-header-display":"","ast-hfb-mobile-header-display":"","site-post-title":"","ast-breadcrumbs-content":"","ast-featured-img":"","footer-sml-layout":"","ast-disable-related-posts":"","theme-transparent-header-meta":"","adv-header-id-meta":"","stick-header-meta":"","header-above-stick-meta":"","header-main-stick-meta":"","header-below-stick-meta":"","astra-migrate-meta-layouts":"default","ast-page-background-enabled":"default","ast-page-background-meta":{"desktop":{"background-color":"var(--ast-global-color-5)","background-image":"","background-repeat":"repeat","background-position":"center center","background-size":"auto","background-attachment":"scroll","background-type":"","background-media":"","overlay-type":"","overlay-color":"","overlay-opacity":"","overlay-gradient":""},"tablet":{"background-color":"","background-image":"","background-repeat":"repeat","background-position":"center center","background-size":"auto","background-attachment":"scroll","background-type":"","background-media":"","overlay-type":"","overlay-color":"","overlay-opacity":"","overlay-gradient":""},"mobile":{"background-color":"","background-image":"","background-repeat":"repeat","background-position":"center center","background-size":"auto","background-attachment":"scroll","background-type":"","background-media":"","overlay-type":"","overlay-color":"","overlay-opacity":"","overlay-gradient":""}},"ast-content-background-meta":{"desktop":{"background-color":"var(--ast-global-color-4)","background-image":"","background-repeat":"repeat","background-position":"center center","background-size":"auto","background-attachment":"scroll","background-type":"","background-media":"","overlay-type":"","overlay-color":"","overlay-opacity":"","overlay-gradient":""},"tablet":{"background-color":"var(--ast-global-color-4)","background-image":"","background-repeat":"repeat","background-position":"center center","background-size":"auto","background-attachment":"scroll","background-type":"","background-media":"","overlay-type":"","overlay-color":"","overlay-opacity":"","overlay-gradient":""},"mobile":{"background-color":"var(--ast-global-color-4)","background-image":"","background-repeat":"repeat","background-position":"center center","background-size":"auto","background-attachment":"scroll","background-type":"","background-media":"","overlay-type":"","overlay-color":"","overlay-opacity":"","overlay-gradient":""}},"_jetpack_memberships_contains_paid_content":false,"footnotes":""},"categories":[568],"tags":[375,374],"class_list":["post-1915","post","type-post","status-publish","format-standard","hentry","category-conference-symposium","tag-arts","tag-video"],"jetpack_featured_media_url":"","uagb_featured_image_src":{"full":false,"thumbnail":false,"medium":false,"medium_large":false,"large":false,"1536x1536":false,"2048x2048":false},"uagb_author_info":{"display_name":"Admin","author_link":"https:\/\/afea.fr\/news\/author\/yanb\/"},"uagb_comment_info":0,"uagb_excerpt":"Cher.e.s coll\u00e8gues, La prochaine s\u00e9ance du s\u00e9minaire Arts et Cultures Visuelles (UMR Larca, Universit\u00e9 de paris) aura lieu le lundi [&hellip;]","jetpack_sharing_enabled":true,"_links":{"self":[{"href":"https:\/\/afea.fr\/news\/wp-json\/wp\/v2\/posts\/1915"}],"collection":[{"href":"https:\/\/afea.fr\/news\/wp-json\/wp\/v2\/posts"}],"about":[{"href":"https:\/\/afea.fr\/news\/wp-json\/wp\/v2\/types\/post"}],"author":[{"embeddable":true,"href":"https:\/\/afea.fr\/news\/wp-json\/wp\/v2\/users\/1"}],"replies":[{"embeddable":true,"href":"https:\/\/afea.fr\/news\/wp-json\/wp\/v2\/comments?post=1915"}],"version-history":[{"count":2,"href":"https:\/\/afea.fr\/news\/wp-json\/wp\/v2\/posts\/1915\/revisions"}],"predecessor-version":[{"id":1927,"href":"https:\/\/afea.fr\/news\/wp-json\/wp\/v2\/posts\/1915\/revisions\/1927"}],"wp:attachment":[{"href":"https:\/\/afea.fr\/news\/wp-json\/wp\/v2\/media?parent=1915"}],"wp:term":[{"taxonomy":"category","embeddable":true,"href":"https:\/\/afea.fr\/news\/wp-json\/wp\/v2\/categories?post=1915"},{"taxonomy":"post_tag","embeddable":true,"href":"https:\/\/afea.fr\/news\/wp-json\/wp\/v2\/tags?post=1915"}],"curies":[{"name":"wp","href":"https:\/\/api.w.org\/{rel}","templated":true}]}}