{"id":1908,"date":"2021-05-10T19:28:56","date_gmt":"2021-05-10T17:28:56","guid":{"rendered":"https:\/\/afea.fr\/news\/conference\/prog-annonce-prochain-seminaire-liberalisme-le-lundi-17-mai-2021-de-17h30-a-19h00\/1908\/"},"modified":"2022-07-06T21:44:19","modified_gmt":"2022-07-06T19:44:19","slug":"prog-annonce-prochain-seminaire-liberalisme-le-lundi-17-mai-2021-de-17h30-a-19h00","status":"publish","type":"post","link":"https:\/\/afea.fr\/news\/conference-symposium\/prog-annonce-prochain-seminaire-liberalisme-le-lundi-17-mai-2021-de-17h30-a-19h00\/1908\/","title":{"rendered":"Annonce prochain s\u00e9minaire lib\u00e9ralisme le lundi 17 mai 2021 de 17h30 \u00e0 19h00"},"content":{"rendered":"<p>Ch\u00e8res et chers coll\u00e8gues,<\/p>\n<p>Le s\u00e9minaire transversal mensuel sur &quot;<strong>Le lib\u00e9ralisme dans tous ses E\/\u00e9tats<\/strong>&quot;, propos\u00e9 par les laboratoires <strong>ICD<\/strong> (Interactions culturelles et discursives &#8211; EA 6297) et <strong>IRJI<\/strong> (Institut de Recherche Juridique Interdisciplinaire &#8211; EA 7496) de l\u2019<strong>Universit\u00e9 de Tours<\/strong> continue, toujours en distanciel !<\/p>\n<p><strong>Lundi 17 mai 2021, de 17h30 \u00e0 19h00<\/strong><\/p>\n<p>Sous la pr\u00e9sidence de s\u00e9ance d&rsquo;<strong>Anthony Castet, <\/strong>Ma\u00eetre de conf\u00e9rences de civilisation am\u00e9ricaine \u00e0 l&rsquo;Universit\u00e9 de Tours<\/p>\n<p><strong>En visioconf\u00e9rence sur Teams par le lien suivant<\/strong> :<\/p>\n<p><a href=\"https:\/\/teams.microsoft.com\/l\/meetup-join\/19%3A9763694c168f4784a71396dd62cfca0f%40thread.tacv2\/1618391292904?context=%7B%22Tid%22%3A%2216150599-ebb0-4fcf-94a5-6010823c7bd5%22%2C%22Oid%22%3A%22bfb8f213-972a-4dc0-b8d2-cf103d4254e0%22%7D\">https:\/\/teams.microsoft.com\/l\/meetup-join\/19%3a9763694c168f4784a71396dd62cfca0f%40thread.tacv2\/1618391292904?context=%7b%22Tid%22%3a%2216150599-ebb0-4fcf-94a5-6010823c7bd5%22%2c%22Oid%22%3a%22bfb8f213-972a-4dc0-b8d2-cf103d4254e0%22%7d<\/a><\/p>\n<p><strong>Nous aurons le plaisir de recevoir :<\/strong><\/p>\n<p><strong> <strong>Fran\u00e7ois Vergniolle de Chantal<\/strong>, Professeur de civilisation am\u00e9ricaine \u00e0 l&rsquo;Universit\u00e9 de Paris<\/strong><\/p>\n<p>Sur<\/p>\n<p><strong>\u00ab <strong>Trump et le Parti r\u00e9publicain : la fin de l&rsquo;h\u00e9ritage Reaganien?<\/strong> \u00bb<\/strong><\/p>\n<p><strong>Pr\u00e9sentation de l&rsquo;intervention :<\/strong><\/p>\n<p>Cette intervention porte sur les mutations contemporaines du Parti r\u00e9publicain, dont Trump fut \u00e0 la fois un sympt\u00f4me et un acc\u00e9l\u00e9rateur. Le cycle \u00ab n\u00e9olib\u00e9ral \u00bb h\u00e9rit\u00e9 de Reagan est-il clos? Si oui, quelles sont les caract\u00e9ristiques de la p\u00e9riode qui s&rsquo;ouvre pour le Parti r\u00e9publicain? Le \u00ab trumpisme \u00bb n\u2019est pas une id\u00e9ologie alternative au \u00ab n\u00e9olib\u00e9ralisme \u00bb ou aux diff\u00e9rentes familles du conservatisme auxquelles il emprunte, ponctuellement et en fonction des enjeux, telle ou telle caract\u00e9ristique. De ce point de vue, le trumpisme serait d\u2019abord et avant tout un style, qui cherche \u00e0 s\u2019affranchir des interm\u00e9diaires, que ce soient les <em>checks and balances <\/em>traditionnels, les m\u00e9dias <em>mainstream<\/em>, les \u00e9lites de tous ordres (politique, partisane, intellectuelle) pour cultiver une imm\u00e9diatet\u00e9 de la responsabilit\u00e9 politique. N\u00e9anmoins, le trumpisme n&rsquo;est sans doute pas non plus une simple coquille vide qui se r\u00e9sume aux exc\u00e8s de Trump. Il est ainsi probable que la d\u00e9gradation des normes publiques (personnalisation \u00e0 outrance), ainsi que les principaux \u00e9l\u00e9ments de l&rsquo;agenda de l&rsquo;ex-pr\u00e9sident (immigration, isolationnisme), se p\u00e9rennisent car ils correspondent \u00e0 des \u00e9volutions profondes de l\u2019\u00e9lectorat r\u00e9publicain ou de la vie politique en g\u00e9n\u00e9ral (d\u00e9fiance citoyenne).<\/p>\n<p><strong>Pr\u00e9sentation de l&rsquo;intervenant :<\/strong><\/p>\n<p>Fran\u00e7ois Vergniolle de Chantal est professeur de civilisation am\u00e9ricaine \u00e0 l&rsquo;Universit\u00e9 de Paris. Il a publi\u00e9 <em>L&rsquo;impossible pr\u00e9sidence imp\u00e9riale<\/em> (Editions du CNRS) et un collectif <em>Obama&rsquo;s Fractured Legacy: The Politics and Policies of an Embattled Presidency<\/em> (Edinburgh UP, 2020). Il a co-dirig\u00e9 la revue <em>Politique Am\u00e9ricaine<\/em> de 2012 \u00e0 2019.<\/p>\n<p>Au plaisir de vous retrouver nombreux.<\/p>\n<p><strong>Les organisateurs : Anthony Castet, Nathalie A. Champroux, Alexis Chommeloux, Selma Josso, Nathalie Levy et St\u00e9phane Porion.<\/strong><\/p>\n","protected":false},"excerpt":{"rendered":"<p>Ch\u00e8res et chers coll\u00e8gues, Le s\u00e9minaire transversal mensuel sur &quot;Le lib\u00e9ralisme dans tous ses E\/\u00e9tats&quot;, propos\u00e9 par les laboratoires ICD [&hellip;]<\/p>\n","protected":false},"author":1,"featured_media":0,"comment_status":"closed","ping_status":"open","sticky":false,"template":"","format":"standard","meta":{"_uag_custom_page_level_css":"","site-sidebar-layout":"default","site-content-layout":"","ast-site-content-layout":"default","site-content-style":"default","site-sidebar-style":"default","ast-global-header-display":"","ast-banner-title-visibility":"","ast-main-header-display":"","ast-hfb-above-header-display":"","ast-hfb-below-header-display":"","ast-hfb-mobile-header-display":"","site-post-title":"","ast-breadcrumbs-content":"","ast-featured-img":"","footer-sml-layout":"","ast-disable-related-posts":"","theme-transparent-header-meta":"","adv-header-id-meta":"","stick-header-meta":"","header-above-stick-meta":"","header-main-stick-meta":"","header-below-stick-meta":"","astra-migrate-meta-layouts":"default","ast-page-background-enabled":"default","ast-page-background-meta":{"desktop":{"background-color":"var(--ast-global-color-5)","background-image":"","background-repeat":"repeat","background-position":"center center","background-size":"auto","background-attachment":"scroll","background-type":"","background-media":"","overlay-type":"","overlay-color":"","overlay-opacity":"","overlay-gradient":""},"tablet":{"background-color":"","background-image":"","background-repeat":"repeat","background-position":"center center","background-size":"auto","background-attachment":"scroll","background-type":"","background-media":"","overlay-type":"","overlay-color":"","overlay-opacity":"","overlay-gradient":""},"mobile":{"background-color":"","background-image":"","background-repeat":"repeat","background-position":"center center","background-size":"auto","background-attachment":"scroll","background-type":"","background-media":"","overlay-type":"","overlay-color":"","overlay-opacity":"","overlay-gradient":""}},"ast-content-background-meta":{"desktop":{"background-color":"var(--ast-global-color-4)","background-image":"","background-repeat":"repeat","background-position":"center center","background-size":"auto","background-attachment":"scroll","background-type":"","background-media":"","overlay-type":"","overlay-color":"","overlay-opacity":"","overlay-gradient":""},"tablet":{"background-color":"var(--ast-global-color-4)","background-image":"","background-repeat":"repeat","background-position":"center center","background-size":"auto","background-attachment":"scroll","background-type":"","background-media":"","overlay-type":"","overlay-color":"","overlay-opacity":"","overlay-gradient":""},"mobile":{"background-color":"var(--ast-global-color-4)","background-image":"","background-repeat":"repeat","background-position":"center center","background-size":"auto","background-attachment":"scroll","background-type":"","background-media":"","overlay-type":"","overlay-color":"","overlay-opacity":"","overlay-gradient":""}},"_jetpack_memberships_contains_paid_content":false,"footnotes":""},"categories":[568],"tags":[362,363,361],"class_list":["post-1908","post","type-post","status-publish","format-standard","hentry","category-conference-symposium","tag-reagan","tag-republican-party","tag-trump"],"jetpack_featured_media_url":"","uagb_featured_image_src":{"full":false,"thumbnail":false,"medium":false,"medium_large":false,"large":false,"1536x1536":false,"2048x2048":false},"uagb_author_info":{"display_name":"Admin","author_link":"https:\/\/afea.fr\/news\/author\/yanb\/"},"uagb_comment_info":0,"uagb_excerpt":"Ch\u00e8res et chers coll\u00e8gues, Le s\u00e9minaire transversal mensuel sur &quot;Le lib\u00e9ralisme dans tous ses E\/\u00e9tats&quot;, propos\u00e9 par les laboratoires ICD [&hellip;]","jetpack_sharing_enabled":true,"_links":{"self":[{"href":"https:\/\/afea.fr\/news\/wp-json\/wp\/v2\/posts\/1908"}],"collection":[{"href":"https:\/\/afea.fr\/news\/wp-json\/wp\/v2\/posts"}],"about":[{"href":"https:\/\/afea.fr\/news\/wp-json\/wp\/v2\/types\/post"}],"author":[{"embeddable":true,"href":"https:\/\/afea.fr\/news\/wp-json\/wp\/v2\/users\/1"}],"replies":[{"embeddable":true,"href":"https:\/\/afea.fr\/news\/wp-json\/wp\/v2\/comments?post=1908"}],"version-history":[{"count":1,"href":"https:\/\/afea.fr\/news\/wp-json\/wp\/v2\/posts\/1908\/revisions"}],"predecessor-version":[{"id":1934,"href":"https:\/\/afea.fr\/news\/wp-json\/wp\/v2\/posts\/1908\/revisions\/1934"}],"wp:attachment":[{"href":"https:\/\/afea.fr\/news\/wp-json\/wp\/v2\/media?parent=1908"}],"wp:term":[{"taxonomy":"category","embeddable":true,"href":"https:\/\/afea.fr\/news\/wp-json\/wp\/v2\/categories?post=1908"},{"taxonomy":"post_tag","embeddable":true,"href":"https:\/\/afea.fr\/news\/wp-json\/wp\/v2\/tags?post=1908"}],"curies":[{"name":"wp","href":"https:\/\/api.w.org\/{rel}","templated":true}]}}