{"id":1906,"date":"2021-05-06T17:29:30","date_gmt":"2021-05-06T15:29:30","guid":{"rendered":"https:\/\/afea.fr\/news\/seminar\/seminaire-universite-grenoble-alpes-covid-19-and-federalism-the-case-of-north-america\/1906\/"},"modified":"2021-05-13T09:48:53","modified_gmt":"2021-05-13T07:48:53","slug":"seminaire-universite-grenoble-alpes-covid-19-and-federalism-the-case-of-north-america","status":"publish","type":"post","link":"https:\/\/afea.fr\/news\/seminar\/seminaire-universite-grenoble-alpes-covid-19-and-federalism-the-case-of-north-america\/1906\/","title":{"rendered":"Universit\u00e9 Grenoble Alpes: COVID-19 and Federalism: the Case of North America"},"content":{"rendered":"<p>Chers coll\u00e8gues,<\/p>\n<p>Nous sommes heureux de vous inviter \u00e0 la troisi\u00e8me s\u00e9ance de <strong>notre s\u00e9minaire \u00ab\u00a0COVID-19 fronti\u00e8res internes et gouvernance r\u00e9gionale\u00a0\u00bb<\/strong> qui portera sur l&rsquo;Am\u00e9rique du Nord. Il se d\u00e9roulera <strong>le lundi 17 mai \u00e0 16h<\/strong> \u00e0 distance.<\/p>\n<p>Contactez nous pour obtenir le lien Zoom.<\/p>\n<p dir=\"ltr\">Ce s\u00e9minaire est organis\u00e9 par l&rsquo;axe transversal \u00ab\u00a0Migrations, fronti\u00e8res et relations internationales\u00a0\u00bb du laboratoire ILCEA4 de l&rsquo;Universit\u00e9 Grenoble-Alpes en partenariat avec l&rsquo;Institut des Am\u00e9riques.<\/p>\n<table cellpadding=\"3\" border=\"1\">\n<tbody>\n<tr>\n<td>COVID-19 and Federalism: the Case of North America<\/p>\n<p dir=\"ltr\">16.00 (Paris time) \/ 10.00 am (EST) : Accueil\/ Welcome<\/p>\n<p dir=\"ltr\">16.10-16.30 (Paris) \/ 10.10-10.30 am (EST): Sarah Gordon, David Jones and Nicole Huberfeld (Boston University): \u201cAmerican Public Health Federalism and the Response to the COVID-19 Pandemic\u201d<\/p>\n<p dir=\"ltr\">16.30-16.50 (Paris) \/ 10.30-10.50 am (EST): Rafael Mauricio Marrufo (Universidad Aut\u00f3noma de Ciudad Ju\u00e1rez), \u201cGovernance on the USA-Mexico border: the case of the cities of El Paso, Texas (USA) and Ciudad Ju\u00e1rez, Chihuahua (Mexico) in the face of the COVID 19 pandemic.\u201d<\/p>\n<p dir=\"ltr\">16.50-17.10 (Paris) \/ 10.50-11.10 (EST): Yves Laberge (Centre de recherche en \u00e9ducation et formation relatives \u00e0 l&rsquo;environnement et \u00e0 l&rsquo;\u00e9cocitoyennet\u00e9, Universit\u00e9 du Qu\u00e9bec), \u201cCOVID-19 Comes to Town: Public Health Narratives, Demographic Change, and Ideologies in Multicultural Canadian Society. Comparing Regional Responses\u201d.<\/p>\n<p>17.10-17.30 (Paris) \/ 11.10-11.30 (EST): Questions<\/td>\n<\/tr>\n<\/tbody>\n<\/table>\n<p dir=\"ltr\"> Esp\u00e9rant vous y voir nombreux !<\/p>\n<p dir=\"ltr\">Bien cordialement,<\/p>\n<p dir=\"ltr\">V\u00e9ronique Molinari et Pierre-Alexandre Beylier<\/p>\n","protected":false},"excerpt":{"rendered":"<p>Chers coll\u00e8gues, Nous sommes heureux de vous inviter \u00e0 la troisi\u00e8me s\u00e9ance de notre s\u00e9minaire \u00ab\u00a0COVID-19 fronti\u00e8res internes et gouvernance [&hellip;]<\/p>\n","protected":false},"author":1,"featured_media":0,"comment_status":"closed","ping_status":"open","sticky":false,"template":"","format":"standard","meta":{"_uag_custom_page_level_css":"","site-sidebar-layout":"default","site-content-layout":"","ast-site-content-layout":"default","site-content-style":"default","site-sidebar-style":"default","ast-global-header-display":"","ast-banner-title-visibility":"","ast-main-header-display":"","ast-hfb-above-header-display":"","ast-hfb-below-header-display":"","ast-hfb-mobile-header-display":"","site-post-title":"","ast-breadcrumbs-content":"","ast-featured-img":"","footer-sml-layout":"","ast-disable-related-posts":"","theme-transparent-header-meta":"","adv-header-id-meta":"","stick-header-meta":"","header-above-stick-meta":"","header-main-stick-meta":"","header-below-stick-meta":"","astra-migrate-meta-layouts":"default","ast-page-background-enabled":"default","ast-page-background-meta":{"desktop":{"background-color":"var(--ast-global-color-5)","background-image":"","background-repeat":"repeat","background-position":"center center","background-size":"auto","background-attachment":"scroll","background-type":"","background-media":"","overlay-type":"","overlay-color":"","overlay-opacity":"","overlay-gradient":""},"tablet":{"background-color":"","background-image":"","background-repeat":"repeat","background-position":"center center","background-size":"auto","background-attachment":"scroll","background-type":"","background-media":"","overlay-type":"","overlay-color":"","overlay-opacity":"","overlay-gradient":""},"mobile":{"background-color":"","background-image":"","background-repeat":"repeat","background-position":"center center","background-size":"auto","background-attachment":"scroll","background-type":"","background-media":"","overlay-type":"","overlay-color":"","overlay-opacity":"","overlay-gradient":""}},"ast-content-background-meta":{"desktop":{"background-color":"var(--ast-global-color-4)","background-image":"","background-repeat":"repeat","background-position":"center center","background-size":"auto","background-attachment":"scroll","background-type":"","background-media":"","overlay-type":"","overlay-color":"","overlay-opacity":"","overlay-gradient":""},"tablet":{"background-color":"var(--ast-global-color-4)","background-image":"","background-repeat":"repeat","background-position":"center center","background-size":"auto","background-attachment":"scroll","background-type":"","background-media":"","overlay-type":"","overlay-color":"","overlay-opacity":"","overlay-gradient":""},"mobile":{"background-color":"var(--ast-global-color-4)","background-image":"","background-repeat":"repeat","background-position":"center center","background-size":"auto","background-attachment":"scroll","background-type":"","background-media":"","overlay-type":"","overlay-color":"","overlay-opacity":"","overlay-gradient":""}},"_jetpack_memberships_contains_paid_content":false,"footnotes":""},"categories":[100],"tags":[356,357,359,360,358],"class_list":["post-1906","post","type-post","status-publish","format-standard","hentry","category-seminar","tag-covid-19","tag-federalism","tag-governance","tag-pandemic","tag-public-health"],"jetpack_featured_media_url":"","uagb_featured_image_src":{"full":false,"thumbnail":false,"medium":false,"medium_large":false,"large":false,"1536x1536":false,"2048x2048":false},"uagb_author_info":{"display_name":"Admin","author_link":"https:\/\/afea.fr\/news\/author\/yanb\/"},"uagb_comment_info":0,"uagb_excerpt":"Chers coll\u00e8gues, Nous sommes heureux de vous inviter \u00e0 la troisi\u00e8me s\u00e9ance de notre s\u00e9minaire \u00ab\u00a0COVID-19 fronti\u00e8res internes et gouvernance [&hellip;]","jetpack_sharing_enabled":true,"_links":{"self":[{"href":"https:\/\/afea.fr\/news\/wp-json\/wp\/v2\/posts\/1906"}],"collection":[{"href":"https:\/\/afea.fr\/news\/wp-json\/wp\/v2\/posts"}],"about":[{"href":"https:\/\/afea.fr\/news\/wp-json\/wp\/v2\/types\/post"}],"author":[{"embeddable":true,"href":"https:\/\/afea.fr\/news\/wp-json\/wp\/v2\/users\/1"}],"replies":[{"embeddable":true,"href":"https:\/\/afea.fr\/news\/wp-json\/wp\/v2\/comments?post=1906"}],"version-history":[{"count":2,"href":"https:\/\/afea.fr\/news\/wp-json\/wp\/v2\/posts\/1906\/revisions"}],"predecessor-version":[{"id":1941,"href":"https:\/\/afea.fr\/news\/wp-json\/wp\/v2\/posts\/1906\/revisions\/1941"}],"wp:attachment":[{"href":"https:\/\/afea.fr\/news\/wp-json\/wp\/v2\/media?parent=1906"}],"wp:term":[{"taxonomy":"category","embeddable":true,"href":"https:\/\/afea.fr\/news\/wp-json\/wp\/v2\/categories?post=1906"},{"taxonomy":"post_tag","embeddable":true,"href":"https:\/\/afea.fr\/news\/wp-json\/wp\/v2\/tags?post=1906"}],"curies":[{"name":"wp","href":"https:\/\/api.w.org\/{rel}","templated":true}]}}