{"id":1899,"date":"2021-05-10T10:13:04","date_gmt":"2021-05-10T08:13:04","guid":{"rendered":"https:\/\/afea.fr\/news\/conference\/prog-seminaire-du-cena-regina-grafe-sur-la-genese-pan-europeenne-de-la-traite-esclavagiste\/1899\/"},"modified":"2022-07-06T21:44:20","modified_gmt":"2022-07-06T19:44:20","slug":"prog-seminaire-du-cena-regina-grafe-sur-la-genese-pan-europeenne-de-la-traite-esclavagiste","status":"publish","type":"post","link":"https:\/\/afea.fr\/news\/conference-symposium\/prog-seminaire-du-cena-regina-grafe-sur-la-genese-pan-europeenne-de-la-traite-esclavagiste\/1899\/","title":{"rendered":"S\u00e9minaire du CENA: Regina Grafe, sur la gen\u00e8se pan-europ\u00e9enne de la traite esclavagiste"},"content":{"rendered":"<p>Ch\u00e8res et chers coll\u00e8gues,<\/p>\n<p>Le s\u00e9minaire <em>Recherches nord-am\u00e9ricanistes<\/em> du Centre d&rsquo;\u00e9tudes nord-am\u00e9ricaines de l&rsquo;EHESS se r\u00e9unira lundi prochain, 10 mai, de 14h \u00e0 16h en distanciel.<\/p>\n<p>Nous y recevrons <strong>Regina GRAFE<\/strong>, professeure d&rsquo;histoire \u00e9conomique \u00e0 l&rsquo;Institut universitaire europ\u00e9en de Florence, directrice d&rsquo;\u00e9tudes invit\u00e9e \u00e0 l&rsquo;EHESS en mai, sp\u00e9cialiste de l&#8217;empire espagnol \u00e0 l&rsquo;\u00e9poque moderne. Elle interviendra sur le sujet de la traite esclavagiste vers l&rsquo;Am\u00e9rique espagnole, et sa gen\u00e8se pan-europ\u00e9enne, dans une intervention intitul\u00e9e :<\/p>\n<p><strong>\u00ab Piezas de Indias and asientos: imperial regulation, commercial practices, and the pan-European genesis of the trade in enslaved Africans to Spanish America \u00bb<\/strong><\/p>\n<p>Le s\u00e9minaire se tiendra en distanciel, et est ouvert \u00e0 toutes et tous. Inscription pr\u00e9alable \u00e0 ce lien : <a href=\"http:\/\/listsem.ehess.fr\/courses\/87\/requests\/new\">http:\/\/listsem.ehess.fr\/courses\/87\/requests\/new<\/a><\/p>\n<p>Bien cordialement,<\/p>\n<p>Nicolas Barreyre<\/p>\n","protected":false},"excerpt":{"rendered":"<p>Ch\u00e8res et chers coll\u00e8gues, Le s\u00e9minaire Recherches nord-am\u00e9ricanistes du Centre d&rsquo;\u00e9tudes nord-am\u00e9ricaines de l&rsquo;EHESS se r\u00e9unira lundi prochain, 10 mai, [&hellip;]<\/p>\n","protected":false},"author":1,"featured_media":0,"comment_status":"closed","ping_status":"open","sticky":false,"template":"","format":"standard","meta":{"_uag_custom_page_level_css":"","site-sidebar-layout":"default","site-content-layout":"","ast-site-content-layout":"default","site-content-style":"default","site-sidebar-style":"default","ast-global-header-display":"","ast-banner-title-visibility":"","ast-main-header-display":"","ast-hfb-above-header-display":"","ast-hfb-below-header-display":"","ast-hfb-mobile-header-display":"","site-post-title":"","ast-breadcrumbs-content":"","ast-featured-img":"","footer-sml-layout":"","ast-disable-related-posts":"","theme-transparent-header-meta":"","adv-header-id-meta":"","stick-header-meta":"","header-above-stick-meta":"","header-main-stick-meta":"","header-below-stick-meta":"","astra-migrate-meta-layouts":"default","ast-page-background-enabled":"default","ast-page-background-meta":{"desktop":{"background-color":"var(--ast-global-color-5)","background-image":"","background-repeat":"repeat","background-position":"center center","background-size":"auto","background-attachment":"scroll","background-type":"","background-media":"","overlay-type":"","overlay-color":"","overlay-opacity":"","overlay-gradient":""},"tablet":{"background-color":"","background-image":"","background-repeat":"repeat","background-position":"center center","background-size":"auto","background-attachment":"scroll","background-type":"","background-media":"","overlay-type":"","overlay-color":"","overlay-opacity":"","overlay-gradient":""},"mobile":{"background-color":"","background-image":"","background-repeat":"repeat","background-position":"center center","background-size":"auto","background-attachment":"scroll","background-type":"","background-media":"","overlay-type":"","overlay-color":"","overlay-opacity":"","overlay-gradient":""}},"ast-content-background-meta":{"desktop":{"background-color":"var(--ast-global-color-4)","background-image":"","background-repeat":"repeat","background-position":"center center","background-size":"auto","background-attachment":"scroll","background-type":"","background-media":"","overlay-type":"","overlay-color":"","overlay-opacity":"","overlay-gradient":""},"tablet":{"background-color":"var(--ast-global-color-4)","background-image":"","background-repeat":"repeat","background-position":"center center","background-size":"auto","background-attachment":"scroll","background-type":"","background-media":"","overlay-type":"","overlay-color":"","overlay-opacity":"","overlay-gradient":""},"mobile":{"background-color":"var(--ast-global-color-4)","background-image":"","background-repeat":"repeat","background-position":"center center","background-size":"auto","background-attachment":"scroll","background-type":"","background-media":"","overlay-type":"","overlay-color":"","overlay-opacity":"","overlay-gradient":""}},"_jetpack_memberships_contains_paid_content":false,"footnotes":""},"categories":[568],"tags":[262,355],"class_list":["post-1899","post","type-post","status-publish","format-standard","hentry","category-conference-symposium","tag-slavery","tag-spanish-america"],"jetpack_featured_media_url":"","uagb_featured_image_src":{"full":false,"thumbnail":false,"medium":false,"medium_large":false,"large":false,"1536x1536":false,"2048x2048":false},"uagb_author_info":{"display_name":"Admin","author_link":"https:\/\/afea.fr\/news\/author\/yanb\/"},"uagb_comment_info":0,"uagb_excerpt":"Ch\u00e8res et chers coll\u00e8gues, Le s\u00e9minaire Recherches nord-am\u00e9ricanistes du Centre d&rsquo;\u00e9tudes nord-am\u00e9ricaines de l&rsquo;EHESS se r\u00e9unira lundi prochain, 10 mai, [&hellip;]","jetpack_sharing_enabled":true,"_links":{"self":[{"href":"https:\/\/afea.fr\/news\/wp-json\/wp\/v2\/posts\/1899"}],"collection":[{"href":"https:\/\/afea.fr\/news\/wp-json\/wp\/v2\/posts"}],"about":[{"href":"https:\/\/afea.fr\/news\/wp-json\/wp\/v2\/types\/post"}],"author":[{"embeddable":true,"href":"https:\/\/afea.fr\/news\/wp-json\/wp\/v2\/users\/1"}],"replies":[{"embeddable":true,"href":"https:\/\/afea.fr\/news\/wp-json\/wp\/v2\/comments?post=1899"}],"version-history":[{"count":1,"href":"https:\/\/afea.fr\/news\/wp-json\/wp\/v2\/posts\/1899\/revisions"}],"predecessor-version":[{"id":1936,"href":"https:\/\/afea.fr\/news\/wp-json\/wp\/v2\/posts\/1899\/revisions\/1936"}],"wp:attachment":[{"href":"https:\/\/afea.fr\/news\/wp-json\/wp\/v2\/media?parent=1899"}],"wp:term":[{"taxonomy":"category","embeddable":true,"href":"https:\/\/afea.fr\/news\/wp-json\/wp\/v2\/categories?post=1899"},{"taxonomy":"post_tag","embeddable":true,"href":"https:\/\/afea.fr\/news\/wp-json\/wp\/v2\/tags?post=1899"}],"curies":[{"name":"wp","href":"https:\/\/api.w.org\/{rel}","templated":true}]}}