{"id":1869,"date":"2021-04-29T22:27:28","date_gmt":"2021-04-29T20:27:28","guid":{"rendered":"https:\/\/afea.fr\/news\/seminar\/seminaire-search-10-mai-elsa-grassy\/1869\/"},"modified":"2021-05-13T09:49:31","modified_gmt":"2021-05-13T07:49:31","slug":"seminaire-search-10-mai-elsa-grassy","status":"publish","type":"post","link":"https:\/\/afea.fr\/news\/seminar\/seminaire-search-10-mai-elsa-grassy\/1869\/","title":{"rendered":"SEARCH 10 mai, Elsa Grassy"},"content":{"rendered":"<p>Ch\u00e8res et chers coll\u00e8gues,<\/p>\n<p>L\u2019\u00e9quipe SEARCH du d\u00e9partement d\u2019\u00e9tudes anglophones de Strasbourg organise un s\u00e9minaire avec Elsa Grassy (Universit\u00e9 de Strasbourg) le lundi 10 mai, 10h-12h.<\/p>\n<p>Elsa Grassy fera une communication intitul\u00e9e \u00ab The musician as historian. African-American claims to citizenship through compositions, covers and arrangements \u00bb.<\/p>\n<p>R\u00e9sum\u00e9 de la communication:<\/p>\n<p>Duke Ellington\u2019s Black, Brown and Beige: A Tone Parallel to the History of the American Negro, which premiered at Carnegie Hall on January 23, 1943, is one of the earliest examples of how African American musicians have used music to provide addenda, correctives or counterpoints to official versions of American history and to write themselves into the national narrative. In addition to programmatic music, which makes its connections to history explicit through text, artists can resort to an extensive array of musical devices which are inherently historical. Musical quotations (eg samples) and song covers allow for a layering of time frames and subjectivities which can be used for comment, contradiction, parody or appropriation.<br \/>\nThis presentation will explore the historiographical uses of music in the work of two contemporary African American artists &#8211; Rhiannon Giddens and Jon Batiste &#8211; and show how their musical dialog with such symbols of Americanness as the banjo or the \u201cStar-Spangled Banner\u201d can be considered as statements of black citizenship.<\/p>\n<p>L\u2019affiche et le r\u00e9sum\u00e9 sont disponibles sur le site de SEARCH : <a href=\"https:\/\/langues.unistra.fr\/search\/agenda\/evenement\/news\/seminaire-search-2\/\">https:\/\/langues.unistra.fr\/search\/agenda\/evenement\/news\/seminaire-search-2\/<\/a><\/p>\n<p>Mod\u00e9rateur: Ghislain Potriquet.<\/p>\n<p>Le s\u00e9minaire aura lieu en ligne. Si vous souhaitez assister, je vous prie de me contacter.<\/p>\n<p>Bien cordialement,<br \/>\nMonica Manolescu<\/p>\n","protected":false},"excerpt":{"rendered":"<p>Ch\u00e8res et chers coll\u00e8gues, L\u2019\u00e9quipe SEARCH du d\u00e9partement d\u2019\u00e9tudes anglophones de Strasbourg organise un s\u00e9minaire avec Elsa Grassy (Universit\u00e9 de [&hellip;]<\/p>\n","protected":false},"author":1,"featured_media":0,"comment_status":"closed","ping_status":"open","sticky":false,"template":"","format":"standard","meta":{"_uag_custom_page_level_css":"","site-sidebar-layout":"default","site-content-layout":"","ast-site-content-layout":"default","site-content-style":"default","site-sidebar-style":"default","ast-global-header-display":"","ast-banner-title-visibility":"","ast-main-header-display":"","ast-hfb-above-header-display":"","ast-hfb-below-header-display":"","ast-hfb-mobile-header-display":"","site-post-title":"","ast-breadcrumbs-content":"","ast-featured-img":"","footer-sml-layout":"","ast-disable-related-posts":"","theme-transparent-header-meta":"","adv-header-id-meta":"","stick-header-meta":"","header-above-stick-meta":"","header-main-stick-meta":"","header-below-stick-meta":"","astra-migrate-meta-layouts":"default","ast-page-background-enabled":"default","ast-page-background-meta":{"desktop":{"background-color":"var(--ast-global-color-5)","background-image":"","background-repeat":"repeat","background-position":"center center","background-size":"auto","background-attachment":"scroll","background-type":"","background-media":"","overlay-type":"","overlay-color":"","overlay-opacity":"","overlay-gradient":""},"tablet":{"background-color":"","background-image":"","background-repeat":"repeat","background-position":"center center","background-size":"auto","background-attachment":"scroll","background-type":"","background-media":"","overlay-type":"","overlay-color":"","overlay-opacity":"","overlay-gradient":""},"mobile":{"background-color":"","background-image":"","background-repeat":"repeat","background-position":"center center","background-size":"auto","background-attachment":"scroll","background-type":"","background-media":"","overlay-type":"","overlay-color":"","overlay-opacity":"","overlay-gradient":""}},"ast-content-background-meta":{"desktop":{"background-color":"var(--ast-global-color-4)","background-image":"","background-repeat":"repeat","background-position":"center center","background-size":"auto","background-attachment":"scroll","background-type":"","background-media":"","overlay-type":"","overlay-color":"","overlay-opacity":"","overlay-gradient":""},"tablet":{"background-color":"var(--ast-global-color-4)","background-image":"","background-repeat":"repeat","background-position":"center center","background-size":"auto","background-attachment":"scroll","background-type":"","background-media":"","overlay-type":"","overlay-color":"","overlay-opacity":"","overlay-gradient":""},"mobile":{"background-color":"var(--ast-global-color-4)","background-image":"","background-repeat":"repeat","background-position":"center center","background-size":"auto","background-attachment":"scroll","background-type":"","background-media":"","overlay-type":"","overlay-color":"","overlay-opacity":"","overlay-gradient":""}},"_jetpack_memberships_contains_paid_content":false,"footnotes":""},"categories":[100],"tags":[287,116,348],"class_list":["post-1869","post","type-post","status-publish","format-standard","hentry","category-seminar","tag-african-american","tag-history","tag-music"],"jetpack_featured_media_url":"","uagb_featured_image_src":{"full":false,"thumbnail":false,"medium":false,"medium_large":false,"large":false,"1536x1536":false,"2048x2048":false},"uagb_author_info":{"display_name":"Admin","author_link":"https:\/\/afea.fr\/news\/author\/yanb\/"},"uagb_comment_info":0,"uagb_excerpt":"Ch\u00e8res et chers coll\u00e8gues, L\u2019\u00e9quipe SEARCH du d\u00e9partement d\u2019\u00e9tudes anglophones de Strasbourg organise un s\u00e9minaire avec Elsa Grassy (Universit\u00e9 de [&hellip;]","jetpack_sharing_enabled":true,"_links":{"self":[{"href":"https:\/\/afea.fr\/news\/wp-json\/wp\/v2\/posts\/1869"}],"collection":[{"href":"https:\/\/afea.fr\/news\/wp-json\/wp\/v2\/posts"}],"about":[{"href":"https:\/\/afea.fr\/news\/wp-json\/wp\/v2\/types\/post"}],"author":[{"embeddable":true,"href":"https:\/\/afea.fr\/news\/wp-json\/wp\/v2\/users\/1"}],"replies":[{"embeddable":true,"href":"https:\/\/afea.fr\/news\/wp-json\/wp\/v2\/comments?post=1869"}],"version-history":[{"count":2,"href":"https:\/\/afea.fr\/news\/wp-json\/wp\/v2\/posts\/1869\/revisions"}],"predecessor-version":[{"id":1942,"href":"https:\/\/afea.fr\/news\/wp-json\/wp\/v2\/posts\/1869\/revisions\/1942"}],"wp:attachment":[{"href":"https:\/\/afea.fr\/news\/wp-json\/wp\/v2\/media?parent=1869"}],"wp:term":[{"taxonomy":"category","embeddable":true,"href":"https:\/\/afea.fr\/news\/wp-json\/wp\/v2\/categories?post=1869"},{"taxonomy":"post_tag","embeddable":true,"href":"https:\/\/afea.fr\/news\/wp-json\/wp\/v2\/tags?post=1869"}],"curies":[{"name":"wp","href":"https:\/\/api.w.org\/{rel}","templated":true}]}}