{"id":1840,"date":"2020-11-05T23:46:00","date_gmt":"2020-11-05T22:46:00","guid":{"rendered":"https:\/\/afea.fr\/news\/soutenance\/elsie-demarchelier-pean-soutenance-de-these-le-reve-americain-dans-le-discours-politique-depuis-les-annee-s-1960-crises-et-ruptures\/1840\/"},"modified":"2021-05-13T10:12:04","modified_gmt":"2021-05-13T08:12:04","slug":"elsie-demarchelier-pean-soutenance-de-these-le-reve-americain-dans-le-discours-politique-depuis-les-annee-s-1960-crises-et-ruptures","status":"publish","type":"post","link":"https:\/\/afea.fr\/news\/soutenance\/elsie-demarchelier-pean-soutenance-de-these-le-reve-americain-dans-le-discours-politique-depuis-les-annee-s-1960-crises-et-ruptures\/1840\/","title":{"rendered":"Elsie Demarchelier P\u00e9an \u00a0\u00bb Le r\u00eave am\u00e9ricain dans le discours politique depuis les ann\u00e9es 1960 : crises et ruptures \u00ab\u00a0"},"content":{"rendered":"<p>Ch\u00e8res et chers coll\u00e8gues,<\/p>\n<p>Madame Madame Elsie Demarchelier P\u00e9an soutiendra sa th\u00e8se de Doctorat<br \/>\nintitul\u00e9e \u00ab\u00a0\u00a0\u00bbLe r\u00eave am\u00e9ricain dans le discours politique depuis les<br \/>\nann\u00e9es 1960 : crises et ruptures\u00a0\u00bb, le vendredi 13 novembre 2020, \u00e014:30,<br \/>\npar visio-conf\u00e9rence.<\/p>\n<p>Le jury sera compos\u00e9 de :<\/p>\n<p>M. Luc BENO\u00ceT \u00c0 LA GUILLAUME \u2013 Professeur des Universit\u00e9s, Universit\u00e9 de<br \/>\nRouen, rapporteur<br \/>\nM. Andrew DIAMOND \u2013 Professeur des Universit\u00e9s, Sorbonne Universit\u00e9<br \/>\nM. Olivier FRAYSS\u00c9 \u2013 Professeur \u00e9m\u00e9rite des Universit\u00e9s, Sorbonne<br \/>\nUniversit\u00e9, directeur<br \/>\nM. Bernard GENTON \u2013 Professeur \u00e9m\u00e9rite des Universit\u00e9s, Universit\u00e9 de<br \/>\nStrasbourg, rapporteur<br \/>\nAur\u00e9lie GODET, Ma\u00eetresse de conf\u00e9rences, Universit\u00e9 de Paris<br \/>\nM. Fran\u00e7ois VERGNIOLLE DE CHANTAL \u2013 Professeur des Universit\u00e9s,<br \/>\nUniversit\u00e9 de Paris<\/p>\n<p>La soutenance sera publique. Les personnes qui en feront la demande<br \/>\naupr\u00e8s de olivier.fraysse<br \/>\n&lt;mailto:olivier.fraysse&gt; recevront un lien leur<br \/>\npermettant d\u2019y assister apr\u00e8s s\u2019\u00eatre identifi\u00e9.<br \/>\nOlivier Frayss\u00e9<\/p>\n","protected":false},"excerpt":{"rendered":"<p>Ch\u00e8res et chers coll\u00e8gues, Madame Madame Elsie Demarchelier P\u00e9an soutiendra sa th\u00e8se de Doctorat intitul\u00e9e \u00ab\u00a0\u00a0\u00bbLe r\u00eave am\u00e9ricain dans le [&hellip;]<\/p>\n","protected":false},"author":1,"featured_media":0,"comment_status":"closed","ping_status":"open","sticky":false,"template":"","format":"standard","meta":{"_uag_custom_page_level_css":"","site-sidebar-layout":"default","site-content-layout":"default","ast-site-content-layout":"default","site-content-style":"default","site-sidebar-style":"default","ast-global-header-display":"","ast-banner-title-visibility":"","ast-main-header-display":"","ast-hfb-above-header-display":"","ast-hfb-below-header-display":"","ast-hfb-mobile-header-display":"","site-post-title":"","ast-breadcrumbs-content":"","ast-featured-img":"","footer-sml-layout":"","ast-disable-related-posts":"","theme-transparent-header-meta":"default","adv-header-id-meta":"","stick-header-meta":"","header-above-stick-meta":"","header-main-stick-meta":"","header-below-stick-meta":"","astra-migrate-meta-layouts":"default","ast-page-background-enabled":"default","ast-page-background-meta":{"desktop":{"background-color":"var(--ast-global-color-5)","background-image":"","background-repeat":"repeat","background-position":"center center","background-size":"auto","background-attachment":"scroll","background-type":"","background-media":"","overlay-type":"","overlay-color":"","overlay-opacity":"","overlay-gradient":""},"tablet":{"background-color":"","background-image":"","background-repeat":"repeat","background-position":"center center","background-size":"auto","background-attachment":"scroll","background-type":"","background-media":"","overlay-type":"","overlay-color":"","overlay-opacity":"","overlay-gradient":""},"mobile":{"background-color":"","background-image":"","background-repeat":"repeat","background-position":"center center","background-size":"auto","background-attachment":"scroll","background-type":"","background-media":"","overlay-type":"","overlay-color":"","overlay-opacity":"","overlay-gradient":""}},"ast-content-background-meta":{"desktop":{"background-color":"var(--ast-global-color-4)","background-image":"","background-repeat":"repeat","background-position":"center center","background-size":"auto","background-attachment":"scroll","background-type":"","background-media":"","overlay-type":"","overlay-color":"","overlay-opacity":"","overlay-gradient":""},"tablet":{"background-color":"var(--ast-global-color-4)","background-image":"","background-repeat":"repeat","background-position":"center center","background-size":"auto","background-attachment":"scroll","background-type":"","background-media":"","overlay-type":"","overlay-color":"","overlay-opacity":"","overlay-gradient":""},"mobile":{"background-color":"var(--ast-global-color-4)","background-image":"","background-repeat":"repeat","background-position":"center center","background-size":"auto","background-attachment":"scroll","background-type":"","background-media":"","overlay-type":"","overlay-color":"","overlay-opacity":"","overlay-gradient":""}},"_jetpack_memberships_contains_paid_content":false,"footnotes":""},"categories":[102],"tags":[327,328,325],"class_list":["post-1840","post","type-post","status-publish","format-standard","hentry","category-soutenance","tag-american-dream","tag-political-discourse","tag-thesis"],"jetpack_featured_media_url":"","uagb_featured_image_src":{"full":false,"thumbnail":false,"medium":false,"medium_large":false,"large":false,"1536x1536":false,"2048x2048":false},"uagb_author_info":{"display_name":"Admin","author_link":"https:\/\/afea.fr\/news\/author\/yanb\/"},"uagb_comment_info":0,"uagb_excerpt":"Ch\u00e8res et chers coll\u00e8gues, Madame Madame Elsie Demarchelier P\u00e9an soutiendra sa th\u00e8se de Doctorat intitul\u00e9e \u00ab\u00a0\u00a0\u00bbLe r\u00eave am\u00e9ricain dans le [&hellip;]","jetpack_sharing_enabled":true,"_links":{"self":[{"href":"https:\/\/afea.fr\/news\/wp-json\/wp\/v2\/posts\/1840"}],"collection":[{"href":"https:\/\/afea.fr\/news\/wp-json\/wp\/v2\/posts"}],"about":[{"href":"https:\/\/afea.fr\/news\/wp-json\/wp\/v2\/types\/post"}],"author":[{"embeddable":true,"href":"https:\/\/afea.fr\/news\/wp-json\/wp\/v2\/users\/1"}],"replies":[{"embeddable":true,"href":"https:\/\/afea.fr\/news\/wp-json\/wp\/v2\/comments?post=1840"}],"version-history":[{"count":3,"href":"https:\/\/afea.fr\/news\/wp-json\/wp\/v2\/posts\/1840\/revisions"}],"predecessor-version":[{"id":1961,"href":"https:\/\/afea.fr\/news\/wp-json\/wp\/v2\/posts\/1840\/revisions\/1961"}],"wp:attachment":[{"href":"https:\/\/afea.fr\/news\/wp-json\/wp\/v2\/media?parent=1840"}],"wp:term":[{"taxonomy":"category","embeddable":true,"href":"https:\/\/afea.fr\/news\/wp-json\/wp\/v2\/categories?post=1840"},{"taxonomy":"post_tag","embeddable":true,"href":"https:\/\/afea.fr\/news\/wp-json\/wp\/v2\/tags?post=1840"}],"curies":[{"name":"wp","href":"https:\/\/api.w.org\/{rel}","templated":true}]}}