{"id":1802,"date":"2021-04-26T19:11:02","date_gmt":"2021-04-26T17:11:02","guid":{"rendered":"https:\/\/afea.fr\/news\/publication\/eric-agbessi-ed-art-et-innovation-sociale\/1802\/"},"modified":"2021-04-26T19:11:02","modified_gmt":"2021-04-26T17:11:02","slug":"eric-agbessi-ed-art-et-innovation-sociale","status":"publish","type":"post","link":"https:\/\/afea.fr\/news\/publication\/eric-agbessi-ed-art-et-innovation-sociale\/1802\/","title":{"rendered":"\u00c9ric Agbessi (\u00e9d.), <em>Art et innovation sociale<\/em>"},"content":{"rendered":"<p>Vient de para\u00eetre:<\/p>\n<p>\/ART ET INNOVATION SOCIALE. D\u00e9finitions citoyennes et territoriales\/. Sous la direction d\u2019\u00c9ric Agbessi, Universit\u00e9 de Clermont Auvergne, Paris, L\u2019Harmattan, avril 2021.<\/p>\n<p><a href=\"https:\/\/www.editions-harmattan.fr\/livre-art_et_innovation_sociale_definitions_citoyennes_et_territoriales_eric_agbessi-9782343225982-69655.html\">https:\/\/www.editions-harmattan.fr\/livre-art_et_innovation_sociale_definitions_citoyennes_et_territoriales_eric_agbessi-9782343225982-69655.html<\/a><\/p>\n<p>Comment l\u2019art contribue-t-il non seulement \u00e0 la r\u00e9duction de l\u2019incommunication, mais participe-t-ilaussi \u00e0 la construction de communs conduisant \u00e0 une innovation sociale indispensable \u00e0 la croissance ou au d\u00e9veloppement de nos soci\u00e9t\u00e9s ? La question centrale de cet ouvrage est abord\u00e9e au travers des sciences de l\u2019information et de la communication dans un cadre civilisationnel recr\u00e9ant le lien entre l\u2019Afrique, l\u2019Am\u00e9rique et l\u2019Europe, pour mieux comprendre la fa\u00e7on dont le concept de diversit\u00e9 a \u00e9volu\u00e9 depuis la Renaissance de Harlem dans les ann\u00e9es 1920 ou \u00e0 la suite de la d\u00e9colonisation des empires fran\u00e7ais et britannique et du mouvement am\u00e9ricain de lutte pour les droits civiques des ann\u00e9es 1960.<\/p>\n<p>Ont contribu\u00e9 \u00e0 cet ouvrage:<\/p>\n<p>Eric Agbessi,*\/Art et innovation sociale.\/*<\/p>\n<p>\u00c9ric Dacheux,*\/ L\u2019art, lieu de culture de l\u2019incommunication.\/*<\/p>\n<p>Pierre David,*\/Art et innovation sociale d\u00e9voil\u00e9s par Pierre David.\/*<\/p>\n<p>Christine Dual\u00e9,*\/La Renaissance de Harlem : une r\u00e9g\u00e9n\u00e9ration artistique, intellectuelle et culturelle.\/*<\/p>\n<p>Nicolas Duracka, Sarah Valroff,*\/Entre stigmatisation et incommunication, la place du levier artistique dans l&rsquo;aspiration sociale port\u00e9s par les habitants des Quartiers Nord de Clermont-Ferrand\/*<\/p>\n<p>Anne-Lise Mialhe,*\/Les politiques d\u2019innovation sociale en faveur des minorit\u00e9s : le r\u00f4le de l\u2019art visuel et des artistes aux Etats-Unis.\/*<\/p>\n<p>J\u00e9r\u00f4me P\u00e9ri,*\/Les enjeux des \u00e9volutions des strat\u00e9gies actorielles dans le cadre de la valorisation du territoire et de ses ressources patrimoniales.\/*<\/p>\n<p>Marie-Julie Catoir-Brisson,Thomas Watkin,*\/Quand le design social renouvelle les m\u00e9thodes de recherche en sciences humaines et sociales. Retour r\u00e9flexif sur deux recherches-projets en sant\u00e9 et habitat\/*\/\/<\/p>\n","protected":false},"excerpt":{"rendered":"<p>Vient de para\u00eetre: \/ART ET INNOVATION SOCIALE. D\u00e9finitions citoyennes et territoriales\/. Sous la direction d\u2019\u00c9ric Agbessi, Universit\u00e9 de Clermont Auvergne, [&hellip;]<\/p>\n","protected":false},"author":1,"featured_media":0,"comment_status":"","ping_status":"open","sticky":false,"template":"","format":"standard","meta":{"_uag_custom_page_level_css":"","site-sidebar-layout":"default","site-content-layout":"","ast-site-content-layout":"default","site-content-style":"default","site-sidebar-style":"default","ast-global-header-display":"","ast-banner-title-visibility":"","ast-main-header-display":"","ast-hfb-above-header-display":"","ast-hfb-below-header-display":"","ast-hfb-mobile-header-display":"","site-post-title":"","ast-breadcrumbs-content":"","ast-featured-img":"","footer-sml-layout":"","ast-disable-related-posts":"","theme-transparent-header-meta":"","adv-header-id-meta":"","stick-header-meta":"","header-above-stick-meta":"","header-main-stick-meta":"","header-below-stick-meta":"","astra-migrate-meta-layouts":"default","ast-page-background-enabled":"default","ast-page-background-meta":{"desktop":{"background-color":"var(--ast-global-color-5)","background-image":"","background-repeat":"repeat","background-position":"center center","background-size":"auto","background-attachment":"scroll","background-type":"","background-media":"","overlay-type":"","overlay-color":"","overlay-opacity":"","overlay-gradient":""},"tablet":{"background-color":"","background-image":"","background-repeat":"repeat","background-position":"center center","background-size":"auto","background-attachment":"scroll","background-type":"","background-media":"","overlay-type":"","overlay-color":"","overlay-opacity":"","overlay-gradient":""},"mobile":{"background-color":"","background-image":"","background-repeat":"repeat","background-position":"center center","background-size":"auto","background-attachment":"scroll","background-type":"","background-media":"","overlay-type":"","overlay-color":"","overlay-opacity":"","overlay-gradient":""}},"ast-content-background-meta":{"desktop":{"background-color":"var(--ast-global-color-4)","background-image":"","background-repeat":"repeat","background-position":"center center","background-size":"auto","background-attachment":"scroll","background-type":"","background-media":"","overlay-type":"","overlay-color":"","overlay-opacity":"","overlay-gradient":""},"tablet":{"background-color":"var(--ast-global-color-4)","background-image":"","background-repeat":"repeat","background-position":"center center","background-size":"auto","background-attachment":"scroll","background-type":"","background-media":"","overlay-type":"","overlay-color":"","overlay-opacity":"","overlay-gradient":""},"mobile":{"background-color":"var(--ast-global-color-4)","background-image":"","background-repeat":"repeat","background-position":"center center","background-size":"auto","background-attachment":"scroll","background-type":"","background-media":"","overlay-type":"","overlay-color":"","overlay-opacity":"","overlay-gradient":""}},"_jetpack_memberships_contains_paid_content":false,"footnotes":""},"categories":[103],"tags":[215,301],"class_list":["post-1802","post","type-post","status-publish","format-standard","hentry","category-publication","tag-art","tag-social-innovation"],"jetpack_featured_media_url":"","uagb_featured_image_src":{"full":false,"thumbnail":false,"medium":false,"medium_large":false,"large":false,"1536x1536":false,"2048x2048":false},"uagb_author_info":{"display_name":"Admin","author_link":"https:\/\/afea.fr\/news\/author\/yanb\/"},"uagb_comment_info":0,"uagb_excerpt":"Vient de para\u00eetre: \/ART ET INNOVATION SOCIALE. D\u00e9finitions citoyennes et territoriales\/. Sous la direction d\u2019\u00c9ric Agbessi, Universit\u00e9 de Clermont Auvergne, [&hellip;]","jetpack_sharing_enabled":true,"_links":{"self":[{"href":"https:\/\/afea.fr\/news\/wp-json\/wp\/v2\/posts\/1802"}],"collection":[{"href":"https:\/\/afea.fr\/news\/wp-json\/wp\/v2\/posts"}],"about":[{"href":"https:\/\/afea.fr\/news\/wp-json\/wp\/v2\/types\/post"}],"author":[{"embeddable":true,"href":"https:\/\/afea.fr\/news\/wp-json\/wp\/v2\/users\/1"}],"replies":[{"embeddable":true,"href":"https:\/\/afea.fr\/news\/wp-json\/wp\/v2\/comments?post=1802"}],"version-history":[{"count":0,"href":"https:\/\/afea.fr\/news\/wp-json\/wp\/v2\/posts\/1802\/revisions"}],"wp:attachment":[{"href":"https:\/\/afea.fr\/news\/wp-json\/wp\/v2\/media?parent=1802"}],"wp:term":[{"taxonomy":"category","embeddable":true,"href":"https:\/\/afea.fr\/news\/wp-json\/wp\/v2\/categories?post=1802"},{"taxonomy":"post_tag","embeddable":true,"href":"https:\/\/afea.fr\/news\/wp-json\/wp\/v2\/tags?post=1802"}],"curies":[{"name":"wp","href":"https:\/\/api.w.org\/{rel}","templated":true}]}}