{"id":1703,"date":"2019-11-25T13:38:00","date_gmt":"2019-11-25T12:38:00","guid":{"rendered":"http:\/\/localhost\/news\/?p=1703"},"modified":"2021-05-13T10:17:34","modified_gmt":"2021-05-13T08:17:34","slug":"in-memoriam-michel-bandry","status":"publish","type":"post","link":"https:\/\/afea.fr\/news\/in-memoriam\/in-memoriam-michel-bandry\/1703\/","title":{"rendered":"Michel Bandry"},"content":{"rendered":"\n<p>Michel Bandry nous a quitt\u00e9s. Beaucoup de ceux qui l\u2019ont connu en seront surpris. Pendant deux ans, il s\u2019est battu avec un courage admirable contre l\u2019horrible maladie de Charcot. M\u00eame ceux qui, comme moi, ont pu suivre l\u2019\u00e9volution tr\u00e8s rapide de la maladie restent incr\u00e9dules devant cette disparition soudaine.<\/p>\n\n\n\n<p>Le parcours professionnel de Michel Bandry est exemplaire, d\u2019autant plus que contrairement \u00e0 tous ceux qui ont re\u00e7u le soutien de parents ais\u00e9s, il a d\u00fb se battre pied \u00e0 pied pour franchir les obstacles successifs qui l\u2019ont conduit du baccalaur\u00e9at (obtenu par le CNED, tout en travaillant comme surveillant d\u2019internat) au poste de professeur des universit\u00e9s, puis \u00e0 la pr\u00e9sidence du CAPES et \u00e0 celle du Comit\u00e9 Consultatif des Universit\u00e9s.<\/p>\n\n\n\n<p>Je connaissais Michel depuis plus de dix ans lorsqu\u2019en 1989, Daniel Royot, qui enseignait \u00e0 l\u2019Universit\u00e9 Paul-Val\u00e9ry de Montpellier, nous a propos\u00e9 de postuler ensemble aux deux postes de professeur qui \u00e9taient vacants : le sien (pour Michel), et celui de Claude Richard, r\u00e9cemment d\u00e9c\u00e9d\u00e9, pour moi. Michel avait enseign\u00e9 successivement \u00e0 Aix-Marseille et \u00e0 Nice. Nous avons donc rejoint l\u2019UPV en m\u00eame temps, et\u00a0 nous avons travaill\u00e9 en parfaite harmonie, de 1989 \u00e0 2004, date de notre retraite commune, nous partageant les cours de litt\u00e9rature et de civilisation \u2014 partage facilit\u00e9 par nos sp\u00e9cialit\u00e9s respectives : le Sud pour lui, la Nouvelle-Angleterre pour moi. Michel a assez vite accept\u00e9 la responsabilit\u00e9 de l\u2019UFR 2, qu\u2019il a g\u00e9r\u00e9e avec autorit\u00e9, rigueur et\u00a0 humanit\u00e9 \u2014 trois qualit\u00e9s qui vont rarement de pair. Il a ensuite \u00e9t\u00e9 pr\u00e9sident du jury de CAPES. Je n\u2019en ai pas \u00e9t\u00e9 membre, mais je sais par ceux qui l\u2019y ont second\u00e9 qu\u2019il y a manifest\u00e9 les m\u00eames qualit\u00e9s. Enfin, et surtout, il a \u00e9t\u00e9 vice-pr\u00e9sident, puis pr\u00e9sident de la 11\u00e8me section du CNU. J\u2019y ai \u00e9t\u00e9 nomm\u00e9 lorsqu\u2019il a acc\u00e9d\u00e9 \u00e0 la pr\u00e9sidence, et ai donc pu constater, lors des premi\u00e8res r\u00e9unions, son talent de d\u00e9mineur : le climat \u00e9tait tendu, en raison d\u2019oppositions de tous ordres, et il est d\u2019embl\u00e9e parvenu \u00e0 imposer une autorit\u00e9 sereine, qui n\u2019aurait pas \u00e9t\u00e9 possible sans l\u2019estime qu\u2019il recevait de chacun. Je me souviens de la chaleur avec laquelle tous l\u2019ont remerci\u00e9 \u00e0 l\u2019issue de la derni\u00e8re session.<\/p>\n\n\n\n<p>Nous ne nous sommes jamais perdus de vue, au cours des quinze derni\u00e8res ann\u00e9es. Il s\u2019\u00e9tait habitu\u00e9 avec la m\u00eame facilit\u00e9 \u00e0 sa nouvelle vie. Il \u00e9tait en parfaite sant\u00e9 lorsqu\u2019il nous a fait part de son inqui\u00e9tude devant une perte de sa force musculaire. C\u2019\u00e9tait la maladie de Charcot, qui l\u2019a emport\u00e9 en deux ans, sans jamais lui faire perdre le self-control qui avait toujours \u00e9t\u00e9 sa qualit\u00e9 premi\u00e8re. J\u2019ai \u00e9t\u00e9 honor\u00e9 d\u2019\u00eatre son ami, et d\u2019avoir conserv\u00e9 son amiti\u00e9, jusqu\u2019au bout.<br><br>Yves Carlet (Universit\u00e9 Paul Val\u00e9ry Montpellier 3)<\/p>\n","protected":false},"excerpt":{"rendered":"<p>Michel Bandry nous a quitt\u00e9s. Beaucoup de ceux qui l\u2019ont connu en seront surpris. Pendant deux ans, il s\u2019est battu [&hellip;]<\/p>\n","protected":false},"author":15,"featured_media":0,"comment_status":"closed","ping_status":"open","sticky":false,"template":"","format":"standard","meta":{"_uag_custom_page_level_css":"","site-sidebar-layout":"default","site-content-layout":"default","ast-site-content-layout":"default","site-content-style":"default","site-sidebar-style":"default","ast-global-header-display":"","ast-banner-title-visibility":"","ast-main-header-display":"","ast-hfb-above-header-display":"","ast-hfb-below-header-display":"","ast-hfb-mobile-header-display":"","site-post-title":"","ast-breadcrumbs-content":"","ast-featured-img":"","footer-sml-layout":"","ast-disable-related-posts":"","theme-transparent-header-meta":"default","adv-header-id-meta":"","stick-header-meta":"","header-above-stick-meta":"","header-main-stick-meta":"","header-below-stick-meta":"","astra-migrate-meta-layouts":"default","ast-page-background-enabled":"default","ast-page-background-meta":{"desktop":{"background-color":"var(--ast-global-color-5)","background-image":"","background-repeat":"repeat","background-position":"center center","background-size":"auto","background-attachment":"scroll","background-type":"","background-media":"","overlay-type":"","overlay-color":"","overlay-opacity":"","overlay-gradient":""},"tablet":{"background-color":"","background-image":"","background-repeat":"repeat","background-position":"center center","background-size":"auto","background-attachment":"scroll","background-type":"","background-media":"","overlay-type":"","overlay-color":"","overlay-opacity":"","overlay-gradient":""},"mobile":{"background-color":"","background-image":"","background-repeat":"repeat","background-position":"center center","background-size":"auto","background-attachment":"scroll","background-type":"","background-media":"","overlay-type":"","overlay-color":"","overlay-opacity":"","overlay-gradient":""}},"ast-content-background-meta":{"desktop":{"background-color":"var(--ast-global-color-4)","background-image":"","background-repeat":"repeat","background-position":"center center","background-size":"auto","background-attachment":"scroll","background-type":"","background-media":"","overlay-type":"","overlay-color":"","overlay-opacity":"","overlay-gradient":""},"tablet":{"background-color":"var(--ast-global-color-4)","background-image":"","background-repeat":"repeat","background-position":"center center","background-size":"auto","background-attachment":"scroll","background-type":"","background-media":"","overlay-type":"","overlay-color":"","overlay-opacity":"","overlay-gradient":""},"mobile":{"background-color":"var(--ast-global-color-4)","background-image":"","background-repeat":"repeat","background-position":"center center","background-size":"auto","background-attachment":"scroll","background-type":"","background-media":"","overlay-type":"","overlay-color":"","overlay-opacity":"","overlay-gradient":""}},"_jetpack_memberships_contains_paid_content":false,"footnotes":""},"categories":[256],"tags":[175],"class_list":["post-1703","post","type-post","status-publish","format-standard","hentry","category-in-memoriam","tag-in-memoriam"],"jetpack_featured_media_url":"","uagb_featured_image_src":{"full":false,"thumbnail":false,"medium":false,"medium_large":false,"large":false,"1536x1536":false,"2048x2048":false},"uagb_author_info":{"display_name":"Monica Michlin","author_link":"https:\/\/afea.fr\/news\/author\/monicamichlin\/"},"uagb_comment_info":0,"uagb_excerpt":"Michel Bandry nous a quitt\u00e9s. Beaucoup de ceux qui l\u2019ont connu en seront surpris. Pendant deux ans, il s\u2019est battu [&hellip;]","jetpack_sharing_enabled":true,"_links":{"self":[{"href":"https:\/\/afea.fr\/news\/wp-json\/wp\/v2\/posts\/1703"}],"collection":[{"href":"https:\/\/afea.fr\/news\/wp-json\/wp\/v2\/posts"}],"about":[{"href":"https:\/\/afea.fr\/news\/wp-json\/wp\/v2\/types\/post"}],"author":[{"embeddable":true,"href":"https:\/\/afea.fr\/news\/wp-json\/wp\/v2\/users\/15"}],"replies":[{"embeddable":true,"href":"https:\/\/afea.fr\/news\/wp-json\/wp\/v2\/comments?post=1703"}],"version-history":[{"count":2,"href":"https:\/\/afea.fr\/news\/wp-json\/wp\/v2\/posts\/1703\/revisions"}],"predecessor-version":[{"id":1975,"href":"https:\/\/afea.fr\/news\/wp-json\/wp\/v2\/posts\/1703\/revisions\/1975"}],"wp:attachment":[{"href":"https:\/\/afea.fr\/news\/wp-json\/wp\/v2\/media?parent=1703"}],"wp:term":[{"taxonomy":"category","embeddable":true,"href":"https:\/\/afea.fr\/news\/wp-json\/wp\/v2\/categories?post=1703"},{"taxonomy":"post_tag","embeddable":true,"href":"https:\/\/afea.fr\/news\/wp-json\/wp\/v2\/tags?post=1703"}],"curies":[{"name":"wp","href":"https:\/\/api.w.org\/{rel}","templated":true}]}}