{"id":1678,"date":"2020-02-22T13:45:00","date_gmt":"2020-02-22T12:45:00","guid":{"rendered":"http:\/\/localhost\/news\/?p=1678"},"modified":"2021-05-13T10:16:36","modified_gmt":"2021-05-13T08:16:36","slug":"in-memoriam-bernard-vincent","status":"publish","type":"post","link":"https:\/\/afea.fr\/news\/in-memoriam\/in-memoriam-bernard-vincent\/1678\/","title":{"rendered":"Bernard Vincent"},"content":{"rendered":"\n<p>Ch\u00e8res et chers coll\u00e8gues,<\/p>\n\n\n\n<p>C\u2019est avec une profonde tristesse que le bureau de l\u2019AFEA a d\u00fb par l\u2019interm\u00e9diaire de Monica Michlin vous faire part, le 12 f\u00e9vrier, du d\u00e9c\u00e8s de Bernard Vincent, qui fut pr\u00e9sident de notre association de 1983 \u00e0 1988.<\/p>\n\n\n\n<p>J&rsquo;ai rencontr\u00e9 Bernard Vincent en 1991 alors qu\u2019il \u00e9tait professeur de civilisation am\u00e9ricaine \u00e0 l\u2019universit\u00e9 d\u2019Orl\u00e9ans et cherchait \u00e0 d\u00e9velopper les recherches sur Thomas Paine dont il \u00e9tait le sp\u00e9cialiste en France. Il avait fait para\u00eetre une nouvelle traduction comment\u00e9e de <em>Common Sense<\/em> (1983), de <em>The Age of Reason<\/em> (1789) et de <em>Rights of Man<\/em> (1991), ainsi que la premi\u00e8re biographie en fran\u00e7ais de Paine, <em>Thomas Paine ou la religion de la libert\u00e9<\/em>, en 1987. Bernard Vincent a dirig\u00e9, entre 1991 et 1996, ma th\u00e8se sur le rapport de Paine \u00e0 la religion. Tout au long de ma carri\u00e8re, il m\u2019a soutenue et encourag\u00e9e. C\u2019est bien s\u00fbr Bernard Vincent qui m\u2019a fait conna\u00eetre l\u2019AFEA. Si je me suis investie activement dans notre association, jusqu\u2019\u00e0 la pr\u00e9sider entre 2015 et 2018, c\u2019est en grande partie gr\u00e2ce \u00e0 lui.<\/p>\n\n\n\n<p>Bienveillant, chaleureux, dr\u00f4le, Bernard Vincent \u00e9tait aussi un homme \u00e9rudit et d\u2019une insatiable curiosit\u00e9 qui a poursuivi ses activit\u00e9s de traducteur, de biographe et de chercheur jusqu\u2019\u00e0 r\u00e9cemment. Il a dirig\u00e9 <em>Les Oubli\u00e9s de la R\u00e9volution am\u00e9ricaine<\/em>, avec \u00c9lise Marienstras en 1990, et la synth\u00e8se d\u2019un grand travail d\u2019\u00e9quipe, <em>Histoire des \u00c9tats-Unis<\/em>, dont la 4e \u00e9dition est parue en 2016. Il est l\u2019auteur de nombreux articles, ainsi que de <em>Amistad : les mutins de la libert\u00e9<\/em> (L\u2019Archipel, 1998), du<em> Sentier des larmes : le grand exil des Indiens cherokees<\/em> (Flammarion, 2002), de <em>Lincoln. L&rsquo;homme qui sauva les \u00c9tats-Unis<\/em> (L\u2019Archipel, 2009), de <em>Louis XVI<\/em> (Gallimard, Folio biographies, 2006), de <em>La Fayette <\/em>(Gallimard, Folio biographies, 2014). En 2015, paraissait chez Fayard <em>Ainsi nous parle Abraham Lincoln<\/em>. Lettres et discours pr\u00e9sent\u00e9s et traduits par Bernard Vincent.<\/p>\n\n\n\n<p>Bernard Vincent \u00e9tait aussi un fin connaisseur de la langue anglaise. En 2013, il a fait para\u00eetre chez Albin Michel un <em>Dictionnaire fran\u00e7ais-anglais des expressions populaires 7000 expressions + 1 glossaire des faux anglicismes<\/em>.<\/p>\n\n\n\n<p>Les \u00e9tudes am\u00e9ricaines en France doivent beaucoup \u00e0 Bernard Vincent. Il a fait partie de ceux qui ont activement particip\u00e9 \u00e0 leur institutionnalisation dans l\u2019universit\u00e9 fran\u00e7aise. Il le raconte dans le film produit par l\u2019AFEA en 2017 \u00e0 l\u2019occasion du cinquanti\u00e8me anniversaire de l\u2019association, <em>At Fifty Ever Alert<\/em>. Ce film, Bernard Vincent \u00e9tait heureux d\u2019y participer. On peut y entendre sa voix, le voir consulter ses archives \u2014 y compris l\u2019acte fondateur de l\u2019AFEA ! \u2014 et l\u2019\u00e9couter raconter comme il a \u00ab&nbsp; bataill\u00e9 comme un fou \u00bb pour que l\u2019AFEA puisse \u00eatre reconnue comme association autonome. Ce film est visible sur Vimeo.<\/p>\n\n\n\n<p>Bernard Vincent nous manquera. Nos pens\u00e9es vont \u00e0 ses proches.<\/p>\n\n\n\n<p>Nathalie Caron, pour le bureau de l&rsquo;AFEA<\/p>\n","protected":false},"excerpt":{"rendered":"<p>Ch\u00e8res et chers coll\u00e8gues, C\u2019est avec une profonde tristesse que le bureau de l\u2019AFEA a d\u00fb par l\u2019interm\u00e9diaire de Monica [&hellip;]<\/p>\n","protected":false},"author":1,"featured_media":0,"comment_status":"closed","ping_status":"open","sticky":false,"template":"","format":"standard","meta":{"_uag_custom_page_level_css":"","site-sidebar-layout":"default","site-content-layout":"default","ast-site-content-layout":"default","site-content-style":"default","site-sidebar-style":"default","ast-global-header-display":"","ast-banner-title-visibility":"","ast-main-header-display":"","ast-hfb-above-header-display":"","ast-hfb-below-header-display":"","ast-hfb-mobile-header-display":"","site-post-title":"","ast-breadcrumbs-content":"","ast-featured-img":"","footer-sml-layout":"","ast-disable-related-posts":"","theme-transparent-header-meta":"default","adv-header-id-meta":"","stick-header-meta":"","header-above-stick-meta":"","header-main-stick-meta":"","header-below-stick-meta":"","astra-migrate-meta-layouts":"default","ast-page-background-enabled":"default","ast-page-background-meta":{"desktop":{"background-color":"var(--ast-global-color-5)","background-image":"","background-repeat":"repeat","background-position":"center center","background-size":"auto","background-attachment":"scroll","background-type":"","background-media":"","overlay-type":"","overlay-color":"","overlay-opacity":"","overlay-gradient":""},"tablet":{"background-color":"","background-image":"","background-repeat":"repeat","background-position":"center center","background-size":"auto","background-attachment":"scroll","background-type":"","background-media":"","overlay-type":"","overlay-color":"","overlay-opacity":"","overlay-gradient":""},"mobile":{"background-color":"","background-image":"","background-repeat":"repeat","background-position":"center center","background-size":"auto","background-attachment":"scroll","background-type":"","background-media":"","overlay-type":"","overlay-color":"","overlay-opacity":"","overlay-gradient":""}},"ast-content-background-meta":{"desktop":{"background-color":"var(--ast-global-color-4)","background-image":"","background-repeat":"repeat","background-position":"center center","background-size":"auto","background-attachment":"scroll","background-type":"","background-media":"","overlay-type":"","overlay-color":"","overlay-opacity":"","overlay-gradient":""},"tablet":{"background-color":"var(--ast-global-color-4)","background-image":"","background-repeat":"repeat","background-position":"center center","background-size":"auto","background-attachment":"scroll","background-type":"","background-media":"","overlay-type":"","overlay-color":"","overlay-opacity":"","overlay-gradient":""},"mobile":{"background-color":"var(--ast-global-color-4)","background-image":"","background-repeat":"repeat","background-position":"center center","background-size":"auto","background-attachment":"scroll","background-type":"","background-media":"","overlay-type":"","overlay-color":"","overlay-opacity":"","overlay-gradient":""}},"_jetpack_memberships_contains_paid_content":false,"footnotes":""},"categories":[256],"tags":[175,231],"class_list":["post-1678","post","type-post","status-publish","format-standard","hentry","category-in-memoriam","tag-in-memoriam","tag-thomas-paine"],"jetpack_featured_media_url":"","uagb_featured_image_src":{"full":false,"thumbnail":false,"medium":false,"medium_large":false,"large":false,"1536x1536":false,"2048x2048":false},"uagb_author_info":{"display_name":"Admin","author_link":"https:\/\/afea.fr\/news\/author\/yanb\/"},"uagb_comment_info":0,"uagb_excerpt":"Ch\u00e8res et chers coll\u00e8gues, C\u2019est avec une profonde tristesse que le bureau de l\u2019AFEA a d\u00fb par l\u2019interm\u00e9diaire de Monica [&hellip;]","jetpack_sharing_enabled":true,"_links":{"self":[{"href":"https:\/\/afea.fr\/news\/wp-json\/wp\/v2\/posts\/1678"}],"collection":[{"href":"https:\/\/afea.fr\/news\/wp-json\/wp\/v2\/posts"}],"about":[{"href":"https:\/\/afea.fr\/news\/wp-json\/wp\/v2\/types\/post"}],"author":[{"embeddable":true,"href":"https:\/\/afea.fr\/news\/wp-json\/wp\/v2\/users\/1"}],"replies":[{"embeddable":true,"href":"https:\/\/afea.fr\/news\/wp-json\/wp\/v2\/comments?post=1678"}],"version-history":[{"count":2,"href":"https:\/\/afea.fr\/news\/wp-json\/wp\/v2\/posts\/1678\/revisions"}],"predecessor-version":[{"id":1972,"href":"https:\/\/afea.fr\/news\/wp-json\/wp\/v2\/posts\/1678\/revisions\/1972"}],"wp:attachment":[{"href":"https:\/\/afea.fr\/news\/wp-json\/wp\/v2\/media?parent=1678"}],"wp:term":[{"taxonomy":"category","embeddable":true,"href":"https:\/\/afea.fr\/news\/wp-json\/wp\/v2\/categories?post=1678"},{"taxonomy":"post_tag","embeddable":true,"href":"https:\/\/afea.fr\/news\/wp-json\/wp\/v2\/tags?post=1678"}],"curies":[{"name":"wp","href":"https:\/\/api.w.org\/{rel}","templated":true}]}}