{"id":1647,"date":"2021-04-16T00:15:16","date_gmt":"2021-04-15T22:15:16","guid":{"rendered":"http:\/\/localhost\/news\/?p=1647"},"modified":"2021-04-16T00:15:18","modified_gmt":"2021-04-15T22:15:18","slug":"elodie-grossi-alienation-et-emancipation-dans-les-asiles-segregues-du-sud-des-etats-unis","status":"publish","type":"post","link":"https:\/\/afea.fr\/news\/seminar\/elodie-grossi-alienation-et-emancipation-dans-les-asiles-segregues-du-sud-des-etats-unis\/1647\/","title":{"rendered":"Elodie Grossi: Ali\u00e9nation et \u00e9mancipation dans les asiles s\u00e9gr\u00e9gu\u00e9s du Sud des \u00c9tats-Unis"},"content":{"rendered":"\n<p>Ch\u00e8res et chers coll\u00e8gues,<br><strong>Le mardi 27 avril \u00e0 17h<\/strong>, nous aurons le plaisir d\u2019accueillir Elodie GROSSI, de l\u2019universit\u00e9 Toulouse Jean Jaur\u00e8s,&nbsp;dans le cadre de notre s\u00e9minaire Ali\u00e9nation\/Emancipation (CREA, Universit\u00e9 Paris Nanterre).<br>Son intervention portera sur le th\u00e8me suivant:<br><strong>\u00ab\u00a0Ali\u00e9nation et \u00e9mancipation dans les asiles s\u00e9gr\u00e9gu\u00e9s du Sud des \u00c9tats-Unis : racialisation, travail forc\u00e9 et r\u00e9sistances des patients\u00a0\u00bb<\/strong><br>Sa discutante sera Claire DELIGNY (Universit\u00e9 Paris Nanterre).<br>Cet \u00e9v\u00e9nement aura lieu en visioconf\u00e9rence sur Zoom. Toutes les informations sur l\u2019\u00e9v\u00e9nement, et notamment le lien vers le formulaire d\u2019inscription, sont disponibles&nbsp;sur la page du CREA&nbsp;d\u00e9di\u00e9e:&nbsp;<a href=\"https:\/\/crea.parisnanterre.fr\/seminaire-alienation-emancipation-elodie-grossi-999654.kjsp?RH=1455273055373\" target=\"_blank\" rel=\"noreferrer noopener\">Centre de Recherches Anglophones (CREA) &#8211; S\u00e9minaire Ali\u00e9nation\/Emancipation : Elodie Grossi (parisnanterre.fr)<\/a>Vous pouvez vous inscrire \u00e0 tout moment, m\u00eame au tout dernier moment.&nbsp;&nbsp;Retrouvez \u00e9galement notre actualit\u00e9 et les archives du s\u00e9minaire sur&nbsp;<a href=\"https:\/\/aslashe.hypotheses.org\/\" target=\"_blank\" rel=\"noreferrer noopener\">notre blog Hypoth\u00e8ses<\/a>.<br>En esp\u00e9rant vous y retrouver nombreuses et nombreux,<br>Amiti\u00e9s,Laurence Dubois, Alice Braun et Sophie Raineri<\/p>\n","protected":false},"excerpt":{"rendered":"<p>Ch\u00e8res et chers coll\u00e8gues,Le mardi 27 avril \u00e0 17h, nous aurons le plaisir d\u2019accueillir Elodie GROSSI, de l\u2019universit\u00e9 Toulouse Jean [&hellip;]<\/p>\n","protected":false},"author":1,"featured_media":0,"comment_status":"closed","ping_status":"open","sticky":false,"template":"","format":"standard","meta":{"_uag_custom_page_level_css":"","site-sidebar-layout":"default","site-content-layout":"default","ast-site-content-layout":"default","site-content-style":"default","site-sidebar-style":"default","ast-global-header-display":"","ast-banner-title-visibility":"","ast-main-header-display":"","ast-hfb-above-header-display":"","ast-hfb-below-header-display":"","ast-hfb-mobile-header-display":"","site-post-title":"","ast-breadcrumbs-content":"","ast-featured-img":"","footer-sml-layout":"","ast-disable-related-posts":"","theme-transparent-header-meta":"default","adv-header-id-meta":"","stick-header-meta":"","header-above-stick-meta":"","header-main-stick-meta":"","header-below-stick-meta":"","astra-migrate-meta-layouts":"default","ast-page-background-enabled":"default","ast-page-background-meta":{"desktop":{"background-color":"var(--ast-global-color-5)","background-image":"","background-repeat":"repeat","background-position":"center center","background-size":"auto","background-attachment":"scroll","background-type":"","background-media":"","overlay-type":"","overlay-color":"","overlay-opacity":"","overlay-gradient":""},"tablet":{"background-color":"","background-image":"","background-repeat":"repeat","background-position":"center center","background-size":"auto","background-attachment":"scroll","background-type":"","background-media":"","overlay-type":"","overlay-color":"","overlay-opacity":"","overlay-gradient":""},"mobile":{"background-color":"","background-image":"","background-repeat":"repeat","background-position":"center center","background-size":"auto","background-attachment":"scroll","background-type":"","background-media":"","overlay-type":"","overlay-color":"","overlay-opacity":"","overlay-gradient":""}},"ast-content-background-meta":{"desktop":{"background-color":"var(--ast-global-color-4)","background-image":"","background-repeat":"repeat","background-position":"center center","background-size":"auto","background-attachment":"scroll","background-type":"","background-media":"","overlay-type":"","overlay-color":"","overlay-opacity":"","overlay-gradient":""},"tablet":{"background-color":"var(--ast-global-color-4)","background-image":"","background-repeat":"repeat","background-position":"center center","background-size":"auto","background-attachment":"scroll","background-type":"","background-media":"","overlay-type":"","overlay-color":"","overlay-opacity":"","overlay-gradient":""},"mobile":{"background-color":"var(--ast-global-color-4)","background-image":"","background-repeat":"repeat","background-position":"center center","background-size":"auto","background-attachment":"scroll","background-type":"","background-media":"","overlay-type":"","overlay-color":"","overlay-opacity":"","overlay-gradient":""}},"_jetpack_memberships_contains_paid_content":false,"footnotes":""},"categories":[100],"tags":[210,209,211,208,147],"class_list":["post-1647","post","type-post","status-publish","format-standard","hentry","category-seminar","tag-asilums","tag-medicine","tag-psychiatric-ward","tag-segregation","tag-seminar"],"jetpack_featured_media_url":"","uagb_featured_image_src":{"full":false,"thumbnail":false,"medium":false,"medium_large":false,"large":false,"1536x1536":false,"2048x2048":false},"uagb_author_info":{"display_name":"Admin","author_link":"https:\/\/afea.fr\/news\/author\/yanb\/"},"uagb_comment_info":0,"uagb_excerpt":"Ch\u00e8res et chers coll\u00e8gues,Le mardi 27 avril \u00e0 17h, nous aurons le plaisir d\u2019accueillir Elodie GROSSI, de l\u2019universit\u00e9 Toulouse Jean [&hellip;]","jetpack_sharing_enabled":true,"_links":{"self":[{"href":"https:\/\/afea.fr\/news\/wp-json\/wp\/v2\/posts\/1647"}],"collection":[{"href":"https:\/\/afea.fr\/news\/wp-json\/wp\/v2\/posts"}],"about":[{"href":"https:\/\/afea.fr\/news\/wp-json\/wp\/v2\/types\/post"}],"author":[{"embeddable":true,"href":"https:\/\/afea.fr\/news\/wp-json\/wp\/v2\/users\/1"}],"replies":[{"embeddable":true,"href":"https:\/\/afea.fr\/news\/wp-json\/wp\/v2\/comments?post=1647"}],"version-history":[{"count":1,"href":"https:\/\/afea.fr\/news\/wp-json\/wp\/v2\/posts\/1647\/revisions"}],"predecessor-version":[{"id":1648,"href":"https:\/\/afea.fr\/news\/wp-json\/wp\/v2\/posts\/1647\/revisions\/1648"}],"wp:attachment":[{"href":"https:\/\/afea.fr\/news\/wp-json\/wp\/v2\/media?parent=1647"}],"wp:term":[{"taxonomy":"category","embeddable":true,"href":"https:\/\/afea.fr\/news\/wp-json\/wp\/v2\/categories?post=1647"},{"taxonomy":"post_tag","embeddable":true,"href":"https:\/\/afea.fr\/news\/wp-json\/wp\/v2\/tags?post=1647"}],"curies":[{"name":"wp","href":"https:\/\/api.w.org\/{rel}","templated":true}]}}