{"id":1580,"date":"2021-04-13T12:08:04","date_gmt":"2021-04-13T10:08:04","guid":{"rendered":"http:\/\/localhost\/news\/?p=1580"},"modified":"2021-04-13T22:00:04","modified_gmt":"2021-04-13T20:00:04","slug":"crices-centre-de-recherche-de-linstitut-catholique-detudes-superieures-etat-et-perspectives-de-la-democratie-en-amerique","status":"publish","type":"post","link":"https:\/\/afea.fr\/news\/publication\/crices-centre-de-recherche-de-linstitut-catholique-detudes-superieures-etat-et-perspectives-de-la-democratie-en-amerique\/1580\/","title":{"rendered":"CRICES (Centre de Recherche de l\u2019Institut Catholique d\u2019\u00c9tudes Sup\u00e9rieures): \u00c9tat et perspectives de la d\u00e9mocratie en Am\u00e9rique"},"content":{"rendered":"\n<p>L&rsquo;unit\u00e9 de recherche interdisciplinaire <a href=\"https:\/\/ices.fr\/institut\/un-centre-de-recherche\/\" target=\"_blank\" rel=\"noreferrer noopener\">CRICES<\/a><\/p>\n\n\n\n<p>(Centre de Recherche de l&rsquo;Institut Catholique d&rsquo;\u00c9tudes Sup\u00e9rieures)<\/p>\n\n\n\n<p>a le plaisir d&rsquo;annoncer la parution des actes du colloque,&nbsp;<\/p>\n\n\n\n<p><strong><em>\u00c9tat et perspectives de la d\u00e9mocratie\u00a0en Am\u00e9rique<\/em><\/strong><\/p>\n\n\n\n<p>Aux Presses Universitaires de l&rsquo;ICES,&nbsp;collection colloques, f\u00e9vrier 2021, 150 pages,&nbsp;15&nbsp;\u20ac, ISBN&nbsp;:&nbsp;978-2-918018-35-3<\/p>\n\n\n\n<p>***<\/p>\n\n\n\n<p>Presses Universitaires de l&rsquo;ICES<\/p>\n\n\n\n<p>Collection Colloques<\/p>\n\n\n\n<p>17 Bd des Belges \u2013 85000 La Roche-sur-Yon<\/p>\n\n\n\n<p>02-51-46-12-13&nbsp;<\/p>\n\n\n\n<p>***<\/p>\n\n\n\n<p>&nbsp;&nbsp;&nbsp;&nbsp;&nbsp;&nbsp;&nbsp;&nbsp;&nbsp;&nbsp;&nbsp;&nbsp;Depuis l&rsquo;\u00e9lection de Donald Trump, de nombreux politologues et journalistes consacrent leurs travaux \u00e0 l&rsquo;\u00e9rosion graduelle des normes \u00e9crites et non-\u00e9crites de la d\u00e9mocratie lib\u00e9rale des \u00c9tats-Unis, en proie \u00e0 une crise de confiance majeure. Le premier mandat du pr\u00e9sident Trump aura permis de renouer avec les fondamentaux du projet des P\u00e8res fondateurs, de convoquer et re(d\u00e9finir) certains concepts th\u00e9oriques, d&rsquo;\u00e9valuer la robustesse des institutions politiques ainsi que l&rsquo;efficacit\u00e9 des contre-pouvoirs.&nbsp;<\/p>\n\n\n\n<p>&nbsp;&nbsp;&nbsp;&nbsp;&nbsp;&nbsp;&nbsp;&nbsp;&nbsp;&nbsp;&nbsp;&nbsp;Ce colloque ambitionne de mettre \u00e0 contribution le mod\u00e8le th\u00e9orique, propos\u00e9 par Levitsky et Ziblatt dans<em>&nbsp;How Democracies Die&nbsp;<\/em>(2018), selon lequel le pr\u00e9sident am\u00e9ricain aurait particip\u00e9 \u00e0 l&rsquo;affaiblissement de la d\u00e9mocratie des \u00c9tats-Unis, en s&rsquo;affranchissant des r\u00e8gles les plus \u00e9l\u00e9mentaires.<\/p>\n\n\n\n<p>&nbsp;&nbsp;&nbsp;&nbsp;&nbsp;&nbsp;&nbsp;&nbsp;&nbsp;&nbsp;&nbsp;&nbsp;Les contributions s&rsquo;efforcent de mesurer les effets du mode de gouvernance du pr\u00e9sident Trump et de d\u00e9terminer dans quelle mesure sa m\u00e9thode pr\u00e9sidentielle, fond\u00e9e, en partie, sur la distraction et le chaos, lui a permis de consolider sa base \u00e9lectorale. Nous formulons l&rsquo;hypoth\u00e8se selon laquelle le mod\u00e8le th\u00e9orique (Levitsky\/Ziblatt) serait parfaitement transf\u00e9rable et applicable \u00e0 d&rsquo;autres aires g\u00e9ographiques et celle de l&rsquo;Am\u00e9rique latine en particulier.&nbsp;<\/p>\n\n\n\n<p>Au sommaire&nbsp;<\/p>\n\n\n\n<p><strong>Introduction<\/strong><\/p>\n\n\n\n<p>Anthony Castet<\/p>\n\n\n\n<p><strong>Trump, fossoyeur ou sauveur de la d\u00e9mocratie ?&nbsp;<\/strong><\/p>\n\n\n\n<p>Anne E. Deysine<\/p>\n\n\n\n<p><strong>La d\u00e9mocratie lib\u00e9rale \u00e0 l&rsquo;\u00e9preuve du Trumpisme&nbsp;<\/strong><\/p>\n\n\n\n<p>Jean-Marie Ruiz<\/p>\n\n\n\n<p><strong>The National Redistricting Committee and the Redistricting Wars:&nbsp;<\/strong><\/p>\n\n\n\n<p><strong>Lessons from 2018 and Prospect for 2020<\/strong><\/p>\n\n\n\n<p>Olivier Richomme<\/p>\n\n\n\n<p><strong>Parti r\u00e9publicain ou Parti de Trump ? Ruptures et continuit\u00e9s&nbsp;<\/strong><\/p>\n\n\n\n<p><strong>dans la g\u00e9ographie \u00e9lectorale r\u00e9publicaine du Wisconsin&nbsp;<\/strong><\/p>\n\n\n\n<p>Roman Vinadia<\/p>\n\n\n\n<p><strong>From &lsquo;Let&rsquo;s take our country back&rsquo; to &lsquo;Make America Great Again&rsquo;:&nbsp;<\/strong><\/p>\n\n\n\n<p><strong>the Complicated Relationship of the Pennsylvania Tea Parties to Trump&nbsp;<\/strong><\/p>\n\n\n\n<p>Marion Douzou<\/p>\n\n\n\n<p><strong>Narratives of Disenfranchisement: Black Lives Matter and&nbsp;<\/strong><\/p>\n\n\n\n<p><strong>Voting Rights in the Trump Era&nbsp;<\/strong><\/p>\n\n\n\n<p>Emma Heishman<\/p>\n\n\n\n<p><strong>Ma libert\u00e9 est plus importante que la v\u00f4tre :&nbsp;<\/strong><\/p>\n\n\n\n<p><strong>la libert\u00e9 religieuse de Trump est-elle un permis de discriminer&nbsp;?&nbsp;<\/strong><\/p>\n\n\n\n<p>Marie Gayte<\/p>\n\n\n\n<p><strong>La pr\u00e9sidence Trump vue par Breitbart ou la red\u00e9finition de l&rsquo;Am\u00e9rique&nbsp;<\/strong><\/p>\n\n\n\n<p>Jacob Maillet<\/p>\n\n\n\n<p><strong>&nbsp;<\/strong><strong>L&rsquo;\u00e9mergence de la d\u00e9mocratie br\u00e9silienne au XIX<sup>e<\/sup>&nbsp;si\u00e8cle&nbsp;<\/strong><\/p>\n\n\n\n<p>Guy Gauthier<\/p>\n\n\n\n<p><strong>Reform and modernization of the State&nbsp;<\/strong><\/p>\n\n\n\n<p><strong>in times of social and political crisis in Latin America<\/strong><\/p>\n\n\n\n<p>Leopold Ramirez<\/p>\n","protected":false},"excerpt":{"rendered":"<p>L&rsquo;unit\u00e9 de recherche interdisciplinaire CRICES (Centre de Recherche de l&rsquo;Institut Catholique d&rsquo;\u00c9tudes Sup\u00e9rieures) a le plaisir d&rsquo;annoncer la parution des [&hellip;]<\/p>\n","protected":false},"author":1,"featured_media":0,"comment_status":"closed","ping_status":"open","sticky":false,"template":"","format":"standard","meta":{"_uag_custom_page_level_css":"","site-sidebar-layout":"default","site-content-layout":"default","ast-site-content-layout":"default","site-content-style":"default","site-sidebar-style":"default","ast-global-header-display":"","ast-banner-title-visibility":"","ast-main-header-display":"","ast-hfb-above-header-display":"","ast-hfb-below-header-display":"","ast-hfb-mobile-header-display":"","site-post-title":"","ast-breadcrumbs-content":"","ast-featured-img":"","footer-sml-layout":"","ast-disable-related-posts":"","theme-transparent-header-meta":"default","adv-header-id-meta":"","stick-header-meta":"","header-above-stick-meta":"","header-main-stick-meta":"","header-below-stick-meta":"","astra-migrate-meta-layouts":"default","ast-page-background-enabled":"default","ast-page-background-meta":{"desktop":{"background-color":"var(--ast-global-color-5)","background-image":"","background-repeat":"repeat","background-position":"center center","background-size":"auto","background-attachment":"scroll","background-type":"","background-media":"","overlay-type":"","overlay-color":"","overlay-opacity":"","overlay-gradient":""},"tablet":{"background-color":"","background-image":"","background-repeat":"repeat","background-position":"center center","background-size":"auto","background-attachment":"scroll","background-type":"","background-media":"","overlay-type":"","overlay-color":"","overlay-opacity":"","overlay-gradient":""},"mobile":{"background-color":"","background-image":"","background-repeat":"repeat","background-position":"center center","background-size":"auto","background-attachment":"scroll","background-type":"","background-media":"","overlay-type":"","overlay-color":"","overlay-opacity":"","overlay-gradient":""}},"ast-content-background-meta":{"desktop":{"background-color":"var(--ast-global-color-4)","background-image":"","background-repeat":"repeat","background-position":"center center","background-size":"auto","background-attachment":"scroll","background-type":"","background-media":"","overlay-type":"","overlay-color":"","overlay-opacity":"","overlay-gradient":""},"tablet":{"background-color":"var(--ast-global-color-4)","background-image":"","background-repeat":"repeat","background-position":"center center","background-size":"auto","background-attachment":"scroll","background-type":"","background-media":"","overlay-type":"","overlay-color":"","overlay-opacity":"","overlay-gradient":""},"mobile":{"background-color":"var(--ast-global-color-4)","background-image":"","background-repeat":"repeat","background-position":"center center","background-size":"auto","background-attachment":"scroll","background-type":"","background-media":"","overlay-type":"","overlay-color":"","overlay-opacity":"","overlay-gradient":""}},"_jetpack_memberships_contains_paid_content":false,"footnotes":""},"categories":[103],"tags":[184,116,158,183],"class_list":["post-1580","post","type-post","status-publish","format-standard","hentry","category-publication","tag-democracy","tag-history","tag-politics","tag-publication"],"jetpack_featured_media_url":"","uagb_featured_image_src":{"full":false,"thumbnail":false,"medium":false,"medium_large":false,"large":false,"1536x1536":false,"2048x2048":false},"uagb_author_info":{"display_name":"Admin","author_link":"https:\/\/afea.fr\/news\/author\/yanb\/"},"uagb_comment_info":0,"uagb_excerpt":"L&rsquo;unit\u00e9 de recherche interdisciplinaire CRICES (Centre de Recherche de l&rsquo;Institut Catholique d&rsquo;\u00c9tudes Sup\u00e9rieures) a le plaisir d&rsquo;annoncer la parution des [&hellip;]","jetpack_sharing_enabled":true,"_links":{"self":[{"href":"https:\/\/afea.fr\/news\/wp-json\/wp\/v2\/posts\/1580"}],"collection":[{"href":"https:\/\/afea.fr\/news\/wp-json\/wp\/v2\/posts"}],"about":[{"href":"https:\/\/afea.fr\/news\/wp-json\/wp\/v2\/types\/post"}],"author":[{"embeddable":true,"href":"https:\/\/afea.fr\/news\/wp-json\/wp\/v2\/users\/1"}],"replies":[{"embeddable":true,"href":"https:\/\/afea.fr\/news\/wp-json\/wp\/v2\/comments?post=1580"}],"version-history":[{"count":1,"href":"https:\/\/afea.fr\/news\/wp-json\/wp\/v2\/posts\/1580\/revisions"}],"predecessor-version":[{"id":1581,"href":"https:\/\/afea.fr\/news\/wp-json\/wp\/v2\/posts\/1580\/revisions\/1581"}],"wp:attachment":[{"href":"https:\/\/afea.fr\/news\/wp-json\/wp\/v2\/media?parent=1580"}],"wp:term":[{"taxonomy":"category","embeddable":true,"href":"https:\/\/afea.fr\/news\/wp-json\/wp\/v2\/categories?post=1580"},{"taxonomy":"post_tag","embeddable":true,"href":"https:\/\/afea.fr\/news\/wp-json\/wp\/v2\/tags?post=1580"}],"curies":[{"name":"wp","href":"https:\/\/api.w.org\/{rel}","templated":true}]}}