{"id":1395,"date":"2021-02-18T13:30:00","date_gmt":"2021-02-18T11:30:00","guid":{"rendered":"http:\/\/localhost\/news\/?p=1395"},"modified":"2021-04-14T21:59:36","modified_gmt":"2021-04-14T19:59:36","slug":"cadres-et-espaces-dans-le-monde-anglophone-strategies-dappropriation-et-daffranchissement","status":"publish","type":"post","link":"https:\/\/afea.fr\/news\/cfp\/cadres-et-espaces-dans-le-monde-anglophone-strategies-dappropriation-et-daffranchissement\/1395\/","title":{"rendered":"Cadres et espaces dans le monde anglophone. Strat\u00e9gies d&rsquo;appropriation et d&rsquo;affranchissement"},"content":{"rendered":"\n<p><strong>15-16 octobre 2021<\/strong><strong>UR SEARCH 2325, Universit\u00e9 de Strasbourg<\/strong><strong>Invit\u00e9s d&rsquo;honneur&nbsp;: Anne-Laure Amilhat Szary (g\u00e9ographe, Universit\u00e9 Grenoble Alpes) et Paul Duro (historien de l&rsquo;art, University of Rochester)<\/strong>&nbsp;Apr\u00e8s plusieurs colloques et publications sur la fronti\u00e8re, SEARCH&nbsp;(UR2325)&nbsp;poursuit son travail sur l&rsquo;espace et sa d\u00e9limitation en se penchant sur la question du cadre et de ses significations artistiques, litt\u00e9raires, historiques, sociologiques ou g\u00e9ographiques.&nbsp;Nous nous int\u00e9resserons d&rsquo;une part aux op\u00e9rations d&rsquo;isolement et de circonscription d&rsquo;un espace, comme&nbsp;dans l&rsquo;art&nbsp;du paysage, et d&rsquo;autre part \u00e0 la \u00ab&nbsp;production de l&rsquo;espace&nbsp;\u00bb (Lefebvre), sans pour autant n\u00e9cessairement&nbsp;opposer ces deux&nbsp;dimensions&nbsp;l&rsquo;une \u00e0 l&rsquo;autre.&nbsp;L&rsquo;espace sera entendu au sens&nbsp;physique et g\u00e9ographique, mais aussi au sens social (les espaces sociaux et leurs r\u00e8gles) et au sens mat\u00e9riel (le tableau, la page, la sc\u00e8ne, l&rsquo;espace photographique ou cin\u00e9matographique&#8230;). Le concept de cadre permettra d&rsquo;envisager les modalit\u00e9s selon&nbsp;lesquelles&nbsp;on structure ou on d\u00e9structure l&rsquo;espace, en accord avec les normes ou par leur transgression. Ces cadres peuvent&nbsp;\u00eatre mat\u00e9riels, g\u00e9ographiques ou visuels, mais aussi sociaux, id\u00e9ologiques ou \u00e9pist\u00e9mologiques. Ce sont ces cadres eux-m\u00eames, mais aussi la mani\u00e8re dont ils organisent notre exp\u00e9rience (Goffman), la fa\u00e7on dont on les cr\u00e9e ou on cherche \u00e0 les abolir, les modalit\u00e9s selon lesquelles on les subit ou on les impose, qui seront au c\u0153ur de nos interrogations. &nbsp;&nbsp;<strong>D\u00e9limiter<\/strong>La notion de cadre implique une dualit\u00e9 int\u00e9rieur\/ext\u00e9rieur et un rapport d&rsquo;inclusion, qui peut int\u00e9grer une dimension hi\u00e9rarchique. Elle&nbsp;entra\u00eene&nbsp;\u00e9galement&nbsp;la possibilit\u00e9 d&rsquo;une transgression, ainsi qu&rsquo;un&nbsp;certain nombre d&rsquo;interactions entre le dedans et le dehors (Heller-Andrist).&nbsp;On pense \u00e0 des&nbsp;op\u00e9rations fondamentales de d\u00e9limitation de l&rsquo;espace&nbsp;comme&nbsp;l&rsquo;Ordonnance du Nord-Ouest (1787) qui organisa la r\u00e9partition mais aussi l&rsquo;expansion du territoire des \u00c9tats-Unis, ou&nbsp;au quadrillage de Manhattan. Le cadrage g\u00e9ographique correspond ici d\u00e9j\u00e0 \u00e0 un cadrage&nbsp;conceptuel&nbsp;et\/ou id\u00e9ologique, qui peut \u00e9voluer au fil du temps : on n&rsquo;h\u00e9sitera pas ainsi \u00e0 montrer le changement des rep\u00e8res spatiaux&nbsp;li\u00e9&nbsp;par exemple \u00e0 la conqu\u00eate de l&rsquo;Ouest, ou bien encore aux effets du d\u00e9r\u00e8glement climatique.&nbsp;Pour ce qui est des arts et de la litt\u00e9rature, on pourra se pencher sur les cadres qui d\u00e9limitent l&rsquo;\u0153uvre&nbsp;en circonscrivant son espace (cadre du tableau, espace de la page,&nbsp;etc.)&nbsp;ou encore&nbsp;interroger les tentatives de remise en cause du cadre, que ce soit par transgression, dissolution ou extension du cadre,&nbsp;de l&rsquo;anti-art dada\u00efste&nbsp;aux&nbsp;Happenings,&nbsp;ou encore&nbsp;au&nbsp;Land art.&nbsp;<strong>Concevoir<\/strong><\/p>\n\n\n\n<p>La d\u00e9limitation d&rsquo;un espace peut difficilement s&rsquo;envisager sans une forme de conception de cet espace, qu&rsquo;il s&rsquo;agisse d&rsquo;appr\u00e9hender un espace&nbsp;pr\u00e9-existant&nbsp;ou bien de concevoir un nouvel espace (Derrida), comme peut le d\u00e9noter le verbe anglais \u00ab&nbsp;to frame&nbsp;\u00bb. Cette conception peut r\u00e9sulter des rapports de pouvoir,&nbsp;et relever d&rsquo;un mouvement d&rsquo;appropriation ou de confiscation de l&rsquo;espace, comme le montre&nbsp;le d\u00e9coupage de l&rsquo;Afrique entre \u00c9tats coloniaux officialis\u00e9 lors de la conf\u00e9rence de Berlin (1884-5), ainsi que&nbsp;les controverses&nbsp;sur la dimension genr\u00e9e de l&rsquo;am\u00e9nagement urbain ou des cours de r\u00e9cr\u00e9ation.&nbsp;Cela vaut aussi pour les cadres historiographiques en tant qu&rsquo;ils appliquent les r\u00e9gimes spatiaux d&rsquo;une \u00e9poque \u00e0 des \u00e9poques pass\u00e9es.&nbsp;La peinture de paysage ne d\u00e9limite pas un espace tant qu&rsquo;elle le construit. Cette construction constitue le paysage en objet en m\u00eame temps qu&rsquo;elle fait \u00e9merger un sujet qui regarde cet objet. Le cadre, davantage qu&rsquo;une interface, devient ainsi la trace de cette op\u00e9ration de r\u00e9partition. Pour Latour, la dichotomie m\u00eame de nature et culture conduit \u00e0 l&rsquo;\u00e9mergence de la nature en tant qu&rsquo;objet que s&rsquo;approprie et qu&rsquo;exploite le sujet occidental.&nbsp;Ainsi, la notion de cadre&nbsp;peut servir de point de d\u00e9part \u00e0 une r\u00e9flexion sur l&rsquo;espace non pas en tant que donn\u00e9, mais bien plut\u00f4t en tant qu&rsquo;ensemble de relations. La litt\u00e9rature construit elle aussi des espaces par la repr\u00e9sentation, tandis que les formes et genres litt\u00e9raires, comme du reste les \u00ab&nbsp;r\u00e8gles de l&rsquo;art&nbsp;\u00bb, cr\u00e9ent des rapports d&rsquo;inclusion et d&rsquo;exclusion.<strong>Encastrements, superpositions,&nbsp;t\u00e9lescopages<\/strong>Plusieurs ph\u00e9nom\u00e8nes de cadrage peuvent se compl\u00e9ter, se superposer ou entrer en conflit.&nbsp;Dans le tableau, on pourra s&rsquo;int\u00e9resser \u00e0 l&rsquo;image dans l&rsquo;image, aux&nbsp;ph\u00e9nom\u00e8nes de d\u00e9doublement, embo\u00eetement,&nbsp;encastrement&nbsp;etc.&nbsp;(Stoichita), c&rsquo;est-\u00e0-dire d&rsquo;agencement des cadres les uns par rapport aux autres. On portera&nbsp;\u00e9galement&nbsp;une attention toute particuli\u00e8re aux ph\u00e9nom\u00e8nes de transm\u00e9dialit\u00e9 et d&rsquo;interm\u00e9dialit\u00e9, qui sont propices au cadrage \u00ab&nbsp;h\u00e9t\u00e9rom\u00e9dial&nbsp;\u00bb (Wolf &amp;&nbsp;Bernahrt), qu&rsquo;il s&rsquo;agisse&nbsp;de&nbsp;l&rsquo;<em>ekphrasis<\/em>&nbsp;ou de l&rsquo;hypotypose en litt\u00e9rature, de la mise en relation du texte et de l&rsquo;image&nbsp;dans l&rsquo;art de l&#8217;embl\u00e8me, des arts visuels et du&nbsp;<em>performance art<\/em>, de l&rsquo;art et de l&rsquo;intervention politique,&nbsp;ou de la transposition aux m\u00e9dias \u00e9lectroniques de l&rsquo;espace du tableau ou de la page.&nbsp;Il&nbsp;peut&nbsp;s&rsquo;agir aussi,&nbsp;gr\u00e2ce aux&nbsp;ph\u00e9nom\u00e8nes de t\u00e9lescopage des cadres, de mieux comprendre comment ils fonctionnent, s&rsquo;opposent, se renforcent, se transforment et permettent une circulation entre le dedans et le dehors.&nbsp;<\/p>\n\n\n\n<p>Nous encourageons les propositions touchant \u00e0 tous les pays de l&rsquo;aire anglophone, quelle que soit l&rsquo;\u00e9poque abord\u00e9e. Nous envisageons la publication d&rsquo;une s\u00e9lection de travaux issus du colloque.<\/p>\n\n\n\n<p>Les propositions de communication pourront s&rsquo;int\u00e9resser \u00e0&nbsp;:&nbsp;Cadres esth\u00e9tiquesCadres et connaissance&nbsp;Cadres et pouvoirProduction de l&rsquo;espaceEspaces sociaux et leurs r\u00e8glesCadres de la repr\u00e9sentationNormes et transgressions du cadreL&rsquo;\u00e9volution des cadresInterm\u00e9dialit\u00e9\/transm\u00e9dialit\u00e9&nbsp;<br><\/p>\n\n\n\n<p><strong>Les propositions de communications en anglais ou en fran\u00e7ais (300 mots) accompagn\u00e9es d&rsquo;une courte notice biographique sont \u00e0 adresser \u00e0 Pauline Collombier-Lakeman (<a href=\"mailto:collombier@unistra.fr\">collombier@unistra.fr<\/a>) et R\u00e9mi Vuillemin (<a href=\"mailto:vuillem@unistra.fr\">vuillem@unistra.fr<\/a>) avant le 31 mai 2021.&nbsp;<\/strong><\/p>\n\n\n\n<p><strong>Site internet du colloque:&nbsp;<\/strong><a href=\"https:\/\/langues.unistra.fr\/search\/actualites\/actualite\/news\/appel-a-communication-cadres-et-espaces-dans-le-monde-anglophone-strategies-dappropriation-et-d\/\" target=\"_blank\" rel=\"noreferrer noopener\">https:\/\/langues.unistra.fr\/search\/actualites\/actualite\/news\/appel-a-communication-cadres-et-espaces-dans-le-monde-anglophone-strategies-dappropriation-et-d\/<\/a><\/p>\n\n\n\n<p><strong>Comit\u00e9 d&rsquo;organisation<\/strong>\u00a0: Sandrine Baudry, Pauline Collombier-Lakeman, Gwen Cressman, Yves Golder, H\u00e9l\u00e8ne Ibata, Monica Manolescu, M\u00e9lanie Meunier, Fanny Moghaddassi, Ghislain Potriquet, R\u00e9mi Vuillemin.<strong>\u00a0\u00a0\u00a0\u00a0<\/strong><\/p>\n\n\n\n<p><\/p>\n\n\n\n<p><strong>CFP:\u00a0Framing\/unframing spaces in the English-speaking world<\/strong><\/p>\n\n\n\n<p><strong>UR SEARCH 2325, University of Strasbourg<\/strong><\/p>\n\n\n\n<p><strong>\u00a0October 15-16, 2021<\/strong><\/p>\n\n\n\n<p><strong>Keynote speakers: Anne-Laure Amilhat Szary (geographer, University of Grenoble Alpes) and Paul Duro (art historian, University of Rochester)<\/strong><\/p>\n\n\n\n<p>After having organized several conferences and published several collective volumes on borders, the SEARCH research group at the University of Strasbourg pursues its research on space and its organization by addressing the issue of frames and their artistic, literary, historical, sociological and geographic significance.&nbsp;The conference seeks to study operations of isolating and circumscribing space, as is the case in landscape painting, and also the \u00ab\u00a0production of space\u00a0\u00bb (Lefebvre), without setting the two in opposition. Space is understood in a physical and geographical sense, but also in a social sense (social spaces and their rules) and a material one (the canvas, the page, the stage, photographic or cinematic space, for instance). The notion of frame opens up a reflection on the ways in which space is constructed or deconstructed, according to norms or against them. Frames can be material, geographical or visual, but also social, ideological or epistemological. We seek to explore frames, but also the ways in which they organize experience (Goffman), the ways in which we create them or seek to abolish them, the ways in which we experience them or impose them.&nbsp;<strong>Delimiting space<\/strong>&nbsp;Frames imply a duality between inside and outside, and a relationship of inclusion, which is often informed by a hierarchical dimension. They also lead to transgression and interaction between inside and outside (Heller-Andrist). Such was the case in fundamental operations of delimiting space like the Northwest Ordinance (1787), which organized the division and the territorial expansion of the United States, and the Manhattan grid. This geographical framing corresponds to a conceptual and\/or ideological framing, which may evolve over time. From this perspective, it is useful to address the evolution of spatial landmarks related to the Western expansion of the United States, or to the effects of climate change. Regarding the arts and literature, the frames that delimit the work can be studied in terms of how they circumscribe space (as with picture frames or the space of the page, for example). Another possibility is to study the attempts to break the frame, be it through transgression, dissolution or extension, from Dada to Happenings to Land Art. &nbsp;<strong>Conceiving space<\/strong><\/p>\n\n\n\n<p>Delimiting space is inextricably bound with a certain understanding of the latter, be it the apprehension of a pre-existing space or the emergence of a new space (Derrida), as the English verb \u00ab\u00a0to frame\u00a0\u00bb denotes. This conception can be the result of a power struggle or be entangled with attempts to appropriate and confiscate space, as demonstrated by the carving up of Africa at the Berlin conference (1884-5) or the controversies surrounding the gendered dimension of urban planning and schoolyards. This is also true of historiographic frames insofar as they apply the spatial regimes of a given era to a past era. Landscape painting does not delimit a space as much as it constructs one. This construction constitutes a represented object while simultaneously giving rise to a subject observer. Rather than an interface, the frame becomes the mark of this act of separation. For Latour, the dichotomy between nature and culture leads to the emergence of nature as object appropriated and exploited by the Western subject. Thus, the notion of frame can be a starting point for an exploration of space not as a given, but rather as a series of relations. Literature also constructs spaces of representation. Literary forms and genres create relations of inclusion and exclusion, as do all artistic rules.<\/p>\n\n\n\n<p><strong>Embedding, superposing, telescoping spaces<\/strong><\/p>\n\n\n\n<p>Multiple framing phenomena can coexist and complement, superpose, or collide with one another. &nbsp;In a painting,&nbsp;<em>mise en abyme<\/em>&nbsp;and related effects of duplication, embedding and in-building (Stoichita), in other words the relationships among various embedded frames, make apparent the semantic potential of such superimpositions. Phenomena of intermediality and transmediality deserve further scrutiny in this context, since they are particularly suitable for \u00ab\u00a0heteromedial\u00a0\u00bb framing (Wolf &amp;&nbsp;Bernhart), be it ekphrasis or hypotyposis in literature, the relation between text and image in the art of emblems, visual arts and performance art, in political art and action, or the transposition of the canvas\/the page to electronic media. The study of these heteromedial phenomena will allow us to better understand the nature of the varied relationships of opposition, reinforcement and transformation among frames, more specifically how they regulate the circulation between inside and outside.<br>&nbsp;We encourage proposals on all English-speaking countries and all historical periods. We intend to publish a selection of papers in a peer-reviewed publication.&nbsp;&nbsp;<\/p>\n\n\n\n<p><strong>Possible topics:<\/strong>&nbsp;Aesthetic framesFrames and knowledgeFrames and powerProduction of spaceSocial spaces and their rulesFrames of representationNorms and transgressions related to the frameEvolution of framesIntermediality\/transmediality&nbsp;<\/p>\n\n\n\n<p><strong>Conference website:&nbsp;<\/strong><\/p>\n\n\n\n<p><a href=\"https:\/\/langues.unistra.fr\/search\/actualites\/actualite\/news\/appel-a-communication-cadres-et-espaces-dans-le-monde-anglophone-strategies-dappropriation-et-d\/\">https:\/\/langues.unistra.fr\/search\/actualites\/actualite\/news\/appel-a-communication-cadres-et-espaces-dans-le-monde-anglophone-strategies-dappropriation-et-d\/<\/a><\/p>\n\n\n\n<p><strong>Paper proposals in English or French (300 words) accompanied by a short bio should be sent to Pauline Collombier-Lakeman (<a href=\"mailto:collombier@unistra.fr\">collombier@unistra.fr<\/a>) and R\u00e9mi Vuillemin (<a href=\"mailto:vuillem@unistra.fr\">vuillem@unistra.fr<\/a>) by May 31, 2021.<\/strong><\/p>\n\n\n\n<p><strong>Organizing committee<\/strong>: Sandrine Baudry, Pauline Collombier-Lakeman, Gwen Cressman, Yves Golder, H\u00e9l\u00e8ne Ibata, Monica Manolescu, M\u00e9lanie Meunier, Fanny Moghaddassi, Ghislain Potriquet, R\u00e9mi Vuillemin.<\/p>\n","protected":false},"excerpt":{"rendered":"<p>15-16 octobre 2021UR SEARCH 2325, Universit\u00e9 de StrasbourgInvit\u00e9s d&rsquo;honneur&nbsp;: Anne-Laure Amilhat Szary (g\u00e9ographe, Universit\u00e9 Grenoble Alpes) et Paul Duro (historien [&hellip;]<\/p>\n","protected":false},"author":1,"featured_media":0,"comment_status":"closed","ping_status":"open","sticky":false,"template":"","format":"standard","meta":{"_uag_custom_page_level_css":"","site-sidebar-layout":"default","site-content-layout":"default","ast-site-content-layout":"default","site-content-style":"default","site-sidebar-style":"default","ast-global-header-display":"","ast-banner-title-visibility":"","ast-main-header-display":"","ast-hfb-above-header-display":"","ast-hfb-below-header-display":"","ast-hfb-mobile-header-display":"","site-post-title":"","ast-breadcrumbs-content":"","ast-featured-img":"","footer-sml-layout":"","ast-disable-related-posts":"","theme-transparent-header-meta":"default","adv-header-id-meta":"","stick-header-meta":"","header-above-stick-meta":"","header-main-stick-meta":"","header-below-stick-meta":"","astra-migrate-meta-layouts":"default","ast-page-background-enabled":"default","ast-page-background-meta":{"desktop":{"background-color":"var(--ast-global-color-5)","background-image":"","background-repeat":"repeat","background-position":"center center","background-size":"auto","background-attachment":"scroll","background-type":"","background-media":"","overlay-type":"","overlay-color":"","overlay-opacity":"","overlay-gradient":""},"tablet":{"background-color":"","background-image":"","background-repeat":"repeat","background-position":"center center","background-size":"auto","background-attachment":"scroll","background-type":"","background-media":"","overlay-type":"","overlay-color":"","overlay-opacity":"","overlay-gradient":""},"mobile":{"background-color":"","background-image":"","background-repeat":"repeat","background-position":"center center","background-size":"auto","background-attachment":"scroll","background-type":"","background-media":"","overlay-type":"","overlay-color":"","overlay-opacity":"","overlay-gradient":""}},"ast-content-background-meta":{"desktop":{"background-color":"var(--ast-global-color-4)","background-image":"","background-repeat":"repeat","background-position":"center center","background-size":"auto","background-attachment":"scroll","background-type":"","background-media":"","overlay-type":"","overlay-color":"","overlay-opacity":"","overlay-gradient":""},"tablet":{"background-color":"var(--ast-global-color-4)","background-image":"","background-repeat":"repeat","background-position":"center center","background-size":"auto","background-attachment":"scroll","background-type":"","background-media":"","overlay-type":"","overlay-color":"","overlay-opacity":"","overlay-gradient":""},"mobile":{"background-color":"var(--ast-global-color-4)","background-image":"","background-repeat":"repeat","background-position":"center center","background-size":"auto","background-attachment":"scroll","background-type":"","background-media":"","overlay-type":"","overlay-color":"","overlay-opacity":"","overlay-gradient":""}},"_jetpack_memberships_contains_paid_content":false,"footnotes":""},"categories":[99],"tags":[109,111,110],"class_list":["post-1395","post","type-post","status-publish","format-standard","hentry","category-cfp","tag-frame","tag-painting","tag-space"],"jetpack_featured_media_url":"","uagb_featured_image_src":{"full":false,"thumbnail":false,"medium":false,"medium_large":false,"large":false,"1536x1536":false,"2048x2048":false},"uagb_author_info":{"display_name":"Admin","author_link":"https:\/\/afea.fr\/news\/author\/yanb\/"},"uagb_comment_info":0,"uagb_excerpt":"15-16 octobre 2021UR SEARCH 2325, Universit\u00e9 de StrasbourgInvit\u00e9s d&rsquo;honneur&nbsp;: Anne-Laure Amilhat Szary (g\u00e9ographe, Universit\u00e9 Grenoble Alpes) et Paul Duro (historien [&hellip;]","jetpack_sharing_enabled":true,"_links":{"self":[{"href":"https:\/\/afea.fr\/news\/wp-json\/wp\/v2\/posts\/1395"}],"collection":[{"href":"https:\/\/afea.fr\/news\/wp-json\/wp\/v2\/posts"}],"about":[{"href":"https:\/\/afea.fr\/news\/wp-json\/wp\/v2\/types\/post"}],"author":[{"embeddable":true,"href":"https:\/\/afea.fr\/news\/wp-json\/wp\/v2\/users\/1"}],"replies":[{"embeddable":true,"href":"https:\/\/afea.fr\/news\/wp-json\/wp\/v2\/comments?post=1395"}],"version-history":[{"count":1,"href":"https:\/\/afea.fr\/news\/wp-json\/wp\/v2\/posts\/1395\/revisions"}],"predecessor-version":[{"id":1396,"href":"https:\/\/afea.fr\/news\/wp-json\/wp\/v2\/posts\/1395\/revisions\/1396"}],"wp:attachment":[{"href":"https:\/\/afea.fr\/news\/wp-json\/wp\/v2\/media?parent=1395"}],"wp:term":[{"taxonomy":"category","embeddable":true,"href":"https:\/\/afea.fr\/news\/wp-json\/wp\/v2\/categories?post=1395"},{"taxonomy":"post_tag","embeddable":true,"href":"https:\/\/afea.fr\/news\/wp-json\/wp\/v2\/tags?post=1395"}],"curies":[{"name":"wp","href":"https:\/\/api.w.org\/{rel}","templated":true}]}}